{"id":169314,"date":"2022-11-13T15:20:47","date_gmt":"2022-11-13T14:20:47","guid":{"rendered":"https:\/\/www.andreas-edler.de\/blog\/?p=169314"},"modified":"2022-11-13T15:20:47","modified_gmt":"2022-11-13T14:20:47","slug":"ethernet-im-wintergarten","status":"publish","type":"post","link":"https:\/\/www.andreas-edler.de\/blog\/2022\/11\/ethernet-im-wintergarten\/","title":{"rendered":"Ethernet im Wintergarten"},"content":{"rendered":"<p>Im WIntergarten steht ein alter, von meinem Onkel ausrangierter Fernseher. Daran ein FireTV-Stick. Ton kommt \u00fcber 50 Jahre alte Telefunken-Boxen von meinem Vater und die Signale werden von einem <a href=\"https:\/\/www.andreas-edler.de\/blog\/2014\/04\/yamaha-ax570\/\">Yamaha AX 570<\/a> zugespielt. Der erste Verst\u00e4rker, den ich mir vom eigenen Geld neu gekauft habe. Ich m\u00f6chte dort nun Filme gucken. Der WLAN-Empfang ist doof. Powerline funktioniert auch nicht. WLAN habe ich schon viel versucht. Irgendwie klappt es an der Stelle nicht. Vielleicht ist aber auch der Stick etwas angeschlagen. Ich habe jedenfalls im Carport\/Ger\u00e4teschuppen eine Ubiquity NanoStation, die in Richtung Garten strahlt. Das klappt f\u00fcr den <a href=\"https:\/\/www.andreas-edler.de\/blog\/2019\/08\/rasenmaeherroboter-mit-wlan\/\">Rasenm\u00e4herroboter<\/a> oder im Dachzelt ganz gut, aber der keine 10 Meter entfernte FireTV-Stick mag das Ding nicht. Vielleicht \u00fcberschneiden sich genau da die ganzen APs hier im Haus zu doll. Nativ hat der Amazon Stick keine Ethernetbuchse, gibt es aber zum Nachr\u00fcsten. Das Ding liegt bereits einige Zeit hier rum neben rund 30 Meter Cat6-Flachkabel.<\/p>\n<p>Kann mich aber nicht aufraffen ein kleines Loch zu bohren und das Kabel zu verlegen. Kann mich auch nicht aufraffen, das Licht an meinem Ersatzrad umzubauen. Oder einen Blogbeitrag zum Ignorieren von Lichtzeichenanlagen durch Autofahrende zu schreiben. <\/p>\n<figure id=\"attachment_169315\" aria-describedby=\"caption-attachment-169315\" style=\"width: 470px\" class=\"wp-caption aligncenter\"><a href=\"https:\/\/www.andreas-edler.de\/blog\/wp-content\/uploads\/2022\/11\/2022-11-13-14.18.56.jpg\"><img loading=\"lazy\" decoding=\"async\" src=\"https:\/\/www.andreas-edler.de\/blog\/wp-content\/uploads\/2022\/11\/2022-11-13-14.18.56-470x268.jpg\" alt=\"\" width=\"470\" height=\"268\" class=\"size-large wp-image-169315\" srcset=\"https:\/\/www.andreas-edler.de\/blog\/wp-content\/uploads\/2022\/11\/2022-11-13-14.18.56-470x268.jpg 470w, https:\/\/www.andreas-edler.de\/blog\/wp-content\/uploads\/2022\/11\/2022-11-13-14.18.56-250x142.jpg 250w, https:\/\/www.andreas-edler.de\/blog\/wp-content\/uploads\/2022\/11\/2022-11-13-14.18.56-768x437.jpg 768w, https:\/\/www.andreas-edler.de\/blog\/wp-content\/uploads\/2022\/11\/2022-11-13-14.18.56-100x57.jpg 100w, https:\/\/www.andreas-edler.de\/blog\/wp-content\/uploads\/2022\/11\/2022-11-13-14.18.56-150x85.jpg 150w, https:\/\/www.andreas-edler.de\/blog\/wp-content\/uploads\/2022\/11\/2022-11-13-14.18.56-200x114.jpg 200w, https:\/\/www.andreas-edler.de\/blog\/wp-content\/uploads\/2022\/11\/2022-11-13-14.18.56-300x171.jpg 300w, https:\/\/www.andreas-edler.de\/blog\/wp-content\/uploads\/2022\/11\/2022-11-13-14.18.56-450x256.jpg 450w, https:\/\/www.andreas-edler.de\/blog\/wp-content\/uploads\/2022\/11\/2022-11-13-14.18.56-600x342.jpg 600w, https:\/\/www.andreas-edler.de\/blog\/wp-content\/uploads\/2022\/11\/2022-11-13-14.18.56-900x513.jpg 900w, https:\/\/www.andreas-edler.de\/blog\/wp-content\/uploads\/2022\/11\/2022-11-13-14.18.56.jpg 1280w\" sizes=\"auto, (max-width: 470px) 100vw, 470px\" \/><\/a><figcaption id=\"caption-attachment-169315\" class=\"wp-caption-text\">Live-TV \u00fcber Netzwerk streamen klapp!<\/figcaption><\/figure>\n<p>Bin dann ein paar Mal die Treppe vom Keller hoch in den Wintergarten und zur\u00fcck gegangen und f\u00fchlte mich dr\u00f6mmelig. Dann doch die Metabo geschnappt und ein Loch in die Wand vom Wintergarten gebohrt. Das bereit liegende Cat6-Kabel aus dem Kellerschacht raus und unter der <a href=\"https:\/\/www.andreas-edler.de\/blog\/holzterrasse\/\" target=\"_new\" rel=\"noopener\">Holzterrasse<\/a> durchgezogen. Versucht durch das kleine Loch in den Wintergarten zu pfriemeln, mit dem Forstnerbohrer das Loch vergr\u00f6\u00dfert, wieder gepfriemelt, am Stecker die Clipsicherung entfernt und dann endlich im Wintergarten in die dort verlegten Kabelkan\u00e4le gestopft &#8230; 4 Meter zu kurz!<\/p>\n<p>\u00c4u\u00dferlich bin ich ganz ruhig. Innen drin ist aber ramba-zamba!<\/p>\n<p>M\u00f6glicherweise war das Kabel keine 30 Meter lang, sondern nur 10 :-( Ich dachte, ich h\u00e4tte zwei so lange Kabel gekauft. Eins f\u00fcr den Carport\/Ger\u00e4teschuppen (welches damals auch gereicht hat) und das, was hier noch rumlag. Verdammt! Ein Kupplungsadapter lag in der W\u00fchlkiste. Mal schauen, ob ich ein normal dickes Ethernetkabel in den Mini-Kabelkanal neben das Stromkabel gequetscht bekomme.<\/p>\n<figure id=\"attachment_169316\" aria-describedby=\"caption-attachment-169316\" style=\"width: 470px\" class=\"wp-caption aligncenter\"><a href=\"https:\/\/www.andreas-edler.de\/blog\/wp-content\/uploads\/2022\/11\/2022-11-13-14.19.51.jpg\"><img loading=\"lazy\" decoding=\"async\" src=\"https:\/\/www.andreas-edler.de\/blog\/wp-content\/uploads\/2022\/11\/2022-11-13-14.19.51-470x196.jpg\" alt=\"\" width=\"470\" height=\"196\" class=\"size-large wp-image-169316\" srcset=\"https:\/\/www.andreas-edler.de\/blog\/wp-content\/uploads\/2022\/11\/2022-11-13-14.19.51-470x196.jpg 470w, https:\/\/www.andreas-edler.de\/blog\/wp-content\/uploads\/2022\/11\/2022-11-13-14.19.51-250x104.jpg 250w, https:\/\/www.andreas-edler.de\/blog\/wp-content\/uploads\/2022\/11\/2022-11-13-14.19.51-768x320.jpg 768w, https:\/\/www.andreas-edler.de\/blog\/wp-content\/uploads\/2022\/11\/2022-11-13-14.19.51-100x42.jpg 100w, https:\/\/www.andreas-edler.de\/blog\/wp-content\/uploads\/2022\/11\/2022-11-13-14.19.51-150x62.jpg 150w, https:\/\/www.andreas-edler.de\/blog\/wp-content\/uploads\/2022\/11\/2022-11-13-14.19.51-200x83.jpg 200w, https:\/\/www.andreas-edler.de\/blog\/wp-content\/uploads\/2022\/11\/2022-11-13-14.19.51-300x125.jpg 300w, https:\/\/www.andreas-edler.de\/blog\/wp-content\/uploads\/2022\/11\/2022-11-13-14.19.51-450x187.jpg 450w, https:\/\/www.andreas-edler.de\/blog\/wp-content\/uploads\/2022\/11\/2022-11-13-14.19.51-600x250.jpg 600w, https:\/\/www.andreas-edler.de\/blog\/wp-content\/uploads\/2022\/11\/2022-11-13-14.19.51-900x375.jpg 900w, https:\/\/www.andreas-edler.de\/blog\/wp-content\/uploads\/2022\/11\/2022-11-13-14.19.51.jpg 1280w\" sizes=\"auto, (max-width: 470px) 100vw, 470px\" \/><\/a><figcaption id=\"caption-attachment-169316\" class=\"wp-caption-text\">Leider sieht man doch ein wenig von der Kabelstrecke.<\/figcaption><\/figure>\n<p>Die kleine Br\u00fccke wollte ich eigentlich vermeiden. Aber nun klappt auch Live-TV in HD im Wintergarten. Kann ich mich hierhin zur\u00fcck ziehen, falls das Wohnzimmer belegt ist! Wie immer dauerte es nicht so lange wie erwartet. Man muss nur einfach mal anfangen.<\/p>\n","protected":false},"excerpt":{"rendered":"<p>Im WIntergarten steht ein alter, von meinem Onkel ausrangierter Fernseher. Daran ein FireTV-Stick. Ton kommt \u00fcber 50 Jahre alte Telefunken-Boxen von meinem Vater und die Signale werden von einem Yamaha AX 570 zugespielt. Der erste Verst\u00e4rker, den ich mir vom &hellip;<\/p>\n<p class=\"read-more\"> <a class=\"more-link\" href=\"https:\/\/www.andreas-edler.de\/blog\/2022\/11\/ethernet-im-wintergarten\/\"> <span class=\"screen-reader-text\">Ethernet im Wintergarten<\/span> Weiterlesen &raquo;<\/a><\/p>\n","protected":false},"author":1,"featured_media":0,"comment_status":"open","ping_status":"open","sticky":false,"template":"","format":"standard","meta":{"ngg_post_thumbnail":0,"activitypub_content_warning":"","activitypub_content_visibility":"","activitypub_max_image_attachments":2,"activitypub_interaction_policy_quote":"anyone","activitypub_status":"","footnotes":""},"categories":[22],"tags":[416,12,49,38,145,64,46,194],"class_list":["post-169314","post","type-post","status-publish","format-standard","hentry","category-basteln","tag-amazon-firetv","tag-fernsehen","tag-hardware","tag-haus","tag-internet","tag-konsum","tag-technik","tag-wintergarten"],"share_on_mastodon":{"url":"","error":""},"_links":{"self":[{"href":"https:\/\/www.andreas-edler.de\/blog\/wp-json\/wp\/v2\/posts\/169314","targetHints":{"allow":["GET"]}}],"collection":[{"href":"https:\/\/www.andreas-edler.de\/blog\/wp-json\/wp\/v2\/posts"}],"about":[{"href":"https:\/\/www.andreas-edler.de\/blog\/wp-json\/wp\/v2\/types\/post"}],"author":[{"embeddable":true,"href":"https:\/\/www.andreas-edler.de\/blog\/wp-json\/wp\/v2\/users\/1"}],"replies":[{"embeddable":true,"href":"https:\/\/www.andreas-edler.de\/blog\/wp-json\/wp\/v2\/comments?post=169314"}],"version-history":[{"count":0,"href":"https:\/\/www.andreas-edler.de\/blog\/wp-json\/wp\/v2\/posts\/169314\/revisions"}],"wp:attachment":[{"href":"https:\/\/www.andreas-edler.de\/blog\/wp-json\/wp\/v2\/media?parent=169314"}],"wp:term":[{"taxonomy":"category","embeddable":true,"href":"https:\/\/www.andreas-edler.de\/blog\/wp-json\/wp\/v2\/categories?post=169314"},{"taxonomy":"post_tag","embeddable":true,"href":"https:\/\/www.andreas-edler.de\/blog\/wp-json\/wp\/v2\/tags?post=169314"}],"curies":[{"name":"wp","href":"https:\/\/api.w.org\/{rel}","templated":true}]}}