{"id":169286,"date":"2022-10-31T20:28:31","date_gmt":"2022-10-31T19:28:31","guid":{"rendered":"https:\/\/www.andreas-edler.de\/blog\/?p=169286"},"modified":"2022-10-31T20:28:31","modified_gmt":"2022-10-31T19:28:31","slug":"verkehrsmittel-und-wetterlage-im-oktober-2022","status":"publish","type":"post","link":"https:\/\/www.andreas-edler.de\/blog\/2022\/10\/verkehrsmittel-und-wetterlage-im-oktober-2022\/","title":{"rendered":"Verkehrsmittel und Wetterlage im Oktober 2022"},"content":{"rendered":"<p><figure id=\"attachment_169287\" aria-describedby=\"caption-attachment-169287\" style=\"width: 250px\" class=\"wp-caption alignright\"><a href=\"https:\/\/www.andreas-edler.de\/blog\/wp-content\/uploads\/2022\/10\/2022-10-31-statistik.png\"><img loading=\"lazy\" decoding=\"async\" src=\"https:\/\/www.andreas-edler.de\/blog\/wp-content\/uploads\/2022\/10\/2022-10-31-statistik-250x106.png\" alt=\"\" width=\"250\" height=\"106\" class=\"size-medium wp-image-169287\" srcset=\"https:\/\/www.andreas-edler.de\/blog\/wp-content\/uploads\/2022\/10\/2022-10-31-statistik-250x106.png 250w, https:\/\/www.andreas-edler.de\/blog\/wp-content\/uploads\/2022\/10\/2022-10-31-statistik-470x200.png 470w, https:\/\/www.andreas-edler.de\/blog\/wp-content\/uploads\/2022\/10\/2022-10-31-statistik-768x327.png 768w, https:\/\/www.andreas-edler.de\/blog\/wp-content\/uploads\/2022\/10\/2022-10-31-statistik-100x43.png 100w, https:\/\/www.andreas-edler.de\/blog\/wp-content\/uploads\/2022\/10\/2022-10-31-statistik-150x64.png 150w, https:\/\/www.andreas-edler.de\/blog\/wp-content\/uploads\/2022\/10\/2022-10-31-statistik-200x85.png 200w, https:\/\/www.andreas-edler.de\/blog\/wp-content\/uploads\/2022\/10\/2022-10-31-statistik-300x128.png 300w, https:\/\/www.andreas-edler.de\/blog\/wp-content\/uploads\/2022\/10\/2022-10-31-statistik-450x192.png 450w, https:\/\/www.andreas-edler.de\/blog\/wp-content\/uploads\/2022\/10\/2022-10-31-statistik-600x255.png 600w, https:\/\/www.andreas-edler.de\/blog\/wp-content\/uploads\/2022\/10\/2022-10-31-statistik.png 883w\" sizes=\"auto, (max-width: 250px) 100vw, 250px\" \/><\/a><figcaption id=\"caption-attachment-169287\" class=\"wp-caption-text\">Die Zahlen von Januar bis Oktober 2022<\/figcaption><\/figure> Da mache ich doch den September und Oktober in einem Rutsch! Auch in diesem Monat war das Wetter \u00fcberhaupt nicht nach Autofahren. Der Oktober ist deutlich zu warm und ich bin mit der Wahl meiner Kleidung mitunter ungl\u00fccklich gewesen. Morgens noch frisch, wenn ich vor die Haust\u00fcr trat, war es nach einem Kilometer im Sattel viel zu warm! Nur mit Regen-\/Windjacke etwas zu k\u00fchl, mit B\u00fcrohemd und d\u00fcnner Sportjacke unter der Regenjack fange ich an zu schwitzen. Vielleicht die Softshelljacke anziehen und f\u00fcr das ungeheizte B\u00fcro eine d\u00fcnne Strickjacke in die Tasche packen?<\/p>\n<p>Es ist jedenfalls sehr gut auszuhalten auf dem Fahrrad!<\/p>\n<figure id=\"attachment_169288\" aria-describedby=\"caption-attachment-169288\" style=\"width: 470px\" class=\"wp-caption aligncenter\"><a href=\"https:\/\/www.andreas-edler.de\/blog\/wp-content\/uploads\/2022\/10\/2022-10-31-wetterlage.png\"><img loading=\"lazy\" decoding=\"async\" src=\"https:\/\/www.andreas-edler.de\/blog\/wp-content\/uploads\/2022\/10\/2022-10-31-wetterlage-470x227.png\" alt=\"\" width=\"470\" height=\"227\" class=\"size-large wp-image-169288\" srcset=\"https:\/\/www.andreas-edler.de\/blog\/wp-content\/uploads\/2022\/10\/2022-10-31-wetterlage-470x227.png 470w, https:\/\/www.andreas-edler.de\/blog\/wp-content\/uploads\/2022\/10\/2022-10-31-wetterlage-250x120.png 250w, https:\/\/www.andreas-edler.de\/blog\/wp-content\/uploads\/2022\/10\/2022-10-31-wetterlage-100x48.png 100w, https:\/\/www.andreas-edler.de\/blog\/wp-content\/uploads\/2022\/10\/2022-10-31-wetterlage-150x72.png 150w, https:\/\/www.andreas-edler.de\/blog\/wp-content\/uploads\/2022\/10\/2022-10-31-wetterlage-200x96.png 200w, https:\/\/www.andreas-edler.de\/blog\/wp-content\/uploads\/2022\/10\/2022-10-31-wetterlage-300x145.png 300w, https:\/\/www.andreas-edler.de\/blog\/wp-content\/uploads\/2022\/10\/2022-10-31-wetterlage-450x217.png 450w, https:\/\/www.andreas-edler.de\/blog\/wp-content\/uploads\/2022\/10\/2022-10-31-wetterlage-600x289.png 600w, https:\/\/www.andreas-edler.de\/blog\/wp-content\/uploads\/2022\/10\/2022-10-31-wetterlage.png 666w\" sizes=\"auto, (max-width: 470px) 100vw, 470px\" \/><\/a><figcaption id=\"caption-attachment-169288\" class=\"wp-caption-text\">Das Wetter von Januar bis Oktober 2022<\/figcaption><\/figure>\n<p>Jippieh! Im Oktober hat es an ein paar Tagen w\u00e4hrend der Fahrten etwas genieselt. Einmal war sogar sowas wie Regen, so dass ich feuchte Oberschenkel hatte. Allerdings nie so stark, dass ich auf den Gedanken gekommen w\u00e4re, die Rainlegs anzulegen. So gab es auch im Oktober keinen Tag, an dem ich ausschlie\u00dflich mit dem Auto ins B\u00fcro gefahren w\u00e4re. &#8222;Ausschlie\u00dflich&#8220;, weil ich an einem Tag erst mit dem Rad gefahren bin, dies aber im Laufe des Vormittags gegen das Auto tauschte, weil ich in die Nachbarstadt musste. Habe ich ja schon des\u00f6fteren erw\u00e4hnt, dass ich solche &#8211; sehr seltenen Tage &#8211; dann zu &#8222;mit dem Rad zur Arbeit&#8220; z\u00e4hle.<\/p>\n<figure id=\"attachment_169289\" aria-describedby=\"caption-attachment-169289\" style=\"width: 470px\" class=\"wp-caption aligncenter\"><a href=\"https:\/\/www.andreas-edler.de\/blog\/wp-content\/uploads\/2022\/10\/2022-10-31-verkehrsmittel.png\"><img loading=\"lazy\" decoding=\"async\" src=\"https:\/\/www.andreas-edler.de\/blog\/wp-content\/uploads\/2022\/10\/2022-10-31-verkehrsmittel-470x303.png\" alt=\"\" width=\"470\" height=\"303\" class=\"size-large wp-image-169289\" srcset=\"https:\/\/www.andreas-edler.de\/blog\/wp-content\/uploads\/2022\/10\/2022-10-31-verkehrsmittel-470x303.png 470w, https:\/\/www.andreas-edler.de\/blog\/wp-content\/uploads\/2022\/10\/2022-10-31-verkehrsmittel-250x161.png 250w, https:\/\/www.andreas-edler.de\/blog\/wp-content\/uploads\/2022\/10\/2022-10-31-verkehrsmittel-100x65.png 100w, https:\/\/www.andreas-edler.de\/blog\/wp-content\/uploads\/2022\/10\/2022-10-31-verkehrsmittel-150x97.png 150w, https:\/\/www.andreas-edler.de\/blog\/wp-content\/uploads\/2022\/10\/2022-10-31-verkehrsmittel-200x129.png 200w, https:\/\/www.andreas-edler.de\/blog\/wp-content\/uploads\/2022\/10\/2022-10-31-verkehrsmittel-300x194.png 300w, https:\/\/www.andreas-edler.de\/blog\/wp-content\/uploads\/2022\/10\/2022-10-31-verkehrsmittel-450x291.png 450w, https:\/\/www.andreas-edler.de\/blog\/wp-content\/uploads\/2022\/10\/2022-10-31-verkehrsmittel-600x387.png 600w, https:\/\/www.andreas-edler.de\/blog\/wp-content\/uploads\/2022\/10\/2022-10-31-verkehrsmittel.png 666w\" sizes=\"auto, (max-width: 470px) 100vw, 470px\" \/><\/a><figcaption id=\"caption-attachment-169289\" class=\"wp-caption-text\">Die Verkehrsmittel von Januar bis Oktober 2022<\/figcaption><\/figure>\n<p>Darum ist auch kein weiteres Kreuz bei &#8222;Auto&#8220; in der Statistik dazu gekommen. Noch aus einem anderen Grund bemerkenswert, denn irgendwann als der Oktober mehr als die H\u00e4lfte rum war, habe ich mich mal um den &#8222;knartschenden Sattel&#8220; gek\u00fcmmert, der sich als ein fast ganz um das Sattelrohr verlaufender Riss der Schwei\u00dfnaht am Rahmen entpuppte. Da ist der Rahmen wohl Kernschrott und das Bergamont ist nach zehn Jahren auf dem Weg ins Nirvana. Daher musste in den letzten beiden Wochen mein altes Scott Purgatory aus 1998 herhalten.<\/p>\n<figure id=\"attachment_169290\" aria-describedby=\"caption-attachment-169290\" style=\"width: 470px\" class=\"wp-caption aligncenter\"><a href=\"https:\/\/www.andreas-edler.de\/blog\/wp-content\/uploads\/2022\/10\/2022-10-31-wegstrecke.png\"><img loading=\"lazy\" decoding=\"async\" src=\"https:\/\/www.andreas-edler.de\/blog\/wp-content\/uploads\/2022\/10\/2022-10-31-wegstrecke-470x300.png\" alt=\"\" width=\"470\" height=\"300\" class=\"size-large wp-image-169290\" srcset=\"https:\/\/www.andreas-edler.de\/blog\/wp-content\/uploads\/2022\/10\/2022-10-31-wegstrecke-470x300.png 470w, https:\/\/www.andreas-edler.de\/blog\/wp-content\/uploads\/2022\/10\/2022-10-31-wegstrecke-250x160.png 250w, https:\/\/www.andreas-edler.de\/blog\/wp-content\/uploads\/2022\/10\/2022-10-31-wegstrecke-100x64.png 100w, https:\/\/www.andreas-edler.de\/blog\/wp-content\/uploads\/2022\/10\/2022-10-31-wegstrecke-150x96.png 150w, https:\/\/www.andreas-edler.de\/blog\/wp-content\/uploads\/2022\/10\/2022-10-31-wegstrecke-200x128.png 200w, https:\/\/www.andreas-edler.de\/blog\/wp-content\/uploads\/2022\/10\/2022-10-31-wegstrecke-300x192.png 300w, https:\/\/www.andreas-edler.de\/blog\/wp-content\/uploads\/2022\/10\/2022-10-31-wegstrecke-450x287.png 450w, https:\/\/www.andreas-edler.de\/blog\/wp-content\/uploads\/2022\/10\/2022-10-31-wegstrecke-600x383.png 600w, https:\/\/www.andreas-edler.de\/blog\/wp-content\/uploads\/2022\/10\/2022-10-31-wegstrecke.png 667w\" sizes=\"auto, (max-width: 470px) 100vw, 470px\" \/><\/a><figcaption id=\"caption-attachment-169290\" class=\"wp-caption-text\">Die gefahrenen Kilometer von Januar bis Oktober 2022<\/figcaption><\/figure>\n<p>Und wieder ist das Tortenst\u00fcck mit der fossilen Energie kleiner geworden. Im Oktober sind es insgesamt 155 Kilometer im Sattel auf dem Weg zur Arbeit und zur\u00fcck nach Hause geworden. Trotz leichtem Niesel an wenigen Tagen und immer noch vielen Sperrungen der Stra\u00dfen im Stadtgebiet. Leider ist es der Verwaltung nicht in jedem Sperrungsfall gelungen, auch an den Radverkehr zu denken. Der Aussage auf eine entsprechende Anfrage &#8222;Da m\u00fcssen wir noch besser werden!&#8220; kann ich nur zustimmen.<\/p>\n","protected":false},"excerpt":{"rendered":"<p>Da mache ich doch den September und Oktober in einem Rutsch! Auch in diesem Monat war das Wetter \u00fcberhaupt nicht nach Autofahren. Der Oktober ist deutlich zu warm und ich bin mit der Wahl meiner Kleidung mitunter ungl\u00fccklich gewesen. Morgens &hellip;<\/p>\n<p class=\"read-more\"> <a class=\"more-link\" href=\"https:\/\/www.andreas-edler.de\/blog\/2022\/10\/verkehrsmittel-und-wetterlage-im-oktober-2022\/\"> <span class=\"screen-reader-text\">Verkehrsmittel und Wetterlage im Oktober 2022<\/span> Weiterlesen &raquo;<\/a><\/p>\n","protected":false},"author":1,"featured_media":0,"comment_status":"open","ping_status":"open","sticky":false,"template":"","format":"standard","meta":{"ngg_post_thumbnail":0,"activitypub_content_warning":"","activitypub_content_visibility":"","activitypub_max_image_attachments":2,"activitypub_interaction_policy_quote":"anyone","activitypub_status":"","footnotes":""},"categories":[14,15,13],"tags":[549,110,412,158,244,53],"class_list":["post-169286","post","type-post","status-publish","format-standard","hentry","category-bad-oeynhausen","category-fahrrad","category-verkehr","tag-beschilderung","tag-fahrradfreundliche-stadt","tag-mdrza","tag-mit-dem-rad-zur-arbeit","tag-verkehrsmittel-und-wetterlage","tag-wetter"],"share_on_mastodon":{"url":"","error":""},"_links":{"self":[{"href":"https:\/\/www.andreas-edler.de\/blog\/wp-json\/wp\/v2\/posts\/169286","targetHints":{"allow":["GET"]}}],"collection":[{"href":"https:\/\/www.andreas-edler.de\/blog\/wp-json\/wp\/v2\/posts"}],"about":[{"href":"https:\/\/www.andreas-edler.de\/blog\/wp-json\/wp\/v2\/types\/post"}],"author":[{"embeddable":true,"href":"https:\/\/www.andreas-edler.de\/blog\/wp-json\/wp\/v2\/users\/1"}],"replies":[{"embeddable":true,"href":"https:\/\/www.andreas-edler.de\/blog\/wp-json\/wp\/v2\/comments?post=169286"}],"version-history":[{"count":0,"href":"https:\/\/www.andreas-edler.de\/blog\/wp-json\/wp\/v2\/posts\/169286\/revisions"}],"wp:attachment":[{"href":"https:\/\/www.andreas-edler.de\/blog\/wp-json\/wp\/v2\/media?parent=169286"}],"wp:term":[{"taxonomy":"category","embeddable":true,"href":"https:\/\/www.andreas-edler.de\/blog\/wp-json\/wp\/v2\/categories?post=169286"},{"taxonomy":"post_tag","embeddable":true,"href":"https:\/\/www.andreas-edler.de\/blog\/wp-json\/wp\/v2\/tags?post=169286"}],"curies":[{"name":"wp","href":"https:\/\/api.w.org\/{rel}","templated":true}]}}