{"id":169252,"date":"2022-10-22T18:11:00","date_gmt":"2022-10-22T16:11:00","guid":{"rendered":"https:\/\/www.andreas-edler.de\/blog\/?p=169252"},"modified":"2022-10-22T18:11:00","modified_gmt":"2022-10-22T16:11:00","slug":"zweiter-besuch-des-recyclinghof-in-1-1-2-wochen","status":"publish","type":"post","link":"https:\/\/www.andreas-edler.de\/blog\/2022\/10\/zweiter-besuch-des-recyclinghof-in-1-1-2-wochen\/","title":{"rendered":"Zweiter Besuch des Recyclinghof in 1 1\/2 Wochen"},"content":{"rendered":"<p>Schei\u00dfe geschlafen, weil der Kopf hinter dem Auge gestochen hat. War am Morgen auch nicht besser. Aber wir hatten vor, die B\u00fcsche und Hecken vor dem Winter etwas zu stutzen. Habe zwar so lange im Bett gelegen, wie es eben ging, aber wir m\u00fcssen ja auch mal anfangen. Haben dann den gro\u00dfen Nachwuchs geschickt den Anh\u00e4nger aus dem Unterstand bei Oma zu holen und sind schon mal angefangen, den Astschneider mit den langen Armen zu schwingen.<\/p>\n<p>Die beiden Haselnuss&#8220;b\u00fcsche&#8220; habe ich wieder nur bis auf die dicksten St\u00e4mme in der Mitte ausged\u00fcnnt. Etliche dicke \u00c4ste Kirchschlorbeer mussten dran glauben. Der war an der <a href=\"https:\/\/www.andreas-edler.de\/blog\/holzterrasse\/\" rel=\"noopener\" target=\"_blank\">Holzterrasse<\/a> inzwischen so hoch, dass wir schon Schwierigkeiten mit dem <a href=\"https:\/\/www.andreas-edler.de\/blog\/2006\/08\/holzterrasse-sonnensegel\/\" rel=\"noopener\" target=\"_blank\">Sonnensegel<\/a> bekommen haben.<\/p>\n<figure id=\"attachment_169256\" aria-describedby=\"caption-attachment-169256\" style=\"width: 470px\" class=\"wp-caption aligncenter\"><a href=\"https:\/\/www.andreas-edler.de\/blog\/wp-content\/uploads\/2022\/10\/2022-10-22-11.56.19.jpg\"><img loading=\"lazy\" decoding=\"async\" src=\"https:\/\/www.andreas-edler.de\/blog\/wp-content\/uploads\/2022\/10\/2022-10-22-11.56.19-470x306.jpg\" alt=\"\" width=\"470\" height=\"306\" class=\"size-large wp-image-169256\" srcset=\"https:\/\/www.andreas-edler.de\/blog\/wp-content\/uploads\/2022\/10\/2022-10-22-11.56.19-470x306.jpg 470w, https:\/\/www.andreas-edler.de\/blog\/wp-content\/uploads\/2022\/10\/2022-10-22-11.56.19-250x163.jpg 250w, https:\/\/www.andreas-edler.de\/blog\/wp-content\/uploads\/2022\/10\/2022-10-22-11.56.19-768x500.jpg 768w, https:\/\/www.andreas-edler.de\/blog\/wp-content\/uploads\/2022\/10\/2022-10-22-11.56.19-100x65.jpg 100w, https:\/\/www.andreas-edler.de\/blog\/wp-content\/uploads\/2022\/10\/2022-10-22-11.56.19-150x98.jpg 150w, https:\/\/www.andreas-edler.de\/blog\/wp-content\/uploads\/2022\/10\/2022-10-22-11.56.19-200x130.jpg 200w, https:\/\/www.andreas-edler.de\/blog\/wp-content\/uploads\/2022\/10\/2022-10-22-11.56.19-300x195.jpg 300w, https:\/\/www.andreas-edler.de\/blog\/wp-content\/uploads\/2022\/10\/2022-10-22-11.56.19-450x293.jpg 450w, https:\/\/www.andreas-edler.de\/blog\/wp-content\/uploads\/2022\/10\/2022-10-22-11.56.19-600x391.jpg 600w, https:\/\/www.andreas-edler.de\/blog\/wp-content\/uploads\/2022\/10\/2022-10-22-11.56.19-900x586.jpg 900w, https:\/\/www.andreas-edler.de\/blog\/wp-content\/uploads\/2022\/10\/2022-10-22-11.56.19.jpg 1280w\" sizes=\"auto, (max-width: 470px) 100vw, 470px\" \/><\/a><figcaption id=\"caption-attachment-169256\" class=\"wp-caption-text\">Zum Nachbarn hin ist der Bewuchs nun wieder recht d\u00fcnn<\/figcaption><\/figure>\n<p>Weg schneiden geht schneller als wachsen. So haben wir zwischenzeitlich bei der Oma angerufen, wo denn die beiden Jungs mit dem Anh\u00e4nger bleiben! Die hatten sich zwischendurch erst noch ein paar Gro\u00dfdrachen auf der Lohe angesehen, weil der j\u00fcngste Sohn unbedingt dort anhalten wollte. Na gut, entschuldigt. Als die beiden dann auf den Hof rollte, ging das Beladen recht flott. Von den Haselnussstr\u00fcnken haben wir alles was dicker als mein Zeigefinger war behalten, um es im n\u00e4chsten Winter als Anfeuerholz zu benutzen.<\/p>\n<figure id=\"attachment_169257\" aria-describedby=\"caption-attachment-169257\" style=\"width: 470px\" class=\"wp-caption aligncenter\"><a href=\"https:\/\/www.andreas-edler.de\/blog\/wp-content\/uploads\/2022\/10\/2022-10-22-11.56.17.jpg\"><img loading=\"lazy\" decoding=\"async\" src=\"https:\/\/www.andreas-edler.de\/blog\/wp-content\/uploads\/2022\/10\/2022-10-22-11.56.17-470x264.jpg\" alt=\"\" width=\"470\" height=\"264\" class=\"size-large wp-image-169257\" srcset=\"https:\/\/www.andreas-edler.de\/blog\/wp-content\/uploads\/2022\/10\/2022-10-22-11.56.17-470x264.jpg 470w, https:\/\/www.andreas-edler.de\/blog\/wp-content\/uploads\/2022\/10\/2022-10-22-11.56.17-250x140.jpg 250w, https:\/\/www.andreas-edler.de\/blog\/wp-content\/uploads\/2022\/10\/2022-10-22-11.56.17-768x431.jpg 768w, https:\/\/www.andreas-edler.de\/blog\/wp-content\/uploads\/2022\/10\/2022-10-22-11.56.17-100x56.jpg 100w, https:\/\/www.andreas-edler.de\/blog\/wp-content\/uploads\/2022\/10\/2022-10-22-11.56.17-150x84.jpg 150w, https:\/\/www.andreas-edler.de\/blog\/wp-content\/uploads\/2022\/10\/2022-10-22-11.56.17-200x112.jpg 200w, https:\/\/www.andreas-edler.de\/blog\/wp-content\/uploads\/2022\/10\/2022-10-22-11.56.17-300x168.jpg 300w, https:\/\/www.andreas-edler.de\/blog\/wp-content\/uploads\/2022\/10\/2022-10-22-11.56.17-450x252.jpg 450w, https:\/\/www.andreas-edler.de\/blog\/wp-content\/uploads\/2022\/10\/2022-10-22-11.56.17-600x337.jpg 600w, https:\/\/www.andreas-edler.de\/blog\/wp-content\/uploads\/2022\/10\/2022-10-22-11.56.17-900x505.jpg 900w, https:\/\/www.andreas-edler.de\/blog\/wp-content\/uploads\/2022\/10\/2022-10-22-11.56.17.jpg 1280w\" sizes=\"auto, (max-width: 470px) 100vw, 470px\" \/><\/a><figcaption id=\"caption-attachment-169257\" class=\"wp-caption-text\">Skoda Yeti mit Anh\u00e4nger<\/figcaption><\/figure>\n<p>Im Kofferraum vom <a href=\"https:\/\/www.andreas-edler.de\/blog\/2017\/03\/monte-carlo\/\" rel=\"noopener\" target=\"_blank\">Skoda Yeti<\/a> fand auch noch ein Sack mit losem Blattgr\u00fcn Platz. Dann Spanngurte und ein Sicherungsnetz dr\u00fcber und los zum Recyclinghof. <a href=\"https:\/\/www.andreas-edler.de\/blog\/2022\/10\/hecken-schneiden-mal-wieder\/\" rel=\"noopener\" target=\"_blank\">Zweiter Besuch<\/a> innerhalb von neun Tagen. Trotzdem wir erst nach 10 Uhr aus den Federn gekommen sind, waren wir vor 13 Uhr am Gr\u00fcnschnittcontainer. Warten mussten wir dort auch nicht lange. In der Schlange vor uns waren nur drei Fahrzeuge (zwei mit Anh\u00e4nger) und zu zweit hatte wir unseren Anh\u00e4nger schneller leer, als die beiden, die neben uns &#8211; obwohl sie fr\u00fcher da waren :-)<\/p>\n<p>Danach Anh\u00e4nger wieder in den Unterstand bringen, nach Hause, fr\u00fchst\u00fccken, duschen und ins Bett legen. Der Kopf war kein bisschen besser geworden. Nach einer Sumatriptan vor einer Stunde geht es jetzt und ich kann wenigstens halbwegs rumsitzen. Super Wochenende.<\/p>\n","protected":false},"excerpt":{"rendered":"<p>Schei\u00dfe geschlafen, weil der Kopf hinter dem Auge gestochen hat. War am Morgen auch nicht besser. Aber wir hatten vor, die B\u00fcsche und Hecken vor dem Winter etwas zu stutzen. Habe zwar so lange im Bett gelegen, wie es eben &hellip;<\/p>\n<p class=\"read-more\"> <a class=\"more-link\" href=\"https:\/\/www.andreas-edler.de\/blog\/2022\/10\/zweiter-besuch-des-recyclinghof-in-1-1-2-wochen\/\"> <span class=\"screen-reader-text\">Zweiter Besuch des Recyclinghof in 1 1\/2 Wochen<\/span> Weiterlesen &raquo;<\/a><\/p>\n","protected":false},"author":1,"featured_media":169253,"comment_status":"open","ping_status":"open","sticky":false,"template":"","format":"standard","meta":{"ngg_post_thumbnail":0,"activitypub_content_warning":"","activitypub_content_visibility":"","activitypub_max_image_attachments":2,"activitypub_interaction_policy_quote":"anyone","activitypub_status":"","footnotes":""},"categories":[1],"tags":[48,362,31,38,208,50,209,79],"class_list":["post-169252","post","type-post","status-publish","format-standard","has-post-thumbnail","hentry","category-allgemein","tag-arbeit","tag-doergen","tag-garten","tag-haus","tag-haushalt","tag-helfen","tag-skoda-yeti","tag-stadtwerke"],"share_on_mastodon":{"url":"","error":""},"_links":{"self":[{"href":"https:\/\/www.andreas-edler.de\/blog\/wp-json\/wp\/v2\/posts\/169252","targetHints":{"allow":["GET"]}}],"collection":[{"href":"https:\/\/www.andreas-edler.de\/blog\/wp-json\/wp\/v2\/posts"}],"about":[{"href":"https:\/\/www.andreas-edler.de\/blog\/wp-json\/wp\/v2\/types\/post"}],"author":[{"embeddable":true,"href":"https:\/\/www.andreas-edler.de\/blog\/wp-json\/wp\/v2\/users\/1"}],"replies":[{"embeddable":true,"href":"https:\/\/www.andreas-edler.de\/blog\/wp-json\/wp\/v2\/comments?post=169252"}],"version-history":[{"count":0,"href":"https:\/\/www.andreas-edler.de\/blog\/wp-json\/wp\/v2\/posts\/169252\/revisions"}],"wp:featuredmedia":[{"embeddable":true,"href":"https:\/\/www.andreas-edler.de\/blog\/wp-json\/wp\/v2\/media\/169253"}],"wp:attachment":[{"href":"https:\/\/www.andreas-edler.de\/blog\/wp-json\/wp\/v2\/media?parent=169252"}],"wp:term":[{"taxonomy":"category","embeddable":true,"href":"https:\/\/www.andreas-edler.de\/blog\/wp-json\/wp\/v2\/categories?post=169252"},{"taxonomy":"post_tag","embeddable":true,"href":"https:\/\/www.andreas-edler.de\/blog\/wp-json\/wp\/v2\/tags?post=169252"}],"curies":[{"name":"wp","href":"https:\/\/api.w.org\/{rel}","templated":true}]}}