{"id":169217,"date":"2022-10-13T20:14:04","date_gmt":"2022-10-13T18:14:04","guid":{"rendered":"https:\/\/www.andreas-edler.de\/blog\/?p=169217"},"modified":"2022-10-13T21:09:11","modified_gmt":"2022-10-13T19:09:11","slug":"hecken-schneiden-mal-wieder","status":"publish","type":"post","link":"https:\/\/www.andreas-edler.de\/blog\/2022\/10\/hecken-schneiden-mal-wieder\/","title":{"rendered":"Hecken schneiden mal wieder"},"content":{"rendered":"<p><figure id=\"attachment_169218\" aria-describedby=\"caption-attachment-169218\" style=\"width: 250px\" class=\"wp-caption alignright\"><a href=\"https:\/\/www.andreas-edler.de\/blog\/wp-content\/uploads\/2022\/10\/2022-10-13-13.30.35.jpg\"><img loading=\"lazy\" decoding=\"async\" src=\"https:\/\/www.andreas-edler.de\/blog\/wp-content\/uploads\/2022\/10\/2022-10-13-13.30.35-250x141.jpg\" alt=\"\" width=\"250\" height=\"141\" class=\"size-medium wp-image-169218\" srcset=\"https:\/\/www.andreas-edler.de\/blog\/wp-content\/uploads\/2022\/10\/2022-10-13-13.30.35-250x141.jpg 250w, https:\/\/www.andreas-edler.de\/blog\/wp-content\/uploads\/2022\/10\/2022-10-13-13.30.35-470x265.jpg 470w, https:\/\/www.andreas-edler.de\/blog\/wp-content\/uploads\/2022\/10\/2022-10-13-13.30.35-768x434.jpg 768w, https:\/\/www.andreas-edler.de\/blog\/wp-content\/uploads\/2022\/10\/2022-10-13-13.30.35-100x56.jpg 100w, https:\/\/www.andreas-edler.de\/blog\/wp-content\/uploads\/2022\/10\/2022-10-13-13.30.35-150x85.jpg 150w, https:\/\/www.andreas-edler.de\/blog\/wp-content\/uploads\/2022\/10\/2022-10-13-13.30.35-200x113.jpg 200w, https:\/\/www.andreas-edler.de\/blog\/wp-content\/uploads\/2022\/10\/2022-10-13-13.30.35-300x169.jpg 300w, https:\/\/www.andreas-edler.de\/blog\/wp-content\/uploads\/2022\/10\/2022-10-13-13.30.35-450x254.jpg 450w, https:\/\/www.andreas-edler.de\/blog\/wp-content\/uploads\/2022\/10\/2022-10-13-13.30.35-600x339.jpg 600w, https:\/\/www.andreas-edler.de\/blog\/wp-content\/uploads\/2022\/10\/2022-10-13-13.30.35-900x508.jpg 900w, https:\/\/www.andreas-edler.de\/blog\/wp-content\/uploads\/2022\/10\/2022-10-13-13.30.35.jpg 1280w\" sizes=\"auto, (max-width: 250px) 100vw, 250px\" \/><\/a><figcaption id=\"caption-attachment-169218\" class=\"wp-caption-text\">Skoda Yeti mit ein bisschen Gr\u00fcnschnitt<\/figcaption><\/figure> Gef\u00fchlt haben wir das schon seit Jahren nicht mehr gemacht. Hinter dem Haus Richtung Osten haben wir unseren Rasen und keine Hecken. Die stehen auf den Nachbargrundst\u00fccken, aber nach S\u00fcden hin wuchert Efeu, wachsen zwei Kirschlorbeerb\u00e4ume, ein inzwischen viel zu gro\u00dfer Haselnussstrauch und noch ein paar Str\u00e4ucher, von denen ich die Namen nicht wei\u00df. Und das ganze Zeugs haben wir schon l\u00e4nger nicht geb\u00e4ndigt.<\/p>\n<p>Habe also die Heckenschere (Handbetrieb, einfach eine gro\u00dfe Schere) genommen und bin dem Efeu zu Leibe ger\u00fcckt. Dann noch den Kirschlorbeer und etliche \u00c4ste des Haselnuss. Alex hat alles zerkleinert und in blaue S\u00e4cke verstaut, weil ich zu bequem war, den Anh\u00e4nger zu holen. Zum Schluss hatten wir sechs gro\u00dfe S\u00e4cke voll einget\u00fctet. Die passen ganz bequem hinten den kleinen SUV rein. Und ich musste dazu nicht einmal die R\u00fccksitze ausbauen. Ein Feature, dass ich bei dem Auto super genial finde. <\/p>\n<figure id=\"attachment_169220\" aria-describedby=\"caption-attachment-169220\" style=\"width: 470px\" class=\"wp-caption aligncenter\"><a href=\"https:\/\/www.andreas-edler.de\/blog\/wp-content\/uploads\/2022\/10\/2022-10-13-14.14.10.jpg\"><img loading=\"lazy\" decoding=\"async\" src=\"https:\/\/www.andreas-edler.de\/blog\/wp-content\/uploads\/2022\/10\/2022-10-13-14.14.10-470x240.jpg\" alt=\"\" width=\"470\" height=\"240\" class=\"size-large wp-image-169220\" srcset=\"https:\/\/www.andreas-edler.de\/blog\/wp-content\/uploads\/2022\/10\/2022-10-13-14.14.10-470x240.jpg 470w, https:\/\/www.andreas-edler.de\/blog\/wp-content\/uploads\/2022\/10\/2022-10-13-14.14.10-250x128.jpg 250w, https:\/\/www.andreas-edler.de\/blog\/wp-content\/uploads\/2022\/10\/2022-10-13-14.14.10-768x392.jpg 768w, https:\/\/www.andreas-edler.de\/blog\/wp-content\/uploads\/2022\/10\/2022-10-13-14.14.10-100x51.jpg 100w, https:\/\/www.andreas-edler.de\/blog\/wp-content\/uploads\/2022\/10\/2022-10-13-14.14.10-150x77.jpg 150w, https:\/\/www.andreas-edler.de\/blog\/wp-content\/uploads\/2022\/10\/2022-10-13-14.14.10-200x102.jpg 200w, https:\/\/www.andreas-edler.de\/blog\/wp-content\/uploads\/2022\/10\/2022-10-13-14.14.10-300x153.jpg 300w, https:\/\/www.andreas-edler.de\/blog\/wp-content\/uploads\/2022\/10\/2022-10-13-14.14.10-450x230.jpg 450w, https:\/\/www.andreas-edler.de\/blog\/wp-content\/uploads\/2022\/10\/2022-10-13-14.14.10-600x306.jpg 600w, https:\/\/www.andreas-edler.de\/blog\/wp-content\/uploads\/2022\/10\/2022-10-13-14.14.10-900x459.jpg 900w, https:\/\/www.andreas-edler.de\/blog\/wp-content\/uploads\/2022\/10\/2022-10-13-14.14.10.jpg 1280w\" sizes=\"auto, (max-width: 470px) 100vw, 470px\" \/><\/a><figcaption id=\"caption-attachment-169220\" class=\"wp-caption-text\">Wenig los auf dem Recyclinghof<\/figcaption><\/figure>\n<p>Bis 18 Uhr sollte der Recyclinghof heute ge\u00f6ffnet haben. Da waren wir allerdings deutlich fr\u00fcher dran, weil wir wirklich nur die Seite zum Nachbarn beackert haben. Den Rest machen wir irgendwann demn\u00e4chst. Viertel nach Zwei hatten  er j\u00fcngste Nachwuchs und ich bereits die T\u00fcten in den gro\u00dfen Container Nr. 6 entleert und fuhren auf die Waage am Ausgang zu. Tagewerk beendet.<\/p>\n","protected":false},"excerpt":{"rendered":"<p>Gef\u00fchlt haben wir das schon seit Jahren nicht mehr gemacht. Hinter dem Haus Richtung Osten haben wir unseren Rasen und keine Hecken. Die stehen auf den Nachbargrundst\u00fccken, aber nach S\u00fcden hin wuchert Efeu, wachsen zwei Kirschlorbeerb\u00e4ume, ein inzwischen viel zu &hellip;<\/p>\n<p class=\"read-more\"> <a class=\"more-link\" href=\"https:\/\/www.andreas-edler.de\/blog\/2022\/10\/hecken-schneiden-mal-wieder\/\"> <span class=\"screen-reader-text\">Hecken schneiden mal wieder<\/span> Weiterlesen &raquo;<\/a><\/p>\n","protected":false},"author":1,"featured_media":0,"comment_status":"open","ping_status":"open","sticky":false,"template":"","format":"standard","meta":{"ngg_post_thumbnail":0,"activitypub_content_warning":"","activitypub_content_visibility":"","activitypub_max_image_attachments":2,"activitypub_interaction_policy_quote":"anyone","activitypub_status":"","footnotes":""},"categories":[1],"tags":[48,31,38,208,209],"class_list":["post-169217","post","type-post","status-publish","format-standard","hentry","category-allgemein","tag-arbeit","tag-garten","tag-haus","tag-haushalt","tag-skoda-yeti"],"share_on_mastodon":{"url":"","error":""},"_links":{"self":[{"href":"https:\/\/www.andreas-edler.de\/blog\/wp-json\/wp\/v2\/posts\/169217","targetHints":{"allow":["GET"]}}],"collection":[{"href":"https:\/\/www.andreas-edler.de\/blog\/wp-json\/wp\/v2\/posts"}],"about":[{"href":"https:\/\/www.andreas-edler.de\/blog\/wp-json\/wp\/v2\/types\/post"}],"author":[{"embeddable":true,"href":"https:\/\/www.andreas-edler.de\/blog\/wp-json\/wp\/v2\/users\/1"}],"replies":[{"embeddable":true,"href":"https:\/\/www.andreas-edler.de\/blog\/wp-json\/wp\/v2\/comments?post=169217"}],"version-history":[{"count":0,"href":"https:\/\/www.andreas-edler.de\/blog\/wp-json\/wp\/v2\/posts\/169217\/revisions"}],"wp:attachment":[{"href":"https:\/\/www.andreas-edler.de\/blog\/wp-json\/wp\/v2\/media?parent=169217"}],"wp:term":[{"taxonomy":"category","embeddable":true,"href":"https:\/\/www.andreas-edler.de\/blog\/wp-json\/wp\/v2\/categories?post=169217"},{"taxonomy":"post_tag","embeddable":true,"href":"https:\/\/www.andreas-edler.de\/blog\/wp-json\/wp\/v2\/tags?post=169217"}],"curies":[{"name":"wp","href":"https:\/\/api.w.org\/{rel}","templated":true}]}}