{"id":169171,"date":"2022-09-25T19:25:56","date_gmt":"2022-09-25T17:25:56","guid":{"rendered":"https:\/\/www.andreas-edler.de\/blog\/?p=169171"},"modified":"2022-09-25T19:30:32","modified_gmt":"2022-09-25T17:30:32","slug":"ostkorso-enger-begegnungsverkehr","status":"publish","type":"post","link":"https:\/\/www.andreas-edler.de\/blog\/2022\/09\/ostkorso-enger-begegnungsverkehr\/","title":{"rendered":"Ostkorso &#8211; enger Begegnungsverkehr"},"content":{"rendered":"<p>Der Ostkorso ist eine Einbahnstra\u00dfe. Mit dem Auto darf man von der Bismarckstra\u00dfe aus entweder nach rechts abbiegen und dann in n\u00f6rdlicher Richtung zur Von-M\u00f6ller-Stra\u00dfe fahren oder in s\u00fcdlicher Richtung hoch zur Richard-Wagner-Stra\u00dfe. Auf beiden Teilst\u00fccken darf man die jeweilige Gegenrichtung nicht mit einem Kraftfahrzeug fahren. Mit dem Fahrrad allerdings schon. Im n\u00f6rdlichen Teil des Ostkorso parken in Fahrrichtung rechts immer reichlich KFZ.<\/p>\n<figure id=\"attachment_169172\" aria-describedby=\"caption-attachment-169172\" style=\"width: 470px\" class=\"wp-caption aligncenter\"><a href=\"https:\/\/www.andreas-edler.de\/blog\/wp-content\/uploads\/2022\/09\/2022-09-22-ostkorso_auto_eng_begegnungsverkehr_01.jpg\"><img loading=\"lazy\" decoding=\"async\" src=\"https:\/\/www.andreas-edler.de\/blog\/wp-content\/uploads\/2022\/09\/2022-09-22-ostkorso_auto_eng_begegnungsverkehr_01-470x264.jpg\" alt=\"\" width=\"470\" height=\"264\" class=\"size-large wp-image-169172\" srcset=\"https:\/\/www.andreas-edler.de\/blog\/wp-content\/uploads\/2022\/09\/2022-09-22-ostkorso_auto_eng_begegnungsverkehr_01-470x264.jpg 470w, https:\/\/www.andreas-edler.de\/blog\/wp-content\/uploads\/2022\/09\/2022-09-22-ostkorso_auto_eng_begegnungsverkehr_01-250x141.jpg 250w, https:\/\/www.andreas-edler.de\/blog\/wp-content\/uploads\/2022\/09\/2022-09-22-ostkorso_auto_eng_begegnungsverkehr_01-768x432.jpg 768w, https:\/\/www.andreas-edler.de\/blog\/wp-content\/uploads\/2022\/09\/2022-09-22-ostkorso_auto_eng_begegnungsverkehr_01-1536x864.jpg 1536w, https:\/\/www.andreas-edler.de\/blog\/wp-content\/uploads\/2022\/09\/2022-09-22-ostkorso_auto_eng_begegnungsverkehr_01-100x56.jpg 100w, https:\/\/www.andreas-edler.de\/blog\/wp-content\/uploads\/2022\/09\/2022-09-22-ostkorso_auto_eng_begegnungsverkehr_01-150x84.jpg 150w, https:\/\/www.andreas-edler.de\/blog\/wp-content\/uploads\/2022\/09\/2022-09-22-ostkorso_auto_eng_begegnungsverkehr_01-200x113.jpg 200w, https:\/\/www.andreas-edler.de\/blog\/wp-content\/uploads\/2022\/09\/2022-09-22-ostkorso_auto_eng_begegnungsverkehr_01-300x169.jpg 300w, https:\/\/www.andreas-edler.de\/blog\/wp-content\/uploads\/2022\/09\/2022-09-22-ostkorso_auto_eng_begegnungsverkehr_01-450x253.jpg 450w, https:\/\/www.andreas-edler.de\/blog\/wp-content\/uploads\/2022\/09\/2022-09-22-ostkorso_auto_eng_begegnungsverkehr_01-600x338.jpg 600w, https:\/\/www.andreas-edler.de\/blog\/wp-content\/uploads\/2022\/09\/2022-09-22-ostkorso_auto_eng_begegnungsverkehr_01-900x506.jpg 900w, https:\/\/www.andreas-edler.de\/blog\/wp-content\/uploads\/2022\/09\/2022-09-22-ostkorso_auto_eng_begegnungsverkehr_01.jpg 1920w\" sizes=\"auto, (max-width: 470px) 100vw, 470px\" \/><\/a><figcaption id=\"caption-attachment-169172\" class=\"wp-caption-text\">Ganz sch\u00f6n eng auf dem Ostkorso<\/figcaption><\/figure>\n<p>F\u00fcr Autofahrende ist der Gegenverkehr von Radfahrenden in einer Einbahnstra\u00dfe augenscheinlich ein Ereignis, mit dem sie nicht umgehen k\u00f6nnen. Dabei ist die Regel ganz einfach: mach einfach das, was Du sonst auch machst! Oh, \u00e4h, das hat der Fahrer im Bild nat\u00fcrlich auch gemacht, weil Autofahrende selten R\u00fccksicht nehmen. Die Regel ist eigentlich: wenn ich das Hindernis auf meiner Seite habe, dann muss ich warten. In solchen Situationen wartet dann aber niemand! In dem Bild oben bin ich hinter Tim her gefahren, als wir zur <a href=\"https:\/\/www.andreas-edler.de\/blog\/2022\/09\/radtour-mit-dem-radverkehrsbeauftragten\/\">Radtour mit dem Radverkehrsbeauftragten<\/a> unterwegs waren.<\/p>\n<figure id=\"attachment_169173\" aria-describedby=\"caption-attachment-169173\" style=\"width: 470px\" class=\"wp-caption aligncenter\"><a href=\"https:\/\/www.andreas-edler.de\/blog\/wp-content\/uploads\/2022\/09\/2022-08-23_18_46_dr-neuhaeusser-strasse_eng-begegnungsverkehr.jpg\"><img loading=\"lazy\" decoding=\"async\" src=\"https:\/\/www.andreas-edler.de\/blog\/wp-content\/uploads\/2022\/09\/2022-08-23_18_46_dr-neuhaeusser-strasse_eng-begegnungsverkehr-470x264.jpg\" alt=\"\" width=\"470\" height=\"264\" class=\"size-large wp-image-169173\" srcset=\"https:\/\/www.andreas-edler.de\/blog\/wp-content\/uploads\/2022\/09\/2022-08-23_18_46_dr-neuhaeusser-strasse_eng-begegnungsverkehr-470x264.jpg 470w, https:\/\/www.andreas-edler.de\/blog\/wp-content\/uploads\/2022\/09\/2022-08-23_18_46_dr-neuhaeusser-strasse_eng-begegnungsverkehr-250x141.jpg 250w, https:\/\/www.andreas-edler.de\/blog\/wp-content\/uploads\/2022\/09\/2022-08-23_18_46_dr-neuhaeusser-strasse_eng-begegnungsverkehr-768x432.jpg 768w, https:\/\/www.andreas-edler.de\/blog\/wp-content\/uploads\/2022\/09\/2022-08-23_18_46_dr-neuhaeusser-strasse_eng-begegnungsverkehr-1536x864.jpg 1536w, https:\/\/www.andreas-edler.de\/blog\/wp-content\/uploads\/2022\/09\/2022-08-23_18_46_dr-neuhaeusser-strasse_eng-begegnungsverkehr-100x56.jpg 100w, https:\/\/www.andreas-edler.de\/blog\/wp-content\/uploads\/2022\/09\/2022-08-23_18_46_dr-neuhaeusser-strasse_eng-begegnungsverkehr-150x84.jpg 150w, https:\/\/www.andreas-edler.de\/blog\/wp-content\/uploads\/2022\/09\/2022-08-23_18_46_dr-neuhaeusser-strasse_eng-begegnungsverkehr-200x113.jpg 200w, https:\/\/www.andreas-edler.de\/blog\/wp-content\/uploads\/2022\/09\/2022-08-23_18_46_dr-neuhaeusser-strasse_eng-begegnungsverkehr-300x169.jpg 300w, https:\/\/www.andreas-edler.de\/blog\/wp-content\/uploads\/2022\/09\/2022-08-23_18_46_dr-neuhaeusser-strasse_eng-begegnungsverkehr-450x253.jpg 450w, https:\/\/www.andreas-edler.de\/blog\/wp-content\/uploads\/2022\/09\/2022-08-23_18_46_dr-neuhaeusser-strasse_eng-begegnungsverkehr-600x338.jpg 600w, https:\/\/www.andreas-edler.de\/blog\/wp-content\/uploads\/2022\/09\/2022-08-23_18_46_dr-neuhaeusser-strasse_eng-begegnungsverkehr-900x506.jpg 900w, https:\/\/www.andreas-edler.de\/blog\/wp-content\/uploads\/2022\/09\/2022-08-23_18_46_dr-neuhaeusser-strasse_eng-begegnungsverkehr.jpg 1920w\" sizes=\"auto, (max-width: 470px) 100vw, 470px\" \/><\/a><figcaption id=\"caption-attachment-169173\" class=\"wp-caption-text\">Begegnungsverkehr in der Dr.-Neuh\u00e4usser-Strasse<\/figcaption><\/figure>\n<p>Auf dem Nachhauseweg neulich in der Dr.-Neuh\u00e4usser-Strasse ist das allerdings auch passiert. St\u00e4ndig eigentlich. Auch dort parken auf der Seite des entgegenkommenden Fahrzeugs andere KFZ.<\/p>\n<figure id=\"attachment_169181\" aria-describedby=\"caption-attachment-169181\" style=\"width: 470px\" class=\"wp-caption aligncenter\"><a href=\"https:\/\/www.andreas-edler.de\/blog\/wp-content\/uploads\/2022\/09\/2022-08-25_08.16_vorfahrt_nehmen_eidinghausener_doergen.jpg\"><img loading=\"lazy\" decoding=\"async\" src=\"https:\/\/www.andreas-edler.de\/blog\/wp-content\/uploads\/2022\/09\/2022-08-25_08.16_vorfahrt_nehmen_eidinghausener_doergen-470x264.jpg\" alt=\"\" width=\"470\" height=\"264\" class=\"size-large wp-image-169181\" srcset=\"https:\/\/www.andreas-edler.de\/blog\/wp-content\/uploads\/2022\/09\/2022-08-25_08.16_vorfahrt_nehmen_eidinghausener_doergen-470x264.jpg 470w, https:\/\/www.andreas-edler.de\/blog\/wp-content\/uploads\/2022\/09\/2022-08-25_08.16_vorfahrt_nehmen_eidinghausener_doergen-250x141.jpg 250w, https:\/\/www.andreas-edler.de\/blog\/wp-content\/uploads\/2022\/09\/2022-08-25_08.16_vorfahrt_nehmen_eidinghausener_doergen-768x432.jpg 768w, https:\/\/www.andreas-edler.de\/blog\/wp-content\/uploads\/2022\/09\/2022-08-25_08.16_vorfahrt_nehmen_eidinghausener_doergen-1536x864.jpg 1536w, https:\/\/www.andreas-edler.de\/blog\/wp-content\/uploads\/2022\/09\/2022-08-25_08.16_vorfahrt_nehmen_eidinghausener_doergen-100x56.jpg 100w, https:\/\/www.andreas-edler.de\/blog\/wp-content\/uploads\/2022\/09\/2022-08-25_08.16_vorfahrt_nehmen_eidinghausener_doergen-150x84.jpg 150w, https:\/\/www.andreas-edler.de\/blog\/wp-content\/uploads\/2022\/09\/2022-08-25_08.16_vorfahrt_nehmen_eidinghausener_doergen-200x113.jpg 200w, https:\/\/www.andreas-edler.de\/blog\/wp-content\/uploads\/2022\/09\/2022-08-25_08.16_vorfahrt_nehmen_eidinghausener_doergen-300x169.jpg 300w, https:\/\/www.andreas-edler.de\/blog\/wp-content\/uploads\/2022\/09\/2022-08-25_08.16_vorfahrt_nehmen_eidinghausener_doergen-450x253.jpg 450w, https:\/\/www.andreas-edler.de\/blog\/wp-content\/uploads\/2022\/09\/2022-08-25_08.16_vorfahrt_nehmen_eidinghausener_doergen-600x338.jpg 600w, https:\/\/www.andreas-edler.de\/blog\/wp-content\/uploads\/2022\/09\/2022-08-25_08.16_vorfahrt_nehmen_eidinghausener_doergen-900x506.jpg 900w, https:\/\/www.andreas-edler.de\/blog\/wp-content\/uploads\/2022\/09\/2022-08-25_08.16_vorfahrt_nehmen_eidinghausener_doergen.jpg 1920w\" sizes=\"auto, (max-width: 470px) 100vw, 470px\" \/><\/a><figcaption id=\"caption-attachment-169181\" class=\"wp-caption-text\">Abgesenkter Bordstein? Da war doch was &#8230;<\/figcaption><\/figure>\n<p>Das mit den Regeln ist sowieso augenscheinlich optional, sobald man hinter dem Steuer eines Autos sitzt. Zum einen darf man den Schwarzen Weg an der Stelle nicht als Durchfahrtstra\u00dfe nutzen &#8211; nein, auch dann nicht, wenn man Mamitaxi zum Schulzentrum Nord spielt. Zum anderen muss man an einem abgesenkten Bordstein warten und hat keine Vorfahrt vor eventuellen Linksabbiegern. Zwei Gr\u00fcnde, warum da oben an die Einm\u00fcndung des Schwarzen Weg zur Eidinghausener Stra\u00dfe Poller geh\u00f6ren! Da muss niemand mit dem Auto rein fahren und auch nicht raus kommen. Letzteres ist aufgrund der Steigung eh schwierig.<\/p>\n","protected":false},"excerpt":{"rendered":"<p>Der Ostkorso ist eine Einbahnstra\u00dfe. Mit dem Auto darf man von der Bismarckstra\u00dfe aus entweder nach rechts abbiegen und dann in n\u00f6rdlicher Richtung zur Von-M\u00f6ller-Stra\u00dfe fahren oder in s\u00fcdlicher Richtung hoch zur Richard-Wagner-Stra\u00dfe. Auf beiden Teilst\u00fccken darf man die jeweilige &hellip;<\/p>\n<p class=\"read-more\"> <a class=\"more-link\" href=\"https:\/\/www.andreas-edler.de\/blog\/2022\/09\/ostkorso-enger-begegnungsverkehr\/\"> <span class=\"screen-reader-text\">Ostkorso &#8211; enger Begegnungsverkehr<\/span> Weiterlesen &raquo;<\/a><\/p>\n","protected":false},"author":1,"featured_media":0,"comment_status":"open","ping_status":"open","sticky":false,"template":"","format":"standard","meta":{"ngg_post_thumbnail":0,"activitypub_content_warning":"","activitypub_content_visibility":"","activitypub_max_image_attachments":2,"activitypub_interaction_policy_quote":"anyone","activitypub_status":"","footnotes":""},"categories":[14,15,13],"tags":[63,449,262,251,168,412,158,548,71,393,260],"class_list":["post-169171","post","type-post","status-publish","format-standard","hentry","category-bad-oeynhausen","category-fahrrad","category-verkehr","tag-benehmen","tag-dr-neuhaeusser-strasse","tag-eidinghausener-strasse","tag-infrastruktur","tag-klimafreundliche-mobilitaet","tag-mdrza","tag-mit-dem-rad-zur-arbeit","tag-ostkorso","tag-regeln","tag-schwarzer-weg","tag-stvo"],"share_on_mastodon":{"url":"","error":""},"_links":{"self":[{"href":"https:\/\/www.andreas-edler.de\/blog\/wp-json\/wp\/v2\/posts\/169171","targetHints":{"allow":["GET"]}}],"collection":[{"href":"https:\/\/www.andreas-edler.de\/blog\/wp-json\/wp\/v2\/posts"}],"about":[{"href":"https:\/\/www.andreas-edler.de\/blog\/wp-json\/wp\/v2\/types\/post"}],"author":[{"embeddable":true,"href":"https:\/\/www.andreas-edler.de\/blog\/wp-json\/wp\/v2\/users\/1"}],"replies":[{"embeddable":true,"href":"https:\/\/www.andreas-edler.de\/blog\/wp-json\/wp\/v2\/comments?post=169171"}],"version-history":[{"count":0,"href":"https:\/\/www.andreas-edler.de\/blog\/wp-json\/wp\/v2\/posts\/169171\/revisions"}],"wp:attachment":[{"href":"https:\/\/www.andreas-edler.de\/blog\/wp-json\/wp\/v2\/media?parent=169171"}],"wp:term":[{"taxonomy":"category","embeddable":true,"href":"https:\/\/www.andreas-edler.de\/blog\/wp-json\/wp\/v2\/categories?post=169171"},{"taxonomy":"post_tag","embeddable":true,"href":"https:\/\/www.andreas-edler.de\/blog\/wp-json\/wp\/v2\/tags?post=169171"}],"curies":[{"name":"wp","href":"https:\/\/api.w.org\/{rel}","templated":true}]}}