{"id":169152,"date":"2022-09-22T22:24:10","date_gmt":"2022-09-22T20:24:10","guid":{"rendered":"https:\/\/www.andreas-edler.de\/blog\/?p=169152"},"modified":"2022-09-23T14:32:10","modified_gmt":"2022-09-23T12:32:10","slug":"radtour-mit-dem-radverkehrsbeauftragten","status":"publish","type":"post","link":"https:\/\/www.andreas-edler.de\/blog\/2022\/09\/radtour-mit-dem-radverkehrsbeauftragten\/","title":{"rendered":"Radtour mit dem Radverkehrsbeauftragten"},"content":{"rendered":"<p>In den Sitzungen scheine ich nicht richtig aufgepasst zu haben und Zeitung lese ich in den letzten Wochen auch nur sehr sporadisch, so dass ich die Einladung des Radverkehrsbeauftragten zu einer Radtour entlang neuralgischer Punkte der Fahrradinfrastruktur in Bad Oeynhausen offensichtlich verpasst habe.<\/p>\n<figure id=\"attachment_169167\" aria-describedby=\"caption-attachment-169167\" style=\"width: 233px\" class=\"wp-caption alignright\"><a href=\"https:\/\/connect.garmin.com\/modern\/activity\/9656039376\"><img loading=\"lazy\" decoding=\"async\" src=\"https:\/\/www.andreas-edler.de\/blog\/wp-content\/uploads\/2022\/09\/2022-09-23-Radtour-mit-dem-Radverkehrsbeauftragten-garmin-233x250.png\" alt=\"\" width=\"233\" height=\"250\" class=\"size-medium wp-image-169167\" srcset=\"https:\/\/www.andreas-edler.de\/blog\/wp-content\/uploads\/2022\/09\/2022-09-23-Radtour-mit-dem-Radverkehrsbeauftragten-garmin-233x250.png 233w, https:\/\/www.andreas-edler.de\/blog\/wp-content\/uploads\/2022\/09\/2022-09-23-Radtour-mit-dem-Radverkehrsbeauftragten-garmin-437x470.png 437w, https:\/\/www.andreas-edler.de\/blog\/wp-content\/uploads\/2022\/09\/2022-09-23-Radtour-mit-dem-Radverkehrsbeauftragten-garmin-100x107.png 100w, https:\/\/www.andreas-edler.de\/blog\/wp-content\/uploads\/2022\/09\/2022-09-23-Radtour-mit-dem-Radverkehrsbeauftragten-garmin-150x161.png 150w, https:\/\/www.andreas-edler.de\/blog\/wp-content\/uploads\/2022\/09\/2022-09-23-Radtour-mit-dem-Radverkehrsbeauftragten-garmin-200x215.png 200w, https:\/\/www.andreas-edler.de\/blog\/wp-content\/uploads\/2022\/09\/2022-09-23-Radtour-mit-dem-Radverkehrsbeauftragten-garmin-300x322.png 300w, https:\/\/www.andreas-edler.de\/blog\/wp-content\/uploads\/2022\/09\/2022-09-23-Radtour-mit-dem-Radverkehrsbeauftragten-garmin-450x484.png 450w, https:\/\/www.andreas-edler.de\/blog\/wp-content\/uploads\/2022\/09\/2022-09-23-Radtour-mit-dem-Radverkehrsbeauftragten-garmin.png 507w\" sizes=\"auto, (max-width: 233px) 100vw, 233px\" \/><\/a><figcaption id=\"caption-attachment-169167\" class=\"wp-caption-text\">Screenshot: Tour bei Garmin Connect<\/figcaption><\/figure>\n<p>Da war es ein Gl\u00fcck, dass <a href=\"https:\/\/twitter.com\/oeyni\/\" rel=\"noopener\" target=\"_blank\">@oeyni auf Twitter<\/a> so gewissenhaft ist und <a href=\"https:\/\/twitter.com\/oeyni\/status\/1570789133714591744\" rel=\"noopener\" target=\"_blank\">so viel protokolliert, was in Bad Oeynhausen passiert<\/a>. Jedenfalls habe ich so von der Radtour erfahren und mich noch schnell angemeldet.<\/p>\n<p>Habe die Einladung noch bei uns parteiintern geteilt und auch bei einigen interessierten Radfahrenden platziert. Trotzdem waren heute am Treffpunkt lediglich die Mitarbeitenden der Verwaltung und vier Mitglieder von uns Gr\u00fcnen (naja, einer nicht so ganz ;-) &#8211; sonst niemand. Das fand ich da schon sehr schade. Es wird sich die M\u00fche gemacht Dinge vorzustellen, die Millionen kosten und nicht geringe Auswirkungen auf Ausstattung und Verkehrsfl\u00fcsse haben werden und nur wenige interessieren sich daf\u00fcr.<\/p>\n<p>Wir sind dann jedenfalls in der kleine Runde los und haben entlang der Radschnellwegtrasse und einigen Knotenpunkten Neuigkeiten und Planungsst\u00e4nde pr\u00e4sentiert bekommen. Da waren durchaus Dinge dabei, die ich vorher nicht wusste.<\/p>\n<figure id=\"attachment_169163\" aria-describedby=\"caption-attachment-169163\" style=\"width: 470px\" class=\"wp-caption aligncenter\"><a href=\"https:\/\/www.andreas-edler.de\/blog\/wp-content\/uploads\/2022\/09\/2022-09-22-radtour_mit_radverkehrsbeauftragtem.jpg\"><img loading=\"lazy\" decoding=\"async\" src=\"https:\/\/www.andreas-edler.de\/blog\/wp-content\/uploads\/2022\/09\/2022-09-22-radtour_mit_radverkehrsbeauftragtem-470x270.jpg\" alt=\"\" width=\"470\" height=\"270\" class=\"size-large wp-image-169163\" srcset=\"https:\/\/www.andreas-edler.de\/blog\/wp-content\/uploads\/2022\/09\/2022-09-22-radtour_mit_radverkehrsbeauftragtem-470x270.jpg 470w, https:\/\/www.andreas-edler.de\/blog\/wp-content\/uploads\/2022\/09\/2022-09-22-radtour_mit_radverkehrsbeauftragtem-250x144.jpg 250w, https:\/\/www.andreas-edler.de\/blog\/wp-content\/uploads\/2022\/09\/2022-09-22-radtour_mit_radverkehrsbeauftragtem-768x441.jpg 768w, https:\/\/www.andreas-edler.de\/blog\/wp-content\/uploads\/2022\/09\/2022-09-22-radtour_mit_radverkehrsbeauftragtem-100x57.jpg 100w, https:\/\/www.andreas-edler.de\/blog\/wp-content\/uploads\/2022\/09\/2022-09-22-radtour_mit_radverkehrsbeauftragtem-150x86.jpg 150w, https:\/\/www.andreas-edler.de\/blog\/wp-content\/uploads\/2022\/09\/2022-09-22-radtour_mit_radverkehrsbeauftragtem-200x115.jpg 200w, https:\/\/www.andreas-edler.de\/blog\/wp-content\/uploads\/2022\/09\/2022-09-22-radtour_mit_radverkehrsbeauftragtem-300x172.jpg 300w, https:\/\/www.andreas-edler.de\/blog\/wp-content\/uploads\/2022\/09\/2022-09-22-radtour_mit_radverkehrsbeauftragtem-450x259.jpg 450w, https:\/\/www.andreas-edler.de\/blog\/wp-content\/uploads\/2022\/09\/2022-09-22-radtour_mit_radverkehrsbeauftragtem-600x345.jpg 600w, https:\/\/www.andreas-edler.de\/blog\/wp-content\/uploads\/2022\/09\/2022-09-22-radtour_mit_radverkehrsbeauftragtem.jpg 830w\" sizes=\"auto, (max-width: 470px) 100vw, 470px\" \/><\/a><figcaption id=\"caption-attachment-169163\" class=\"wp-caption-text\">Brunnenstra\u00dfe runter Richtung Mindener Stra\u00dfe<\/figcaption><\/figure>\n<p>Von der Einm\u00fcndung der Brunnenstra\u00dfe gings auf dem benutzungspflichtigen Radweg weiter zur Krezung Ringstra\u00dfe\/Kanalstra\u00dfe\/Am Kokturkanal. An den Knotenpunkten wurden die jeweils geplanten Radverkehrsf\u00fchrungen erl\u00e4utert, bevor es dann weiter ging zu geplanter Radverkehrsinfrastruktur. Geendet haben wir an der M\u00fcndung der Werre in die Weser, um uns dort Visualisierungen der geplanten Weserradwegsanierung vor Ort anzusehen.<\/p>\n<p>Eine sch\u00f6ne Runde, prima Idee und verst\u00e4ndlich pr\u00e4sentiert. Das hat mir wirklich gut gefallen. Wie eingangs schon erw\u00e4hnt: ich denke, dass h\u00e4tten sich ruhig noch mehr Menschen ansehen und anh\u00f6ren sollen. Sowohl interessierte B\u00fcrger, aber auch Menschen aus Rat und Ausschuss!<\/p>\n<p><a href=\"https:\/\/www.badoeynhausen.de\/rathaus-service-politik\/aktuelles\/mitteilungen\/details?tx_news_pi1%5Baction%5D=detail&#038;tx_news_pi1%5Bcontroller%5D=News&#038;tx_news_pi1%5Bnews%5D=117&#038;cHash=f52627a2396fb3ebda84357fa2a8f431\" rel=\"noopener\" target=\"_blank\">Zum Bericht auf der Seite der Stadt Bad Oeynhausen.<\/a><\/p>\n","protected":false},"excerpt":{"rendered":"<p>In den Sitzungen scheine ich nicht richtig aufgepasst zu haben und Zeitung lese ich in den letzten Wochen auch nur sehr sporadisch, so dass ich die Einladung des Radverkehrsbeauftragten zu einer Radtour entlang neuralgischer Punkte der Fahrradinfrastruktur in Bad Oeynhausen &hellip;<\/p>\n<p class=\"read-more\"> <a class=\"more-link\" href=\"https:\/\/www.andreas-edler.de\/blog\/2022\/09\/radtour-mit-dem-radverkehrsbeauftragten\/\"> <span class=\"screen-reader-text\">Radtour mit dem Radverkehrsbeauftragten<\/span> Weiterlesen &raquo;<\/a><\/p>\n","protected":false},"author":1,"featured_media":0,"comment_status":"open","ping_status":"open","sticky":false,"template":"","format":"standard","meta":{"ngg_post_thumbnail":0,"activitypub_content_warning":"","activitypub_content_visibility":"","activitypub_max_image_attachments":2,"activitypub_interaction_policy_quote":"anyone","activitypub_status":"","footnotes":""},"categories":[14,15,45,13],"tags":[477,547,546,306,110,271,326,168,270,206,304,318,508,301],"class_list":["post-169152","post","type-post","status-publish","format-standard","hentry","category-bad-oeynhausen","category-fahrrad","category-politik","category-verkehr","tag-alltagsradverkehr","tag-am-kokturkanal","tag-brunnenstrasse","tag-else-werre-radweg","tag-fahrradfreundliche-stadt","tag-fahrradstrasse","tag-in-der-ahe","tag-klimafreundliche-mobilitaet","tag-mindener-strasse","tag-radschnellweg","tag-rs3","tag-sielpark","tag-werre","tag-weserradweg"],"share_on_mastodon":{"url":"","error":""},"_links":{"self":[{"href":"https:\/\/www.andreas-edler.de\/blog\/wp-json\/wp\/v2\/posts\/169152","targetHints":{"allow":["GET"]}}],"collection":[{"href":"https:\/\/www.andreas-edler.de\/blog\/wp-json\/wp\/v2\/posts"}],"about":[{"href":"https:\/\/www.andreas-edler.de\/blog\/wp-json\/wp\/v2\/types\/post"}],"author":[{"embeddable":true,"href":"https:\/\/www.andreas-edler.de\/blog\/wp-json\/wp\/v2\/users\/1"}],"replies":[{"embeddable":true,"href":"https:\/\/www.andreas-edler.de\/blog\/wp-json\/wp\/v2\/comments?post=169152"}],"version-history":[{"count":0,"href":"https:\/\/www.andreas-edler.de\/blog\/wp-json\/wp\/v2\/posts\/169152\/revisions"}],"wp:attachment":[{"href":"https:\/\/www.andreas-edler.de\/blog\/wp-json\/wp\/v2\/media?parent=169152"}],"wp:term":[{"taxonomy":"category","embeddable":true,"href":"https:\/\/www.andreas-edler.de\/blog\/wp-json\/wp\/v2\/categories?post=169152"},{"taxonomy":"post_tag","embeddable":true,"href":"https:\/\/www.andreas-edler.de\/blog\/wp-json\/wp\/v2\/tags?post=169152"}],"curies":[{"name":"wp","href":"https:\/\/api.w.org\/{rel}","templated":true}]}}