{"id":169120,"date":"2022-08-26T23:59:51","date_gmt":"2022-08-26T21:59:51","guid":{"rendered":"https:\/\/www.andreas-edler.de\/blog\/?p=169120"},"modified":"2022-09-10T12:08:15","modified_gmt":"2022-09-10T10:08:15","slug":"doppelte-glasfaserleitungen","status":"publish","type":"post","link":"https:\/\/www.andreas-edler.de\/blog\/2022\/08\/doppelte-glasfaserleitungen\/","title":{"rendered":"Doppelte Glasfaserleitungen"},"content":{"rendered":"<p>Anfang August hatte ich <a href=\"https:\/\/www.andreas-edler.de\/blog\/2022\/08\/greenfiber-anschluss-in-bad-oeynhausen-bei-gleichzeitiger-leitung-von-glasfaser-nord-west\/\" rel=\"noopener\" target=\"_blank\">bei Greenfiber nachgefragt, ob im Fall der F\u00e4lle vor einem Haus bzw. in einer Stra\u00dfe doppelte Glasfaserleitungen von zwei Unternehmen unter die Erde gelegt werden<\/a>. Nach drei Wochen ohne Reaktion habe ich nachgehakt und bekam dann &#8211; inkl. einer plausiblen Erkl\u00e4rung f\u00fcr den Verzug &#8211; eine Antwort. Diese habe ich irgendwie immer verschwitzt zu posten.<\/p>\n<p>Man bedauert, dass die Mitbewerber ausgerechnet in der Bewerbungsphase von Greenfiber mit deren Ausbau weiter machen. Das sei irgendwie doof. Trotzdem wird Greenfiber auch dort, wo schon Kabel von z.B. Glasfaser-Nord-West liegen, eigene Glasfaser legen und so ein kommunales Netz aufbauen. Die anderen von mir angesprochenen Punkte sind komplett richtig vermutet. Wenn jemand wechselt und partout eine Glasfaser eines anderen Anbieters (oder das alte Kupferkabel) nutzen m\u00f6chte, kann er das tun. Hausanschluss vorausgesetzt.<\/p>\n<p>Kostenm\u00e4\u00dfig hat das f\u00fcr den B\u00fcrger keine Auswirkungen. Auch nicht f\u00fcr das zu erstellende kommunale Netz. Es werden unter Umst\u00e4nden die Stra\u00dfen jedoch zweimal aufgerissen. Besser werden die dadurch auch nicht.<\/p>\n","protected":false},"excerpt":{"rendered":"<p>Anfang August hatte ich bei Greenfiber nachgefragt, ob im Fall der F\u00e4lle vor einem Haus bzw. in einer Stra\u00dfe doppelte Glasfaserleitungen von zwei Unternehmen unter die Erde gelegt werden. Nach drei Wochen ohne Reaktion habe ich nachgehakt und bekam dann &hellip;<\/p>\n<p class=\"read-more\"> <a class=\"more-link\" href=\"https:\/\/www.andreas-edler.de\/blog\/2022\/08\/doppelte-glasfaserleitungen\/\"> <span class=\"screen-reader-text\">Doppelte Glasfaserleitungen<\/span> Weiterlesen &raquo;<\/a><\/p>\n","protected":false},"author":1,"featured_media":0,"comment_status":"open","ping_status":"open","sticky":false,"template":"","format":"standard","meta":{"ngg_post_thumbnail":0,"activitypub_content_warning":"","activitypub_content_visibility":"","activitypub_max_image_attachments":2,"activitypub_interaction_policy_quote":"anyone","activitypub_status":"","footnotes":""},"categories":[14,45],"tags":[533,225,543,145,64,77,79,72],"class_list":["post-169120","post","type-post","status-publish","format-standard","hentry","category-bad-oeynhausen","category-politik","tag-breitband","tag-finanzausschuss","tag-glasfaser","tag-internet","tag-konsum","tag-stadtrat","tag-stadtwerke","tag-verwaltung"],"share_on_mastodon":{"url":"","error":""},"_links":{"self":[{"href":"https:\/\/www.andreas-edler.de\/blog\/wp-json\/wp\/v2\/posts\/169120","targetHints":{"allow":["GET"]}}],"collection":[{"href":"https:\/\/www.andreas-edler.de\/blog\/wp-json\/wp\/v2\/posts"}],"about":[{"href":"https:\/\/www.andreas-edler.de\/blog\/wp-json\/wp\/v2\/types\/post"}],"author":[{"embeddable":true,"href":"https:\/\/www.andreas-edler.de\/blog\/wp-json\/wp\/v2\/users\/1"}],"replies":[{"embeddable":true,"href":"https:\/\/www.andreas-edler.de\/blog\/wp-json\/wp\/v2\/comments?post=169120"}],"version-history":[{"count":0,"href":"https:\/\/www.andreas-edler.de\/blog\/wp-json\/wp\/v2\/posts\/169120\/revisions"}],"wp:attachment":[{"href":"https:\/\/www.andreas-edler.de\/blog\/wp-json\/wp\/v2\/media?parent=169120"}],"wp:term":[{"taxonomy":"category","embeddable":true,"href":"https:\/\/www.andreas-edler.de\/blog\/wp-json\/wp\/v2\/categories?post=169120"},{"taxonomy":"post_tag","embeddable":true,"href":"https:\/\/www.andreas-edler.de\/blog\/wp-json\/wp\/v2\/tags?post=169120"}],"curies":[{"name":"wp","href":"https:\/\/api.w.org\/{rel}","templated":true}]}}