{"id":169080,"date":"2022-09-03T09:52:44","date_gmt":"2022-09-03T07:52:44","guid":{"rendered":"https:\/\/www.andreas-edler.de\/blog\/?p=169080"},"modified":"2022-09-03T09:52:44","modified_gmt":"2022-09-03T07:52:44","slug":"kellus-kurve-krutmuehlenweg","status":"publish","type":"post","link":"https:\/\/www.andreas-edler.de\/blog\/2022\/09\/kellus-kurve-krutmuehlenweg\/","title":{"rendered":"Kellus Kurve &#8211; Krutm\u00fchlenweg"},"content":{"rendered":"<p>Der Frank hat nebenan am Anfang des Jahres <a href=\"https:\/\/kramundkrempel.de\/bloque\/meine-coronakurve\/\" rel=\"noopener\" target=\"_blank\">etwas \u00fcber seinen Arbeitsweg und eine Kurve im Speziellen<\/a> geschrieben. Vor nun auch schon wieder einem Monat bin ich dort vorbei gekommen, als ich <a href=\"https:\/\/www.andreas-edler.de\/blog\/2022\/08\/mindener-strasse-mit-fahrradstreifen\/\" rel=\"noopener\" target=\"_blank\">nach Herford unterwegs<\/a> war. Da habe ich doch mal angehalten.<\/p>\n<figure id=\"attachment_169081\" aria-describedby=\"caption-attachment-169081\" style=\"width: 470px\" class=\"wp-caption aligncenter\"><a href=\"https:\/\/www.andreas-edler.de\/blog\/wp-content\/uploads\/2022\/09\/2022-08-07-15.27.41.jpg\"><img loading=\"lazy\" decoding=\"async\" src=\"https:\/\/www.andreas-edler.de\/blog\/wp-content\/uploads\/2022\/09\/2022-08-07-15.27.41-470x254.jpg\" alt=\"\" width=\"470\" height=\"254\" class=\"size-large wp-image-169081\" srcset=\"https:\/\/www.andreas-edler.de\/blog\/wp-content\/uploads\/2022\/09\/2022-08-07-15.27.41-470x254.jpg 470w, https:\/\/www.andreas-edler.de\/blog\/wp-content\/uploads\/2022\/09\/2022-08-07-15.27.41-250x135.jpg 250w, https:\/\/www.andreas-edler.de\/blog\/wp-content\/uploads\/2022\/09\/2022-08-07-15.27.41-768x415.jpg 768w, https:\/\/www.andreas-edler.de\/blog\/wp-content\/uploads\/2022\/09\/2022-08-07-15.27.41-100x54.jpg 100w, https:\/\/www.andreas-edler.de\/blog\/wp-content\/uploads\/2022\/09\/2022-08-07-15.27.41-150x81.jpg 150w, https:\/\/www.andreas-edler.de\/blog\/wp-content\/uploads\/2022\/09\/2022-08-07-15.27.41-200x108.jpg 200w, https:\/\/www.andreas-edler.de\/blog\/wp-content\/uploads\/2022\/09\/2022-08-07-15.27.41-300x162.jpg 300w, https:\/\/www.andreas-edler.de\/blog\/wp-content\/uploads\/2022\/09\/2022-08-07-15.27.41-450x243.jpg 450w, https:\/\/www.andreas-edler.de\/blog\/wp-content\/uploads\/2022\/09\/2022-08-07-15.27.41-600x324.jpg 600w, https:\/\/www.andreas-edler.de\/blog\/wp-content\/uploads\/2022\/09\/2022-08-07-15.27.41-900x486.jpg 900w, https:\/\/www.andreas-edler.de\/blog\/wp-content\/uploads\/2022\/09\/2022-08-07-15.27.41.jpg 1280w\" sizes=\"auto, (max-width: 470px) 100vw, 470px\" \/><\/a><figcaption id=\"caption-attachment-169081\" class=\"wp-caption-text\">Bremsspur auf absch\u00fcssiger Stra\u00dfe<\/figcaption><\/figure>\n<p>Besagte Kurve ist eigentlich die Einm\u00fcndung des Krutm\u00fchlenweg in einer langgezogenen, stark absch\u00fcssigen Kurve der Koblenzer Stra\u00dfe. Wenn man von oben auf dem kombinierten, in beide Richtungen benutzungspflichtigen Geh- und Radweg auf die Einm\u00fcndung zu f\u00e4hrt, sieht man davon erstmal wenig. Anhand der im Bild erkennbaren Bremsspur scheint es nicht nur mir so zu gehen.<\/p>\n<figure id=\"attachment_169082\" aria-describedby=\"caption-attachment-169082\" style=\"width: 470px\" class=\"wp-caption aligncenter\"><a href=\"https:\/\/www.andreas-edler.de\/blog\/wp-content\/uploads\/2022\/09\/2022-08-07-15.28.21.jpg\"><img loading=\"lazy\" decoding=\"async\" src=\"https:\/\/www.andreas-edler.de\/blog\/wp-content\/uploads\/2022\/09\/2022-08-07-15.28.21-470x254.jpg\" alt=\"\" width=\"470\" height=\"254\" class=\"size-large wp-image-169082\" srcset=\"https:\/\/www.andreas-edler.de\/blog\/wp-content\/uploads\/2022\/09\/2022-08-07-15.28.21-470x254.jpg 470w, https:\/\/www.andreas-edler.de\/blog\/wp-content\/uploads\/2022\/09\/2022-08-07-15.28.21-250x135.jpg 250w, https:\/\/www.andreas-edler.de\/blog\/wp-content\/uploads\/2022\/09\/2022-08-07-15.28.21-768x415.jpg 768w, https:\/\/www.andreas-edler.de\/blog\/wp-content\/uploads\/2022\/09\/2022-08-07-15.28.21-100x54.jpg 100w, https:\/\/www.andreas-edler.de\/blog\/wp-content\/uploads\/2022\/09\/2022-08-07-15.28.21-150x81.jpg 150w, https:\/\/www.andreas-edler.de\/blog\/wp-content\/uploads\/2022\/09\/2022-08-07-15.28.21-200x108.jpg 200w, https:\/\/www.andreas-edler.de\/blog\/wp-content\/uploads\/2022\/09\/2022-08-07-15.28.21-300x162.jpg 300w, https:\/\/www.andreas-edler.de\/blog\/wp-content\/uploads\/2022\/09\/2022-08-07-15.28.21-450x243.jpg 450w, https:\/\/www.andreas-edler.de\/blog\/wp-content\/uploads\/2022\/09\/2022-08-07-15.28.21-600x324.jpg 600w, https:\/\/www.andreas-edler.de\/blog\/wp-content\/uploads\/2022\/09\/2022-08-07-15.28.21-900x486.jpg 900w, https:\/\/www.andreas-edler.de\/blog\/wp-content\/uploads\/2022\/09\/2022-08-07-15.28.21.jpg 1280w\" sizes=\"auto, (max-width: 470px) 100vw, 470px\" \/><\/a><figcaption id=\"caption-attachment-169082\" class=\"wp-caption-text\">Poller und dicke Steine<\/figcaption><\/figure>\n<p>Folgerichtig ist die Stra\u00dfe, die laut Stra\u00dfenkarte f\u00fcr den motorisierten Verkehr ganz sicher keine alternativlose Verbindung ist, per Poller gesperrt worden. Bei Frank kann man sehr sch\u00f6n <a href=\"https:\/\/kramundkrempel.de\/bloque\/meine-coronakurve\/\" rel=\"noopener\" target=\"_blank\">nachlesen, wie die Fahrer\/innen des #MIV mit dieser Sperrung umgegangen sind<\/a>. Ich kann sowas nicht verstehen, wenngleich ich es t\u00e4glich sehe. Gestern sprach ich einen Autofahrer an, der mit seinem Fahrzeug in die Fahrradstra\u00dfe am Leingarten einfahren wollte. Er erwiderte, dass er dort wohne. Alles gut, dann darf er ja. Allerdings pampte er mich auch gleich an, was mich das interessiere. Nur um sich zwei S\u00e4tze sp\u00e4ter dar\u00fcber aufzuregen, dass die Polizei dort nur zweimal kontrolliert h\u00e4tte und sich dann nicht mehr blicken l\u00e4sst. Als ich ihm erkl\u00e4rte, dass ich und meine Frage dann wohl doch eher genau in seinem Interesse sein m\u00fcssten, ist er etwas ruhiger geworden.<\/p>\n<p>Allerdings gibt es eben genau die Menschen &#8211; \u00fcber die sich der Anwohner offensichtlich auch \u00e4rgerte &#8211; welche die Regelungen t\u00e4glich ignorieren und trotz &#8222;Anlieger frei&#8220; die Stra\u00dfe als Abk\u00fcrzung nutzen. So auch am Krutm\u00fchlenweg, bei dem sogar ein modaler Filter offensichtlich nichts gebracht hat und der Besitzer der Wiese nebenan ebenfalls zu baulichen Ma\u00dfnahmen greifen musste.<\/p>\n<figure id=\"attachment_169083\" aria-describedby=\"caption-attachment-169083\" style=\"width: 470px\" class=\"wp-caption aligncenter\"><a href=\"https:\/\/www.andreas-edler.de\/blog\/wp-content\/uploads\/2022\/09\/2022-08-07-15.28.36.jpg\"><img loading=\"lazy\" decoding=\"async\" src=\"https:\/\/www.andreas-edler.de\/blog\/wp-content\/uploads\/2022\/09\/2022-08-07-15.28.36-470x254.jpg\" alt=\"\" width=\"470\" height=\"254\" class=\"size-large wp-image-169083\" srcset=\"https:\/\/www.andreas-edler.de\/blog\/wp-content\/uploads\/2022\/09\/2022-08-07-15.28.36-470x254.jpg 470w, https:\/\/www.andreas-edler.de\/blog\/wp-content\/uploads\/2022\/09\/2022-08-07-15.28.36-250x135.jpg 250w, https:\/\/www.andreas-edler.de\/blog\/wp-content\/uploads\/2022\/09\/2022-08-07-15.28.36-768x415.jpg 768w, https:\/\/www.andreas-edler.de\/blog\/wp-content\/uploads\/2022\/09\/2022-08-07-15.28.36-100x54.jpg 100w, https:\/\/www.andreas-edler.de\/blog\/wp-content\/uploads\/2022\/09\/2022-08-07-15.28.36-150x81.jpg 150w, https:\/\/www.andreas-edler.de\/blog\/wp-content\/uploads\/2022\/09\/2022-08-07-15.28.36-200x108.jpg 200w, https:\/\/www.andreas-edler.de\/blog\/wp-content\/uploads\/2022\/09\/2022-08-07-15.28.36-300x162.jpg 300w, https:\/\/www.andreas-edler.de\/blog\/wp-content\/uploads\/2022\/09\/2022-08-07-15.28.36-450x243.jpg 450w, https:\/\/www.andreas-edler.de\/blog\/wp-content\/uploads\/2022\/09\/2022-08-07-15.28.36-600x324.jpg 600w, https:\/\/www.andreas-edler.de\/blog\/wp-content\/uploads\/2022\/09\/2022-08-07-15.28.36-900x486.jpg 900w, https:\/\/www.andreas-edler.de\/blog\/wp-content\/uploads\/2022\/09\/2022-08-07-15.28.36.jpg 1280w\" sizes=\"auto, (max-width: 470px) 100vw, 470px\" \/><\/a><figcaption id=\"caption-attachment-169083\" class=\"wp-caption-text\">Krutm\u00fchlenweg von unten<\/figcaption><\/figure>\n<p>Die wenigsten Menschen denken dar\u00fcber nach, warum manche Dinge so sind, wie sie sind. Das haben wir schon immer so gemacht. Warum darf ich hier nicht mehr durch? Soll ich etwa R\u00fccksicht auf andere nehmen? Und genau deshalb muss und kann der motorisierte Verkehr leider nur durch bauliche Ma\u00dfnahmen &#8222;in Schach&#8220; gehalten werden. Alles was auf Freiwilligkeit, R\u00fccksicht und Verstand basiert, funktioniert nicht. Schade.<\/p>\n","protected":false},"excerpt":{"rendered":"<p>Der Frank hat nebenan am Anfang des Jahres etwas \u00fcber seinen Arbeitsweg und eine Kurve im Speziellen geschrieben. Vor nun auch schon wieder einem Monat bin ich dort vorbei gekommen, als ich nach Herford unterwegs war. Da habe ich doch &hellip;<\/p>\n<p class=\"read-more\"> <a class=\"more-link\" href=\"https:\/\/www.andreas-edler.de\/blog\/2022\/09\/kellus-kurve-krutmuehlenweg\/\"> <span class=\"screen-reader-text\">Kellus Kurve &#8211; Krutm\u00fchlenweg<\/span> Weiterlesen &raquo;<\/a><\/p>\n","protected":false},"author":1,"featured_media":0,"comment_status":"open","ping_status":"open","sticky":false,"template":"","format":"standard","meta":{"ngg_post_thumbnail":0,"activitypub_content_warning":"","activitypub_content_visibility":"","activitypub_max_image_attachments":2,"activitypub_interaction_policy_quote":"anyone","activitypub_status":"","footnotes":""},"categories":[15,13],"tags":[37,63,40,421,545,480,515,132,71,260],"class_list":["post-169080","post","type-post","status-publish","format-standard","hentry","category-fahrrad","category-verkehr","tag-auto","tag-benehmen","tag-blogger","tag-koblenzer-strasse-loehne","tag-krutmuehlenweg-loehne","tag-miv","tag-poller","tag-radtour","tag-regeln","tag-stvo"],"share_on_mastodon":{"url":"","error":""},"_links":{"self":[{"href":"https:\/\/www.andreas-edler.de\/blog\/wp-json\/wp\/v2\/posts\/169080","targetHints":{"allow":["GET"]}}],"collection":[{"href":"https:\/\/www.andreas-edler.de\/blog\/wp-json\/wp\/v2\/posts"}],"about":[{"href":"https:\/\/www.andreas-edler.de\/blog\/wp-json\/wp\/v2\/types\/post"}],"author":[{"embeddable":true,"href":"https:\/\/www.andreas-edler.de\/blog\/wp-json\/wp\/v2\/users\/1"}],"replies":[{"embeddable":true,"href":"https:\/\/www.andreas-edler.de\/blog\/wp-json\/wp\/v2\/comments?post=169080"}],"version-history":[{"count":0,"href":"https:\/\/www.andreas-edler.de\/blog\/wp-json\/wp\/v2\/posts\/169080\/revisions"}],"wp:attachment":[{"href":"https:\/\/www.andreas-edler.de\/blog\/wp-json\/wp\/v2\/media?parent=169080"}],"wp:term":[{"taxonomy":"category","embeddable":true,"href":"https:\/\/www.andreas-edler.de\/blog\/wp-json\/wp\/v2\/categories?post=169080"},{"taxonomy":"post_tag","embeddable":true,"href":"https:\/\/www.andreas-edler.de\/blog\/wp-json\/wp\/v2\/tags?post=169080"}],"curies":[{"name":"wp","href":"https:\/\/api.w.org\/{rel}","templated":true}]}}