{"id":168952,"date":"2022-08-06T09:32:51","date_gmt":"2022-08-06T07:32:51","guid":{"rendered":"https:\/\/www.andreas-edler.de\/blog\/?p=168952"},"modified":"2022-08-06T09:45:13","modified_gmt":"2022-08-06T07:45:13","slug":"immer-noch-wildes-parken-am-sielbad","status":"publish","type":"post","link":"https:\/\/www.andreas-edler.de\/blog\/2022\/08\/immer-noch-wildes-parken-am-sielbad\/","title":{"rendered":"Immer noch wildes Parken am Sielbad"},"content":{"rendered":"<p>Nachdem ich <a href=\"https:\/\/www.andreas-edler.de\/blog\/2022\/07\/parken-am-sielbad-in-bad-oeynhausen\/\" rel=\"noopener\" target=\"_blank\">vor fast zwei Wochen bereits \u00fcber die Parksituation am Sielbad geschrieben<\/a> habe (und <a href=\"https:\/\/twitter.com\/filmfacts\/status\/1551536138439086080\" rel=\"noopener\" target=\"_blank\">auch den B\u00fcrgermeister &#8211; wenn auch nur auf Twitter &#8211; darauf hingewiesen<\/a> habe) hat <a href=\"https:\/\/www.nw.de\/lokal\/kreis_minden_luebbecke\/bad_oeynhausen\/23322646_Parkplatz-Chaos-am-neuen-Sielbad-in-Bad-Oeynhausen.html\" rel=\"noopener\" target=\"_blank\">gestern auch die Neue Westf\u00e4lische berichtet<\/a>. Und &#8222;ja&#8220;, es ist seit dem 25.07. nicht besser, sondern schlechter geworden.<\/p>\n<figure id=\"attachment_168953\" aria-describedby=\"caption-attachment-168953\" style=\"width: 470px\" class=\"wp-caption aligncenter\"><a href=\"https:\/\/www.andreas-edler.de\/blog\/wp-content\/uploads\/2022\/08\/2022-08-04-17.36.45.jpg\"><img loading=\"lazy\" decoding=\"async\" src=\"https:\/\/www.andreas-edler.de\/blog\/wp-content\/uploads\/2022\/08\/2022-08-04-17.36.45-470x97.jpg\" alt=\"\" width=\"470\" height=\"97\" class=\"size-large wp-image-168953\" srcset=\"https:\/\/www.andreas-edler.de\/blog\/wp-content\/uploads\/2022\/08\/2022-08-04-17.36.45-470x97.jpg 470w, https:\/\/www.andreas-edler.de\/blog\/wp-content\/uploads\/2022\/08\/2022-08-04-17.36.45-250x51.jpg 250w, https:\/\/www.andreas-edler.de\/blog\/wp-content\/uploads\/2022\/08\/2022-08-04-17.36.45-768x158.jpg 768w, https:\/\/www.andreas-edler.de\/blog\/wp-content\/uploads\/2022\/08\/2022-08-04-17.36.45-100x21.jpg 100w, https:\/\/www.andreas-edler.de\/blog\/wp-content\/uploads\/2022\/08\/2022-08-04-17.36.45-150x31.jpg 150w, https:\/\/www.andreas-edler.de\/blog\/wp-content\/uploads\/2022\/08\/2022-08-04-17.36.45-200x41.jpg 200w, https:\/\/www.andreas-edler.de\/blog\/wp-content\/uploads\/2022\/08\/2022-08-04-17.36.45-300x62.jpg 300w, https:\/\/www.andreas-edler.de\/blog\/wp-content\/uploads\/2022\/08\/2022-08-04-17.36.45-450x92.jpg 450w, https:\/\/www.andreas-edler.de\/blog\/wp-content\/uploads\/2022\/08\/2022-08-04-17.36.45-600x123.jpg 600w, https:\/\/www.andreas-edler.de\/blog\/wp-content\/uploads\/2022\/08\/2022-08-04-17.36.45-900x185.jpg 900w, https:\/\/www.andreas-edler.de\/blog\/wp-content\/uploads\/2022\/08\/2022-08-04-17.36.45.jpg 1280w\" sizes=\"auto, (max-width: 470px) 100vw, 470px\" \/><\/a><figcaption id=\"caption-attachment-168953\" class=\"wp-caption-text\">Seitenstreifen komplett zugeparkt<\/figcaption><\/figure>\n<p>Ich hatte am 25. die zuf\u00e4llig anwesende Polizei gefragt, ob man auf dem Seiten- bzw. Mehrzweckstreifen parken darf und der Polizist sagte &#8222;Wohl eher nicht.&#8220; &#8211; schien sich somit auch nicht sicher. Die Verwaltung sagte gestern in der Neuen Westf\u00e4lischen, es sei erlaubt. Da \u00e4u\u00dfere ich Zweifel :-) Liest man sich <a href=\"https:\/\/www.bussgeldkatalog.org\/mehrzweckstreifen\/\" rel=\"noopener\" target=\"_blank\">Erl\u00e4uterungen zum Mehrzweckstreifen durch, welche z.B. bussgeldkatalog.org zusammengefasst sind<\/a>, dann ist eigentlich klar, dass das, was mir noch aus der Fahrschule erinnerlich war, tats\u00e4chlich richtig ist.<\/p>\n<p><cite>Da die Nutzung entweder untersagt ist oder langsameren Fahrzeugen sowie Radfahrern und Fu\u00dfg\u00e4ngern vorbehalten ist, kann ein Mehrzweckstreifen laut StVO nicht zum Parken verwendet werden. Stellen Verkehrsteilnehmer ihr Fahrzeug hier ab, drohen Verwarngelder bis 35 Euro.<\/cite><\/p>\n<p>Insofern h\u00e4tte die Stadt Bad Oeynhausen meiner Meinung nach von Anfang an jede M\u00f6glichkeit gehabt, dieses Parken zu unterbinden. Im \u00dcbrigen erz\u00e4hlte mir gestern eine Arbeitskollegin, dass nicht nur auf dem Seitenstreifen, sondern auch auf der Fahrbahn geparkt wurde. Als aus der Bahnhofstra\u00dfe kommend nach links auf die Kanalstra\u00dfe abgebogen ist, standen dort bereits KFZ auf dem rechten Fahrstreifen und parkten. Wie ich vor zwei Wochen schon schrieb: gleich am Anfang anfangen das zu unterbinden! Ist augenscheinlich nicht geschehen. So schleift sich das ein und es wird zuk\u00fcnftig auch der Radschnellweg zugeparkt.<\/p>\n<p>Auch der neue Wohnmobilstellplatz am Sielbad kann oft nicht bestimmungsgem\u00e4\u00df genutzt werden. Ich w\u00e4re jedenfalls vergr\u00e4tzt, wenn ich mit dem gro\u00dfen Wohnmobil die steile Zufahrt runter, um die enge Kurve auf den Parkplatz gerollt w\u00e4re und die ganzen Deppen sehen w\u00fcrde, die dort verbotenerweise ihr Auto abgestellt haben.<\/p>\n<figure id=\"attachment_168954\" aria-describedby=\"caption-attachment-168954\" style=\"width: 470px\" class=\"wp-caption aligncenter\"><a href=\"https:\/\/www.andreas-edler.de\/blog\/wp-content\/uploads\/2022\/08\/2022-08-02-18.44.51.jpg\"><img loading=\"lazy\" decoding=\"async\" src=\"https:\/\/www.andreas-edler.de\/blog\/wp-content\/uploads\/2022\/08\/2022-08-02-18.44.51-470x205.jpg\" alt=\"\" width=\"470\" height=\"205\" class=\"size-large wp-image-168954\" srcset=\"https:\/\/www.andreas-edler.de\/blog\/wp-content\/uploads\/2022\/08\/2022-08-02-18.44.51-470x205.jpg 470w, https:\/\/www.andreas-edler.de\/blog\/wp-content\/uploads\/2022\/08\/2022-08-02-18.44.51-250x109.jpg 250w, https:\/\/www.andreas-edler.de\/blog\/wp-content\/uploads\/2022\/08\/2022-08-02-18.44.51-768x334.jpg 768w, https:\/\/www.andreas-edler.de\/blog\/wp-content\/uploads\/2022\/08\/2022-08-02-18.44.51-100x44.jpg 100w, https:\/\/www.andreas-edler.de\/blog\/wp-content\/uploads\/2022\/08\/2022-08-02-18.44.51-150x65.jpg 150w, https:\/\/www.andreas-edler.de\/blog\/wp-content\/uploads\/2022\/08\/2022-08-02-18.44.51-200x87.jpg 200w, https:\/\/www.andreas-edler.de\/blog\/wp-content\/uploads\/2022\/08\/2022-08-02-18.44.51-300x131.jpg 300w, https:\/\/www.andreas-edler.de\/blog\/wp-content\/uploads\/2022\/08\/2022-08-02-18.44.51-450x196.jpg 450w, https:\/\/www.andreas-edler.de\/blog\/wp-content\/uploads\/2022\/08\/2022-08-02-18.44.51-600x261.jpg 600w, https:\/\/www.andreas-edler.de\/blog\/wp-content\/uploads\/2022\/08\/2022-08-02-18.44.51-900x392.jpg 900w, https:\/\/www.andreas-edler.de\/blog\/wp-content\/uploads\/2022\/08\/2022-08-02-18.44.51.jpg 1280w\" sizes=\"auto, (max-width: 470px) 100vw, 470px\" \/><\/a><figcaption id=\"caption-attachment-168954\" class=\"wp-caption-text\">Wohnmobilstellplatz am 02.08.<\/figcaption><\/figure>\n<p>Dabei war es vor vier Tagen, als das Foto entstand, noch gar nicht so voll. Ich bin in den letzten Tagen nach der Arbeit dort vorbei gefahren und nur gestern, als es leicht nieselte, war der Wohnmobilstellplatz frei und von zwei Wohnmobilen belegt. Davor war er immer proppevoll mit Autos.<\/p>\n<figure id=\"attachment_168955\" aria-describedby=\"caption-attachment-168955\" style=\"width: 470px\" class=\"wp-caption aligncenter\"><a href=\"https:\/\/www.andreas-edler.de\/blog\/wp-content\/uploads\/2022\/08\/2022-08-02-18.45.30.jpg\"><img loading=\"lazy\" decoding=\"async\" src=\"https:\/\/www.andreas-edler.de\/blog\/wp-content\/uploads\/2022\/08\/2022-08-02-18.45.30-470x155.jpg\" alt=\"\" width=\"470\" height=\"155\" class=\"size-large wp-image-168955\" srcset=\"https:\/\/www.andreas-edler.de\/blog\/wp-content\/uploads\/2022\/08\/2022-08-02-18.45.30-470x155.jpg 470w, https:\/\/www.andreas-edler.de\/blog\/wp-content\/uploads\/2022\/08\/2022-08-02-18.45.30-250x83.jpg 250w, https:\/\/www.andreas-edler.de\/blog\/wp-content\/uploads\/2022\/08\/2022-08-02-18.45.30-768x254.jpg 768w, https:\/\/www.andreas-edler.de\/blog\/wp-content\/uploads\/2022\/08\/2022-08-02-18.45.30-100x33.jpg 100w, https:\/\/www.andreas-edler.de\/blog\/wp-content\/uploads\/2022\/08\/2022-08-02-18.45.30-150x50.jpg 150w, https:\/\/www.andreas-edler.de\/blog\/wp-content\/uploads\/2022\/08\/2022-08-02-18.45.30-200x66.jpg 200w, https:\/\/www.andreas-edler.de\/blog\/wp-content\/uploads\/2022\/08\/2022-08-02-18.45.30-300x99.jpg 300w, https:\/\/www.andreas-edler.de\/blog\/wp-content\/uploads\/2022\/08\/2022-08-02-18.45.30-450x149.jpg 450w, https:\/\/www.andreas-edler.de\/blog\/wp-content\/uploads\/2022\/08\/2022-08-02-18.45.30-600x198.jpg 600w, https:\/\/www.andreas-edler.de\/blog\/wp-content\/uploads\/2022\/08\/2022-08-02-18.45.30-900x297.jpg 900w, https:\/\/www.andreas-edler.de\/blog\/wp-content\/uploads\/2022\/08\/2022-08-02-18.45.30.jpg 1280w\" sizes=\"auto, (max-width: 470px) 100vw, 470px\" \/><\/a><figcaption id=\"caption-attachment-168955\" class=\"wp-caption-text\">Sch\u00f6n in den frisch einges\u00e4ten Trennstreifen.<\/figcaption><\/figure>\n<p>Nat\u00fcrlich achten die Fahrer\/innen weder auf die Beschilderung, noch auf das worauf sie gerade parken. Die Stadtwerke k\u00f6nnen die frisch angelegten Gr\u00fcnstreifen jedenfalls noch mal komplett neu machen. Die sind inzwischen von den Autofahrenden hart wie Beton verdichtet.<\/p>\n<figure id=\"attachment_168958\" aria-describedby=\"caption-attachment-168958\" style=\"width: 470px\" class=\"wp-caption aligncenter\"><a href=\"https:\/\/www.andreas-edler.de\/blog\/wp-content\/uploads\/2022\/08\/2022-08-04-17.40.06.jpg\"><img loading=\"lazy\" decoding=\"async\" src=\"https:\/\/www.andreas-edler.de\/blog\/wp-content\/uploads\/2022\/08\/2022-08-04-17.40.06-470x124.jpg\" alt=\"\" width=\"470\" height=\"124\" class=\"size-large wp-image-168958\" srcset=\"https:\/\/www.andreas-edler.de\/blog\/wp-content\/uploads\/2022\/08\/2022-08-04-17.40.06-470x124.jpg 470w, https:\/\/www.andreas-edler.de\/blog\/wp-content\/uploads\/2022\/08\/2022-08-04-17.40.06-250x66.jpg 250w, https:\/\/www.andreas-edler.de\/blog\/wp-content\/uploads\/2022\/08\/2022-08-04-17.40.06-768x203.jpg 768w, https:\/\/www.andreas-edler.de\/blog\/wp-content\/uploads\/2022\/08\/2022-08-04-17.40.06-100x26.jpg 100w, https:\/\/www.andreas-edler.de\/blog\/wp-content\/uploads\/2022\/08\/2022-08-04-17.40.06-150x40.jpg 150w, https:\/\/www.andreas-edler.de\/blog\/wp-content\/uploads\/2022\/08\/2022-08-04-17.40.06-200x53.jpg 200w, https:\/\/www.andreas-edler.de\/blog\/wp-content\/uploads\/2022\/08\/2022-08-04-17.40.06-300x79.jpg 300w, https:\/\/www.andreas-edler.de\/blog\/wp-content\/uploads\/2022\/08\/2022-08-04-17.40.06-450x119.jpg 450w, https:\/\/www.andreas-edler.de\/blog\/wp-content\/uploads\/2022\/08\/2022-08-04-17.40.06-600x159.jpg 600w, https:\/\/www.andreas-edler.de\/blog\/wp-content\/uploads\/2022\/08\/2022-08-04-17.40.06-900x238.jpg 900w, https:\/\/www.andreas-edler.de\/blog\/wp-content\/uploads\/2022\/08\/2022-08-04-17.40.06.jpg 1280w\" sizes=\"auto, (max-width: 470px) 100vw, 470px\" \/><\/a><figcaption id=\"caption-attachment-168958\" class=\"wp-caption-text\">Verdichteter Grasstreifen<\/figcaption><\/figure>\n<p>Es wird ohne R\u00fccksicht auf Verluste das Auto abgestellt, wo es gerade hin passt. Ob das erlaubt oder sinnvoll ist, wird nicht hinterfragt. Vorgestern ist ein junger Mann dort wieder runter gefahren, nachdem ich dort zuf\u00e4llig stand und ihm erl\u00e4uterte, dass man dort nicht parken darf und es sonst Tickets gibt.<\/p>\n<figure id=\"attachment_168956\" aria-describedby=\"caption-attachment-168956\" style=\"width: 470px\" class=\"wp-caption aligncenter\"><a href=\"https:\/\/www.andreas-edler.de\/blog\/wp-content\/uploads\/2022\/08\/2022-08-02-18.45.24.jpg\"><img loading=\"lazy\" decoding=\"async\" src=\"https:\/\/www.andreas-edler.de\/blog\/wp-content\/uploads\/2022\/08\/2022-08-02-18.45.24-470x205.jpg\" alt=\"\" width=\"470\" height=\"205\" class=\"size-large wp-image-168956\" srcset=\"https:\/\/www.andreas-edler.de\/blog\/wp-content\/uploads\/2022\/08\/2022-08-02-18.45.24-470x205.jpg 470w, https:\/\/www.andreas-edler.de\/blog\/wp-content\/uploads\/2022\/08\/2022-08-02-18.45.24-250x109.jpg 250w, https:\/\/www.andreas-edler.de\/blog\/wp-content\/uploads\/2022\/08\/2022-08-02-18.45.24-768x334.jpg 768w, https:\/\/www.andreas-edler.de\/blog\/wp-content\/uploads\/2022\/08\/2022-08-02-18.45.24-100x44.jpg 100w, https:\/\/www.andreas-edler.de\/blog\/wp-content\/uploads\/2022\/08\/2022-08-02-18.45.24-150x65.jpg 150w, https:\/\/www.andreas-edler.de\/blog\/wp-content\/uploads\/2022\/08\/2022-08-02-18.45.24-200x87.jpg 200w, https:\/\/www.andreas-edler.de\/blog\/wp-content\/uploads\/2022\/08\/2022-08-02-18.45.24-300x131.jpg 300w, https:\/\/www.andreas-edler.de\/blog\/wp-content\/uploads\/2022\/08\/2022-08-02-18.45.24-450x196.jpg 450w, https:\/\/www.andreas-edler.de\/blog\/wp-content\/uploads\/2022\/08\/2022-08-02-18.45.24-600x261.jpg 600w, https:\/\/www.andreas-edler.de\/blog\/wp-content\/uploads\/2022\/08\/2022-08-02-18.45.24-900x392.jpg 900w, https:\/\/www.andreas-edler.de\/blog\/wp-content\/uploads\/2022\/08\/2022-08-02-18.45.24.jpg 1280w\" sizes=\"auto, (max-width: 470px) 100vw, 470px\" \/><\/a><figcaption id=\"caption-attachment-168956\" class=\"wp-caption-text\">Ab in die Rabatten.<\/figcaption><\/figure>\n<p>Einem \u00e4lteren Herrn war das aber egal. Der hat sich trotzdem auf den Gr\u00fcnstreifen gestellt und ist samt Familie ins Bad gegangen: &#8222;Ich nix lesen!&#8220; war der O-Ton. Ich kann&#8217;s nicht \u00e4ndern. Das Ordnungsamt schon. Zur Not auch mal mit dem Abschlepper. Dann lernen es die Leute. In Bad Oeynhausen wird aber viel gro\u00dfz\u00fcgig schl\u00fcren gelassen. Und dann wundern sich alle, dass es Presseartikel gibt.<\/p>\n","protected":false},"excerpt":{"rendered":"<p>Nachdem ich vor fast zwei Wochen bereits \u00fcber die Parksituation am Sielbad geschrieben habe (und auch den B\u00fcrgermeister &#8211; wenn auch nur auf Twitter &#8211; darauf hingewiesen habe) hat gestern auch die Neue Westf\u00e4lische berichtet. Und &#8222;ja&#8220;, es ist seit &hellip;<\/p>\n<p class=\"read-more\"> <a class=\"more-link\" href=\"https:\/\/www.andreas-edler.de\/blog\/2022\/08\/immer-noch-wildes-parken-am-sielbad\/\"> <span class=\"screen-reader-text\">Immer noch wildes Parken am Sielbad<\/span> Weiterlesen &raquo;<\/a><\/p>\n","protected":false},"author":1,"featured_media":0,"comment_status":"open","ping_status":"open","sticky":false,"template":"","format":"standard","meta":{"ngg_post_thumbnail":0,"activitypub_content_warning":"","activitypub_content_visibility":"","activitypub_max_image_attachments":2,"activitypub_interaction_policy_quote":"anyone","activitypub_status":"","footnotes":""},"categories":[14,45,13],"tags":[63,254,456,34,270,429,436,430,127,71,302,318,79],"class_list":["post-168952","post","type-post","status-publish","format-standard","hentry","category-bad-oeynhausen","category-politik","category-verkehr","tag-benehmen","tag-camping","tag-kanalstrasse","tag-kommunikation","tag-mindener-strasse","tag-ordnungsamt","tag-parkdruck","tag-parkraumbewirtschaftung","tag-polizei","tag-regeln","tag-sielbad","tag-sielpark","tag-stadtwerke"],"share_on_mastodon":{"url":"","error":""},"_links":{"self":[{"href":"https:\/\/www.andreas-edler.de\/blog\/wp-json\/wp\/v2\/posts\/168952","targetHints":{"allow":["GET"]}}],"collection":[{"href":"https:\/\/www.andreas-edler.de\/blog\/wp-json\/wp\/v2\/posts"}],"about":[{"href":"https:\/\/www.andreas-edler.de\/blog\/wp-json\/wp\/v2\/types\/post"}],"author":[{"embeddable":true,"href":"https:\/\/www.andreas-edler.de\/blog\/wp-json\/wp\/v2\/users\/1"}],"replies":[{"embeddable":true,"href":"https:\/\/www.andreas-edler.de\/blog\/wp-json\/wp\/v2\/comments?post=168952"}],"version-history":[{"count":0,"href":"https:\/\/www.andreas-edler.de\/blog\/wp-json\/wp\/v2\/posts\/168952\/revisions"}],"wp:attachment":[{"href":"https:\/\/www.andreas-edler.de\/blog\/wp-json\/wp\/v2\/media?parent=168952"}],"wp:term":[{"taxonomy":"category","embeddable":true,"href":"https:\/\/www.andreas-edler.de\/blog\/wp-json\/wp\/v2\/categories?post=168952"},{"taxonomy":"post_tag","embeddable":true,"href":"https:\/\/www.andreas-edler.de\/blog\/wp-json\/wp\/v2\/tags?post=168952"}],"curies":[{"name":"wp","href":"https:\/\/api.w.org\/{rel}","templated":true}]}}