{"id":168651,"date":"2005-01-04T00:58:58","date_gmt":"2005-01-03T23:58:58","guid":{"rendered":"https:\/\/www.andreas-edler.de\/blog\/?p=168651"},"modified":"2022-06-12T17:59:52","modified_gmt":"2022-06-12T15:59:52","slug":"bergkirchener-strasse","status":"publish","type":"post","link":"https:\/\/www.andreas-edler.de\/blog\/2005\/01\/bergkirchener-strasse\/","title":{"rendered":"Bergkirchener Stra\u00dfe"},"content":{"rendered":"\n<div class=\"info\">\n<ul>\n<li>20.05.2017 &#8211; <a href=\"http:\/\/www.andreas-edler.de\/blog\/2017\/05\/aufhebung-der-radwegbenutzungspflicht-an-der-bergkirchener-strasse-in-werste\/\">Radwegbenutzungspflicht endlich aufgehoben<\/a><\/li>\n<li>21.09.2016 &#8211; <a href=\"http:\/\/www.andreas-edler.de\/blog\/2016\/09\/beleuchtung-auf-der-falschen-seite\/\">Beleuchtung auf der falschen Seite<\/a><\/li>\n<li>07.04.2013 &#8211; <a href=\"http:\/\/www.andreas-edler.de\/blog\/2013\/04\/querungshilfe-radweg-bergkirchener-ringstrasse\/\">Querungshilfe: Radweg Bergkirchener-\/Ringstra\u00dfe<\/a><\/li>\n<li>09.04.2011 &#8211; <a href=\"http:\/\/www.andreas-edler.de\/blog\/2011\/04\/zum-hangenbleiben\/\">zum H\u00e4ngenbleiben<\/a><\/li>\n<li>13.03.2009 &#8211; <a href=\"#20090313\">Update: einige neue Bilder<\/a><\/li>\n<li>30.10.2007 &#8211; <a href=\"http:\/\/www.andreas-edler.de\/blog\/2007\/10\/bergkirchener-strase\/\">Bergkirchener Stra\u00dfe<\/a><\/li>\n<li>30.07.2006 &#8211; <a href=\"http:\/\/www.andreas-edler.de\/blog\/2006\/07\/radweg-der-bergkirchener-strae\/\">Bergkirchener Stra\u00dfe &#8211; Radweg<\/a><\/li>\n<li>30.05.2005 &#8211; <a href=\"http:\/\/www.andreas-edler.de\/blog\/2005\/01\/eisesklte-und-dmliche-bushaltestellen\/\">Bergkirchener Stra\u00dfe &#8211; Bushaltestellen<\/a><\/li>\n<li>04.01.2005 &#8211; <a href=\"http:\/\/www.andreas-edler.de\/blog\/2005\/01\/schilderwald-auf-radweg\/\">Bergkirchener Stra\u00dfe &#8211; Schilderwald<\/a><\/li>\n<\/ul><\/div>\n<p><a name=\"20090313\"><\/a><b>13.03.2009<\/b> &#8211; Der Radweg an der Bergkirchener Stra\u00dfe ist aus mehreren Gr\u00fcnden, die ich hier auf der Seite auch schon mehrfach genannte habe, alles andere als optimal. Eigentlich ist er bei der Anzahl der dort fahrenden Fahrzeuge sogar \u00fcberfl\u00fcssig. Zumindest die Benutzungspflicht ist Quatsch. Vor allen Dingen da sie in Richtung Wulferdingsen auch noch linksseitig angeordnet ist, w\u00e4hrend sich rechtsseitig der Fahrbahn ebenfalls ein Gehweg befindet. Das ist mehr als fragw\u00fcrdig. Keine Ahnung, was die Planer da wieder geritten hat.<\/p>\n<p>Da im letzten Arbeitskreis u.a. einen kleiner Arbeitsgruppe zum Thema Sicherheit eingerichtet wurde, habe bin ich heute los und habe begonnen, entsprechende Stellen im Bild festzuhalten. So sind die Bushaltestellenschilder sehr, sehr \u00e4rgerlich so wie sie montiert sind. Vor allen Dingen besteht gar kein Grund, die Dinger mitten auf den Weg zu pflanzen. Oder kann der Busfahrer die Haltestelle mit einem weiter hinten oder an einem B\u00fcgel montierten Schild pl\u00f6tzlich nicht mehr finden? Diese drei Sperrpfosten befinden sich innerhalb einer Strecke von ca. 500 bis 750 Metern.<\/p>\n<p style=\"text-align:center;\"><img loading=\"lazy\" decoding=\"async\" src=\"http:\/\/www.andreas-edler.de\/grafik\/blog_2009\/20090313_bergkirchener_bushaltestelle_1.jpg\" alt=\"\" border=\"0\" width=\"470\" height=\"204\"><\/p>\n<p style=\"text-align:center;\"><img loading=\"lazy\" decoding=\"async\" src=\"http:\/\/www.andreas-edler.de\/grafik\/blog_2009\/20090313_bergkirchener_bushaltestelle_2.jpg\" alt=\"\" border=\"0\" width=\"470\" height=\"227\"><\/p>\n<p style=\"text-align:center;\"><img loading=\"lazy\" decoding=\"async\" src=\"http:\/\/www.andreas-edler.de\/grafik\/blog_2009\/20090313_bergkirchener_bushaltestelle_3.jpg\" alt=\"\" border=\"0\" width=\"470\" height=\"200\"><\/p>\n","protected":false},"excerpt":{"rendered":"<p>20.05.2017 &#8211; Radwegbenutzungspflicht endlich aufgehoben 21.09.2016 &#8211; Beleuchtung auf der falschen Seite 07.04.2013 &#8211; Querungshilfe: Radweg Bergkirchener-\/Ringstra\u00dfe 09.04.2011 &#8211; zum H\u00e4ngenbleiben 13.03.2009 &#8211; Update: einige neue Bilder 30.10.2007 &#8211; Bergkirchener Stra\u00dfe 30.07.2006 &#8211; Bergkirchener Stra\u00dfe &#8211; Radweg 30.05.2005 &#8211; Bergkirchener &hellip;<\/p>\n<p class=\"read-more\"> <a class=\"more-link\" href=\"https:\/\/www.andreas-edler.de\/blog\/2005\/01\/bergkirchener-strasse\/\"> <span class=\"screen-reader-text\">Bergkirchener Stra\u00dfe<\/span> Weiterlesen &raquo;<\/a><\/p>\n","protected":false},"author":1,"featured_media":0,"comment_status":"open","ping_status":"open","sticky":false,"template":"","format":"standard","meta":{"ngg_post_thumbnail":0,"activitypub_content_warning":"","activitypub_content_visibility":"","activitypub_max_image_attachments":2,"activitypub_interaction_policy_quote":"anyone","activitypub_status":"","footnotes":""},"categories":[14,15,13],"tags":[376,110,251,168],"class_list":["post-168651","post","type-post","status-publish","format-standard","hentry","category-bad-oeynhausen","category-fahrrad","category-verkehr","tag-bergkirchener-strasse","tag-fahrradfreundliche-stadt","tag-infrastruktur","tag-klimafreundliche-mobilitaet"],"share_on_mastodon":{"url":"","error":""},"_links":{"self":[{"href":"https:\/\/www.andreas-edler.de\/blog\/wp-json\/wp\/v2\/posts\/168651","targetHints":{"allow":["GET"]}}],"collection":[{"href":"https:\/\/www.andreas-edler.de\/blog\/wp-json\/wp\/v2\/posts"}],"about":[{"href":"https:\/\/www.andreas-edler.de\/blog\/wp-json\/wp\/v2\/types\/post"}],"author":[{"embeddable":true,"href":"https:\/\/www.andreas-edler.de\/blog\/wp-json\/wp\/v2\/users\/1"}],"replies":[{"embeddable":true,"href":"https:\/\/www.andreas-edler.de\/blog\/wp-json\/wp\/v2\/comments?post=168651"}],"version-history":[{"count":0,"href":"https:\/\/www.andreas-edler.de\/blog\/wp-json\/wp\/v2\/posts\/168651\/revisions"}],"wp:attachment":[{"href":"https:\/\/www.andreas-edler.de\/blog\/wp-json\/wp\/v2\/media?parent=168651"}],"wp:term":[{"taxonomy":"category","embeddable":true,"href":"https:\/\/www.andreas-edler.de\/blog\/wp-json\/wp\/v2\/categories?post=168651"},{"taxonomy":"post_tag","embeddable":true,"href":"https:\/\/www.andreas-edler.de\/blog\/wp-json\/wp\/v2\/tags?post=168651"}],"curies":[{"name":"wp","href":"https:\/\/api.w.org\/{rel}","templated":true}]}}