{"id":168625,"date":"2008-06-23T00:30:04","date_gmt":"2008-06-22T22:30:04","guid":{"rendered":"https:\/\/www.andreas-edler.de\/blog\/?p=168625"},"modified":"2022-06-12T16:34:52","modified_gmt":"2022-06-12T14:34:52","slug":"alter-postweg-schulwegsicherung-benutzungspflicht","status":"publish","type":"post","link":"https:\/\/www.andreas-edler.de\/blog\/2008\/06\/alter-postweg-schulwegsicherung-benutzungspflicht\/","title":{"rendered":"Alter Postweg &#8211; Schulwegsicherung und Benutzungspflicht"},"content":{"rendered":"<br \/>\n<h4>23.06.2008<\/h4>\n<h4>Alter Postweg &#8211; Schulwegsicherung im Rahmen des Neubaus der Spange<\/h4>\n<div class=\"info\">\n<ul>\n<li>28.03.2018 &#8211; <a href=\"http:\/\/www.andreas-edler.de\/blog\/2018\/03\/querungshilfe-alter-postweg-wieder-uebersehen\/\">Querungshilfe wieder \u00fcbersehen<\/a><\/li>\n<li>11.05.2015 &#8211; <a href=\"http:\/\/www.andreas-edler.de\/blog\/2015\/05\/rad-und-fussgaengerbruecke-im-verlauf-des-alten-postweg\/\">Neue Rad- und Fu\u00dfg\u00e4ngerbr\u00fccke \u00fcber die Nordumgehung<\/a><\/li>\n<li>09.01.2015 &#8211; <a href=\"http:\/\/www.andreas-edler.de\/blog\/2015\/01\/radwegbenutzungspflicht-am-alten-postweg-komplett-aufgehoben\/\" title=\"Radwegbenutzungspflicht am Alten Postweg komplett aufgehoben\">Radwegbenutzungspflich endlich komplett aufgehoben<\/a><\/li>\n<li>30.12.2014 &#8211; <a href=\"http:\/\/www.andreas-edler.de\/blog\/2014\/12\/beschilderung-des-radweges-am-alten-postweg\/\" title=\"Beschilderung des Radweges am Alten Postweg\">Beschilderung des Radweges am Alten Postweg<\/a><\/li>\n<li>09.09.2014 &#8211; <a href=\"http:\/\/www.andreas-edler.de\/blog\/2014\/09\/aufhebung-der-radwegbenutzungspflicht-am-alten-postweg\/\" title=\"Aufhebung der Radwegbenutzungspflicht am Alten Postweg\">Aufhebung der Radwegbenutzungspflicht am Alten Postweg<\/a><\/li>\n<li>19.03.2014 &#8211; <a href=\"http:\/\/www.andreas-edler.de\/blog\/2014\/03\/katastrophaler-radweg-an-der-dehmer-spange\/\" title=\"Katastrophaler \u201cRadweg\u201d an der Dehmer Spange\">Katastrophaler &#8222;Radweg&#8220; an der Dehmer Spange<\/a><\/li>\n<li>07.04.2013 &#8211; <a href=\"http:\/\/www.andreas-edler.de\/blog\/2013\/04\/unfall-auf-dem-alten-postweg\/\">Unfall auf dem Alten Postweg<\/a><\/li>\n<li>26.02.2013 &#8211; <a href=\"http:\/\/www.andreas-edler.de\/blog\/2013\/02\/ortsbesichtigung-alter-postweg\/\">Ortsbesichtigung Alter Postweg<\/a><\/li>\n<li>20.04.2012 &#8211; <a href=\"http:\/\/www.andreas-edler.de\/blog\/2012\/04\/alter-postweg-muessen-und-duerfen\/\">Wieder mal die Benutzungspflicht bemerkt<\/a><\/li>\n<li>28.01.2012 &#8211; <a href=\"http:\/\/www.andreas-edler.de\/blog\/2012\/01\/ampel-am-alten-postweg\/\">Antrag f\u00fcr eine Bedarfsampel an der Querung Alter Postweg<\/a><\/li>\n<li>01.08.2011 &#8211; <a href=\"http:\/\/www.andreas-edler.de\/blog\/2011\/08\/benutzen-oder-nicht\/\">Benutzen oder nicht<\/a><\/li>\n<li>07.12.2008 &#8211; <a href=\"#20081207\">Kein kombinierter Geh-\/Radweg am Alten Postweg<\/a><\/li>\n<li>30.07.2008 &#8211; <a href=\"http:\/\/www.andreas-edler.de\/2008\/07\/querung-alter-postweg.php\">Anfrage wegen gef\u00e4hrlicher Querung des Alten Postweges<\/a><\/li>\n<li>08.07.2008 &#8211; <a href=\"http:\/\/www.andreas-edler.de\/2008\/07\/alter-postweg-hat-ja-nicht-lange.php\">Fahrradfahrer st\u00f6\u00dft mit PKW zusammen<\/a><\/li>\n<li>24.06.2008 &#8211; <a href=\"#20080624\">Piktogramme an der Rad- und Fu\u00dfg\u00e4ngerquerung<\/a><\/li>\n<li>15.03.2008 &#8211; <a href=\"http:\/\/www.andreas-edler.de\/blog\/2008\/03\/einmuendung-hahnenkampstrasse-alter-postweg\/\">Einm\u00fcndung Hahnenkampstra\u00dfe \/ Alter Postweg<\/a><\/li>\n<li>09.12.2006 &#8211; <a href=\"http:\/\/www.andreas-edler.de\/blog\/2006\/12\/radweg-an-der-eidinghausener-spange\/\">erste Bedenken<\/a><\/li>\n<\/ul><\/div>\n<div class=\"bild\"><img loading=\"lazy\" decoding=\"async\" src=\"http:\/\/www.andreas-edler.de\/grafik\/blog\/radwege_bo\/20080623_alter_postweg_2.jpg\" width=\"250\" height=\"117\" border=\"0\" alt=\"\"><\/div>\n<p>Der &#8222;Alte Postweg&#8220; wurde verlegt und vor <a href=\"http:\/\/www.andreas-edler.de\/blog\/2006\/12\/radweg-an-der-eidinghausener-spange\/\">1 1\/2 Jahren schon<\/a> habe ich gesagt, dass die Planungen hinsichtlich der Radfahrer Mist sind. Nat\u00fcrlich hatte ich Recht.<\/p>\n<p>Die Radfahrerfurt an der neuen <a href=\"http:\/\/www.andreas-edler.de\/rad_bad_oeynhausen_alter_postweg_hahnenkampstrasse.php\">Einm\u00fcndung der Hahnenkampstra\u00dfe<\/a> liegt 5 Meter entfernt vom Zebrastreifen, die Haltelinie f\u00fcr die Autos direkt an der Radfurt, so dass hier zwangsl\u00e4ufig Fahrzeuge den Weg blockieren &#8211; obwohl Platz im \u00dcberflu\u00df vorhanden ist. Denn mal ehrlich, welcher Autofahrer h\u00e4lt f\u00fcr die Radfahrer an?<\/p>\n<p style=\"text-align:center;\"><img loading=\"lazy\" decoding=\"async\" src=\"http:\/\/www.andreas-edler.de\/grafik\/blog\/radwege_bo\/20080623_alter_postweg_von_hahnenkampstrasse.jpg\" width=\"470\" height=\"189\" border=\"0\" alt=\"\"><\/p>\n<p>Ich fahre hier oft, da dies Tims Weg zum Kindergarten ist und er mit Begeisterung auf dem Rad dort hin f\u00e4hrt. Und es ist schwierig, dem Jungen klar zu machen, warum er einmal immer rechts fahren soll, aber eben auch manchmal links. Und warum er an einigen Stellen besser anh\u00e4lt. Wie z.B. an der Querungshilfe zum bisherigen Verlauf des &#8222;Alten Postweg&#8220;. Dieser liegt besonders g\u00fcnstig hinter einer langgezogenen Kurve. Die ist sch\u00f6n schnell mit dem Auto zu befahren &#8211; man m\u00f6chte ja niemanden ausbremsen &#8211; und zus\u00e4tzlich von Dehme aus kommend leidlich schlecht einzusehen.<\/p>\n<p>Das hat man auch bei den Planern eingesehen und inzwischen &#8222;Stop&#8220;-Schilder montiert. F\u00fcr die Radfahrer! Und weil&#8217;s so sch\u00f6n ist, auch noch dergestalt, dass man sie nur sehen kann, wenn man den Radweg linksseitig benutzt. Kommt man den kombinierten Geh-\/Radweg von der Hahnenkampstra\u00dfe (richtig) herunter gefahren, guckt man nur von hinten auf das Schild. Sehr geschickt gemacht. Zu allem \u00dcberflu\u00df bleiben neuerdings viele Autofahrer unvermittelt an der Verkehrsinsel stehen, wenn ich mit dem Nachwuchs an der Furt warte. Himmel! Haben die alle keinen F\u00fchrerschein? Ich werde den Teufel tun und dann losfahren, um dem Kleinen so zu signalisieren, dass der tumbe Onkel im Auto der Normalfall ist. Vorfahrt gew\u00e4hren wo es nicht vorgesehen ist, f\u00fchrt nur zu Unf\u00e4llen.<\/p>\n<p style=\"text-align:center;\"><img loading=\"lazy\" decoding=\"async\" src=\"http:\/\/www.andreas-edler.de\/grafik\/blog\/radwege_bo\/20080326_alter_postweg_von_dehme.jpg\" width=\"470\" height=\"166\" border=\"0\" alt=\"\"><\/p>\n<p>Super gemacht, liebe Planer! So schafft man klare Verh\u00e4ltnisse. Aber das ihr das nicht wollt &#8211; oder k\u00f6nnt &#8211; demonstriert ihr ja schon 100 Meter weiter vorne. Wo mu\u00df ich denn als Radfahrer auf dem &#8222;Alten Postweg&#8220; nun unterwegs sein?<\/p>\n<p style=\"text-align:center;\"><img loading=\"lazy\" decoding=\"async\" src=\"http:\/\/www.andreas-edler.de\/grafik\/blog\/radwege_bo\/20080623_alter_postweg_beidseitig.jpg\" width=\"470\" height=\"202\" border=\"0\" alt=\"\"><\/p>\n<p>Rechts und links jeweils ein Gehweg &#8211; und beide sind f\u00fcr Radfahrer frei gegeben. Guckt man genauer hin, dann ist der linksseitige kombinierte Geh-\/Radweg benutzungspflichtig. Das sieht man aber nur, wenn man aus der &#8222;Lohbrede&#8220; kommt, da das <a href=\"http:\/\/www.sicherestrassen.de\/VKZKatalog\/Kat240.htm\">Zeichen 240<\/a> quer zur Fahrtrichtung montiert ist, mit Doppelpfeil unten drunter. Wer haftet denn jetzt wie, wenn ich wo fahre? Rechts darf ich, links auch, links mu\u00df ich aber, wenn ich aus der Lohbrede komme und rechts oder links will?! Hat neulich nicht in der Zeitung gestanden, die Stadt ist so stolz auf ihren Schilderabbau?<\/p>\n<div class=\"bild\"><img loading=\"lazy\" decoding=\"async\" src=\"http:\/\/www.andreas-edler.de\/grafik\/blog\/radwege_bo\/20080623_alter_postweg_gehweg_schmal.jpg\" width=\"250\" height=\"145\" border=\"0\" alt=\"\"><\/div>\n<p>Angesichts der Ausgestaltung des rechten Gehweges, wird sich der unsichere Radfahrer garantiert f\u00fcr Querung der Stra\u00dfe entscheiden. Just hier ist aber, auf der der Lohbrede  gegen\u00fcberliegenden Fahrbahnseite, gar keine Bordsteinabsenkung. Kommt man also gar nicht rauf. Sinnigerweise und wenn man nicht lebensm\u00fcde ist, wird man also ganz schlicht und ergreifend auf der Fahrbahn fahren.<\/p>\n<p>Denn mal ehrlich: mu\u00df ich auf 40 Zentimeter Breite um Fu\u00dfg\u00e4nger herumzirkeln? Wohl kaum! Kommt man dann an den Abzweig des alten vom neuen &#8222;Alten Postweg&#8220; (ja, ist schwierig), ist der rechtsseitige Gehweg pl\u00f6tzlich neu gepflastert. Warum man ihn dort nicht gleich so breit gemacht hat, dass er auch wie ausgeschildert von Radfahrern genutzt werden kann, wird mir von den Planern wahrscheinlich wieder niemand erkl\u00e4ren k\u00f6nnen. Eigenwillig jedenfalls.<\/p>\n<p style=\"text-align:center;\"><img loading=\"lazy\" decoding=\"async\" src=\"http:\/\/www.andreas-edler.de\/grafik\/blog\/radwege_bo\/20080623_alter_postweg_kreuzung_alter_postweg.jpg\" width=\"470\" height=\"159\" border=\"0\" alt=\"\"><\/p>\n<p>So mu\u00df man jetzt &#8211; versucht man das, was von irgendeinem Nichtradfahrer ausgedacht wurde, umzusetzen &#8211; zweimal die Stra\u00dfe queren, wenn man in den Ortskern von Eidinghausen m\u00f6chte. Erst den Neubau und dann noch einmal die alte Stra\u00dfe. Aber die soll einmal 30-Zone werden.<\/p>\n<p style=\"text-align:center;\"><img loading=\"lazy\" decoding=\"async\" src=\"http:\/\/www.andreas-edler.de\/grafik\/blog\/radwege_bo\/20080623_alter_postweg_von_heese_her.jpg\" width=\"470\" height=\"203\" border=\"0\" alt=\"\"><\/p>\n<p>Irgendwann im Laufe der Planungen fiel das Wort &#8222;Schulwegsicherung&#8220; und \u00fcber <a href=\"http:\/\/www.andreas-edler.de\/2006\/12\/radweg-der-eidinghausener-spange.php\">eine 2 Meter breite Mulde zwischen Fahrbahn und Radweg<\/a> wurde berichtet. Was ist damit? Weder ist etwas gesichert, noch gibt&#8217;s irgendwo einen Abstand zur Fahrbahn. Da ist nur ein Bordstein. Wieder mal alles f\u00fcr&#8217;s Auto. Denn die k\u00f6nnen dort jetzt ganz ausgezeichnet entlang rauschen. Und tun das auch. Der Audifahrer im Bild unten fuhr seine Kutsche mit ca. 30 Zentimeter Abstand zu meiner Schulter an mir vorbei. Was erlaube ich mir auch, dort am Rand zu stehen!<\/p>\n<p style=\"text-align:center;\"><img loading=\"lazy\" decoding=\"async\" src=\"http:\/\/www.andreas-edler.de\/grafik\/blog\/radwege_bo\/20080623_alter_postweg_richtung_kreisel.jpg\" width=\"470\" height=\"228\" border=\"0\" alt=\"\"><\/p>\n<p>Warum im Zuge des Neubaus der Gehweg auf der rechten Seite im Nichts endet, wird garantiert einen guten Grund haben. Warum es innerorts einen linksseitig benutzungspflichtigen kombinierten Geh- und Radweg gibt, <b>mu\u00df<\/b> auch einen ganz gewichtigen Grund haben. Die Verkehrsdichte kann&#8217;s nicht sein. Der Schwerlastverkehr auch nicht. Ich war bei der letzten Ausschu\u00dfsitzung anwesen. Und der alte Postweg ist nicht so befahren, wie die Werster Stra\u00dfe &#8211; liebe Leute.<\/p>\n<p>Kann man bei einem Neubau eigentlich noch mehr nicht bedenken und sogar falsch machen?<\/p>\n<p>      <a name=\"20080624\"><\/a><\/p>\n<h4>24.06.2008: Update<\/h4>\n<p>Kaum steht der Text im Netz, legt die Stadt nach (und ich glaube nicht, dass dies aufrgund meines Textes passiert ;-) Jeweils ca. 25 Meter vor der tollen Querungshilfe auf dem &#8222;Alten Postweg&#8220; wurden gro\u00dfe Piktogramme, die auf querende Schulkinder hinweisen, aufgemalt. Suuuuuper! Jetzt halten noch mehr D\u00f6del an und &#8222;meinen es gut&#8220;. Das funktioniert so lange, bis mal ein Autofahrer sich an die Regeln h\u00e4lt und ein Kind denkt, dass alle Autofahrer anhalten. Boooom!<\/p>\n<p style=\"text-align:center;\"><img loading=\"lazy\" decoding=\"async\" src=\"http:\/\/www.andreas-edler.de\/grafik\/blog\/radwege_bo\/20080624_alter_postweg.jpg\" width=\"470\" height=\"224\" border=\"0\" alt=\"\"><\/p>\n<p>Und vor allen Dingen: wie vertr\u00e4gt sich das mit dem Stopschild f\u00fcr die Fu\u00dfg\u00e4nger und Radfahrer? Die m\u00fcssen anhalten und die Autofahrer halten durch die d\u00e4mliche Gestaltung auch. Mu\u00df man dann per Handzeichen aushandeln, wer los fahren darf? Macht da eine vern\u00fcnftige Fahrradfurt inkl. einem Zebrastreifen hin. Dann ist alles gekl\u00e4rt. Dazu noch ein Warnschild und fertig. Idealerweise eine Bedarfsampel, die auch wirklich bei Bedarf schaltet und nicht erst nach 5 Minuten!<\/p>\n<p>      <a name=\"20081207\"><\/a><\/p>\n<h4>07.12.2008 &#8211; kein kombinierter Geh-\/Radweg<\/h4>\n<p>So sieht es \u00fcbrigens aus, wenn ein Weg kein benutzungspflichtiger kombinierter Geh- und Radweg ist:<\/p>\n<p style=\"text-align:center;\"><img loading=\"lazy\" decoding=\"async\" src=\"http:\/\/www.andreas-edler.de\/grafik\/blog\/radwege_bo\/20081207_alter_postweg_radweg_benutzungspflichtig.jpg\" alt=\"\" border=\"0\" width=\"470\" height=\"236\"><\/p>\n<\/p>\n<p>Denn immerhin schrieb mir die Stadtverwaltung auf <a href=\"http:\/\/www.andreas-edler.de\/2008\/07\/querung-alter-postweg.php\">meine Anregung vom 30.07.2008, dort doch eine Ampel bzw. mindestens einen Zebrastreifen zu installieren<\/a> per 01.10.2008 folgende Mitteilung:<\/p>\n<p>      <cite>&#8230; Bezogen auf die genannte \u00d6rtlichkeit in der K 29 n &#8211; Alter Postweg kamen alle zu beteiligenden Entscheidungstr\u00e4ger gemeinsam zu dem Ergebnis, dass dort nur eine Querungshilfe in Form einer baulichen Mittelinsel in Frage kommen k\u00f6nnte. Die Anlage eine FG\u00dc [Anm.: Fu\u00dfg\u00e4nger\u00fcberweg vulgo Zebrastreifen] war dort rechtlich nicht zul\u00e4ssig, da hiermit ein kombinierter Rad\/Gehweg verbunden worden w\u00e4re. Ebenso kam die Anlage einer LSA [Anm.: Lichtsignalanlage vulgo Ampel] nach einhelliger Auffassung aller Beteiligten nicht in Betracht &#8230;<\/cite><\/p>\n<p>Dann mu\u00df in Bad Oeynhausen eine andere Stra\u00dfenverkehrsordnung gelten. Ich war immer der Meinung, dass ein <a href=\"http:\/\/www.sicherestrassen.de\/VKZKatalog\/Kat240.htm\">Zeichen 240<\/a> einen &#8222;gemeinsamer Fu\u00df- und Radweg&#8220; ausschildert. Aber umso besser. Ich habe ja nun ein Schreiben der Verwaltung, gem\u00e4\u00df dem ich dort ganz legal die Fahrbahn benutzen darf. Sehr sch\u00f6n.<\/p>\n","protected":false},"excerpt":{"rendered":"<p>23.06.2008 Alter Postweg &#8211; Schulwegsicherung im Rahmen des Neubaus der Spange 28.03.2018 &#8211; Querungshilfe wieder \u00fcbersehen 11.05.2015 &#8211; Neue Rad- und Fu\u00dfg\u00e4ngerbr\u00fccke \u00fcber die Nordumgehung 09.01.2015 &#8211; Radwegbenutzungspflich endlich komplett aufgehoben 30.12.2014 &#8211; Beschilderung des Radweges am Alten Postweg 09.09.2014 &hellip;<\/p>\n<p class=\"read-more\"> <a class=\"more-link\" href=\"https:\/\/www.andreas-edler.de\/blog\/2008\/06\/alter-postweg-schulwegsicherung-benutzungspflicht\/\"> <span class=\"screen-reader-text\">Alter Postweg &#8211; Schulwegsicherung und Benutzungspflicht<\/span> Weiterlesen &raquo;<\/a><\/p>\n","protected":false},"author":1,"featured_media":0,"comment_status":"open","ping_status":"open","sticky":false,"template":"","format":"standard","meta":{"ngg_post_thumbnail":0,"activitypub_content_warning":"","activitypub_content_visibility":"","activitypub_max_image_attachments":2,"activitypub_interaction_policy_quote":"anyone","activitypub_status":"","footnotes":""},"categories":[14,15,13],"tags":[413],"class_list":["post-168625","post","type-post","status-publish","format-standard","hentry","category-bad-oeynhausen","category-fahrrad","category-verkehr","tag-alter-postweg"],"share_on_mastodon":{"url":"","error":""},"_links":{"self":[{"href":"https:\/\/www.andreas-edler.de\/blog\/wp-json\/wp\/v2\/posts\/168625","targetHints":{"allow":["GET"]}}],"collection":[{"href":"https:\/\/www.andreas-edler.de\/blog\/wp-json\/wp\/v2\/posts"}],"about":[{"href":"https:\/\/www.andreas-edler.de\/blog\/wp-json\/wp\/v2\/types\/post"}],"author":[{"embeddable":true,"href":"https:\/\/www.andreas-edler.de\/blog\/wp-json\/wp\/v2\/users\/1"}],"replies":[{"embeddable":true,"href":"https:\/\/www.andreas-edler.de\/blog\/wp-json\/wp\/v2\/comments?post=168625"}],"version-history":[{"count":0,"href":"https:\/\/www.andreas-edler.de\/blog\/wp-json\/wp\/v2\/posts\/168625\/revisions"}],"wp:attachment":[{"href":"https:\/\/www.andreas-edler.de\/blog\/wp-json\/wp\/v2\/media?parent=168625"}],"wp:term":[{"taxonomy":"category","embeddable":true,"href":"https:\/\/www.andreas-edler.de\/blog\/wp-json\/wp\/v2\/categories?post=168625"},{"taxonomy":"post_tag","embeddable":true,"href":"https:\/\/www.andreas-edler.de\/blog\/wp-json\/wp\/v2\/tags?post=168625"}],"curies":[{"name":"wp","href":"https:\/\/api.w.org\/{rel}","templated":true}]}}