{"id":168408,"date":"2022-04-16T08:59:04","date_gmt":"2022-04-16T06:59:04","guid":{"rendered":"https:\/\/www.andreas-edler.de\/blog\/?p=168408"},"modified":"2022-04-16T08:59:04","modified_gmt":"2022-04-16T06:59:04","slug":"umleitungsausschilderung-flutmuldenbruecke","status":"publish","type":"post","link":"https:\/\/www.andreas-edler.de\/blog\/2022\/04\/umleitungsausschilderung-flutmuldenbruecke\/","title":{"rendered":"Umleitungsausschilderung Flutmuldenbr\u00fccke"},"content":{"rendered":"<p>Die Flutmuldenbr\u00fccke ist nun f\u00fcr ca. 7 Wochen komplett gesperrt. F\u00fcr den motorisierten Verkehr, aber auf zu Fu\u00df Gehende und Fahrradfahrende k\u00f6nnen die Br\u00fccke in beide Richtungen nicht mehr queren. In den letzten Monaten war aber sowieso eher wenig los auf der Stra\u00dfe. Weitr\u00e4umige Umleitungen sind ausgeschildert. W\u00e4hrend der folgenden Neubauma\u00dfnahme wird der Fu\u00df- und Radverkehr weiter die Br\u00fccke nutzen k\u00f6nnen, w\u00e4hrend KFZ nur von Norden nach S\u00fcden \u00fcber die Br\u00fccke d\u00fcrfen. Aber wie gesagt m\u00fcssen fast zwei Monate lang alle woanders her.<\/p>\n<figure id=\"attachment_168409\" aria-describedby=\"caption-attachment-168409\" style=\"width: 470px\" class=\"wp-caption aligncenter\"><a href=\"https:\/\/www.andreas-edler.de\/blog\/wp-content\/uploads\/2022\/04\/2022-04-11_flutmulde_eidinhausener_schwarzer-weg.jpg\"><img loading=\"lazy\" decoding=\"async\" src=\"https:\/\/www.andreas-edler.de\/blog\/wp-content\/uploads\/2022\/04\/2022-04-11_flutmulde_eidinhausener_schwarzer-weg-470x215.jpg\" alt=\"\" width=\"470\" height=\"215\" class=\"size-large wp-image-168409\" srcset=\"https:\/\/www.andreas-edler.de\/blog\/wp-content\/uploads\/2022\/04\/2022-04-11_flutmulde_eidinhausener_schwarzer-weg-470x215.jpg 470w, https:\/\/www.andreas-edler.de\/blog\/wp-content\/uploads\/2022\/04\/2022-04-11_flutmulde_eidinhausener_schwarzer-weg-250x114.jpg 250w, https:\/\/www.andreas-edler.de\/blog\/wp-content\/uploads\/2022\/04\/2022-04-11_flutmulde_eidinhausener_schwarzer-weg-768x351.jpg 768w, https:\/\/www.andreas-edler.de\/blog\/wp-content\/uploads\/2022\/04\/2022-04-11_flutmulde_eidinhausener_schwarzer-weg-100x46.jpg 100w, https:\/\/www.andreas-edler.de\/blog\/wp-content\/uploads\/2022\/04\/2022-04-11_flutmulde_eidinhausener_schwarzer-weg-150x69.jpg 150w, https:\/\/www.andreas-edler.de\/blog\/wp-content\/uploads\/2022\/04\/2022-04-11_flutmulde_eidinhausener_schwarzer-weg-200x91.jpg 200w, https:\/\/www.andreas-edler.de\/blog\/wp-content\/uploads\/2022\/04\/2022-04-11_flutmulde_eidinhausener_schwarzer-weg-300x137.jpg 300w, https:\/\/www.andreas-edler.de\/blog\/wp-content\/uploads\/2022\/04\/2022-04-11_flutmulde_eidinhausener_schwarzer-weg-450x206.jpg 450w, https:\/\/www.andreas-edler.de\/blog\/wp-content\/uploads\/2022\/04\/2022-04-11_flutmulde_eidinhausener_schwarzer-weg-600x274.jpg 600w, https:\/\/www.andreas-edler.de\/blog\/wp-content\/uploads\/2022\/04\/2022-04-11_flutmulde_eidinhausener_schwarzer-weg-900x411.jpg 900w, https:\/\/www.andreas-edler.de\/blog\/wp-content\/uploads\/2022\/04\/2022-04-11_flutmulde_eidinhausener_schwarzer-weg.jpg 1280w\" sizes=\"auto, (max-width: 470px) 100vw, 470px\" \/><\/a><figcaption id=\"caption-attachment-168409\" class=\"wp-caption-text\">Umleitungsausschilderung von S\u00fcden kommend<\/figcaption><\/figure>\n<p>Von Norden Richtung S\u00fcden ist die Umleitung wirklich gut ausgeschildert. Da gibt es nichts zu meckern. Kommt man von S\u00fcden findet man aber bereits an der ersten Abbiegung von der Eidinghausener Stra\u00dfe in den Schwarzen Weg keinen Hinweis darauf, dass die Flutmuldenbr\u00fccke nicht frei ist. Man f\u00e4hrt also dort auf dem schlimmen, benutzungspflichtigen Radweg immer weiter.<\/p>\n<figure id=\"attachment_168410\" aria-describedby=\"caption-attachment-168410\" style=\"width: 470px\" class=\"wp-caption aligncenter\"><a href=\"https:\/\/www.andreas-edler.de\/blog\/wp-content\/uploads\/2022\/04\/2022-04-14_flutmulde_ampelquerung.jpg\"><img loading=\"lazy\" decoding=\"async\" src=\"https:\/\/www.andreas-edler.de\/blog\/wp-content\/uploads\/2022\/04\/2022-04-14_flutmulde_ampelquerung-470x255.jpg\" alt=\"\" width=\"470\" height=\"255\" class=\"size-large wp-image-168410\" srcset=\"https:\/\/www.andreas-edler.de\/blog\/wp-content\/uploads\/2022\/04\/2022-04-14_flutmulde_ampelquerung-470x255.jpg 470w, https:\/\/www.andreas-edler.de\/blog\/wp-content\/uploads\/2022\/04\/2022-04-14_flutmulde_ampelquerung-250x136.jpg 250w, https:\/\/www.andreas-edler.de\/blog\/wp-content\/uploads\/2022\/04\/2022-04-14_flutmulde_ampelquerung-768x416.jpg 768w, https:\/\/www.andreas-edler.de\/blog\/wp-content\/uploads\/2022\/04\/2022-04-14_flutmulde_ampelquerung-100x54.jpg 100w, https:\/\/www.andreas-edler.de\/blog\/wp-content\/uploads\/2022\/04\/2022-04-14_flutmulde_ampelquerung-150x81.jpg 150w, https:\/\/www.andreas-edler.de\/blog\/wp-content\/uploads\/2022\/04\/2022-04-14_flutmulde_ampelquerung-200x108.jpg 200w, https:\/\/www.andreas-edler.de\/blog\/wp-content\/uploads\/2022\/04\/2022-04-14_flutmulde_ampelquerung-300x163.jpg 300w, https:\/\/www.andreas-edler.de\/blog\/wp-content\/uploads\/2022\/04\/2022-04-14_flutmulde_ampelquerung-450x244.jpg 450w, https:\/\/www.andreas-edler.de\/blog\/wp-content\/uploads\/2022\/04\/2022-04-14_flutmulde_ampelquerung-600x325.jpg 600w, https:\/\/www.andreas-edler.de\/blog\/wp-content\/uploads\/2022\/04\/2022-04-14_flutmulde_ampelquerung-900x488.jpg 900w, https:\/\/www.andreas-edler.de\/blog\/wp-content\/uploads\/2022\/04\/2022-04-14_flutmulde_ampelquerung.jpg 1280w\" sizes=\"auto, (max-width: 470px) 100vw, 470px\" \/><\/a><figcaption id=\"caption-attachment-168410\" class=\"wp-caption-text\">Querungshilfe an der Max-Reger-Stra\u00dfe<\/figcaption><\/figure>\n<p>Kurz hinter der Einm\u00fcndung der Max-Reger-Stra\u00dfe ist eine Querungshilfe mit Lichtzeichenanlage. Hier k\u00f6nnen zu Fu\u00df Gehende und Fahrradfahrende die Eidinghausener Stra\u00dfe queren. Und dort ist dann auch der kombinierte Geh- und Radweg endg\u00fcltig versperrt. Also 250 Meter in die falsche Richtung.<\/p>\n<figure id=\"attachment_168411\" aria-describedby=\"caption-attachment-168411\" style=\"width: 470px\" class=\"wp-caption aligncenter\"><a href=\"https:\/\/www.andreas-edler.de\/blog\/wp-content\/uploads\/2022\/04\/2022-04-14_flutmukde_ampelquerung_zurueck.jpg\"><img loading=\"lazy\" decoding=\"async\" src=\"https:\/\/www.andreas-edler.de\/blog\/wp-content\/uploads\/2022\/04\/2022-04-14_flutmukde_ampelquerung_zurueck-470x166.jpg\" alt=\"\" width=\"470\" height=\"166\" class=\"size-large wp-image-168411\" srcset=\"https:\/\/www.andreas-edler.de\/blog\/wp-content\/uploads\/2022\/04\/2022-04-14_flutmukde_ampelquerung_zurueck-470x166.jpg 470w, https:\/\/www.andreas-edler.de\/blog\/wp-content\/uploads\/2022\/04\/2022-04-14_flutmukde_ampelquerung_zurueck-250x88.jpg 250w, https:\/\/www.andreas-edler.de\/blog\/wp-content\/uploads\/2022\/04\/2022-04-14_flutmukde_ampelquerung_zurueck-768x271.jpg 768w, https:\/\/www.andreas-edler.de\/blog\/wp-content\/uploads\/2022\/04\/2022-04-14_flutmukde_ampelquerung_zurueck-100x35.jpg 100w, https:\/\/www.andreas-edler.de\/blog\/wp-content\/uploads\/2022\/04\/2022-04-14_flutmukde_ampelquerung_zurueck-150x53.jpg 150w, https:\/\/www.andreas-edler.de\/blog\/wp-content\/uploads\/2022\/04\/2022-04-14_flutmukde_ampelquerung_zurueck-200x71.jpg 200w, https:\/\/www.andreas-edler.de\/blog\/wp-content\/uploads\/2022\/04\/2022-04-14_flutmukde_ampelquerung_zurueck-300x106.jpg 300w, https:\/\/www.andreas-edler.de\/blog\/wp-content\/uploads\/2022\/04\/2022-04-14_flutmukde_ampelquerung_zurueck-450x159.jpg 450w, https:\/\/www.andreas-edler.de\/blog\/wp-content\/uploads\/2022\/04\/2022-04-14_flutmukde_ampelquerung_zurueck-600x212.jpg 600w, https:\/\/www.andreas-edler.de\/blog\/wp-content\/uploads\/2022\/04\/2022-04-14_flutmukde_ampelquerung_zurueck-900x318.jpg 900w, https:\/\/www.andreas-edler.de\/blog\/wp-content\/uploads\/2022\/04\/2022-04-14_flutmukde_ampelquerung_zurueck.jpg 1280w\" sizes=\"auto, (max-width: 470px) 100vw, 470px\" \/><\/a><figcaption id=\"caption-attachment-168411\" class=\"wp-caption-text\">Auf der anderen Seite zur\u00fcck<\/figcaption><\/figure>\n<p>Danach wird man sofort um 180\u00b0 gedreht und f\u00e4hrt oder geht den ganzen Weg wieder zur\u00fcck. Hmmm. Ich kann mir beim besten Willen nicht vorstellen, was man da fr\u00fcher schon h\u00e4tte machen k\u00f6nnen.<\/p>\n<figure id=\"attachment_168412\" aria-describedby=\"caption-attachment-168412\" style=\"width: 470px\" class=\"wp-caption aligncenter\"><a href=\"https:\/\/www.andreas-edler.de\/blog\/wp-content\/uploads\/2022\/04\/2022-04-14_flutmulde_abkuerzung.jpg\"><img loading=\"lazy\" decoding=\"async\" src=\"https:\/\/www.andreas-edler.de\/blog\/wp-content\/uploads\/2022\/04\/2022-04-14_flutmulde_abkuerzung-470x214.jpg\" alt=\"\" width=\"470\" height=\"214\" class=\"size-large wp-image-168412\" srcset=\"https:\/\/www.andreas-edler.de\/blog\/wp-content\/uploads\/2022\/04\/2022-04-14_flutmulde_abkuerzung-470x214.jpg 470w, https:\/\/www.andreas-edler.de\/blog\/wp-content\/uploads\/2022\/04\/2022-04-14_flutmulde_abkuerzung-250x114.jpg 250w, https:\/\/www.andreas-edler.de\/blog\/wp-content\/uploads\/2022\/04\/2022-04-14_flutmulde_abkuerzung-768x349.jpg 768w, https:\/\/www.andreas-edler.de\/blog\/wp-content\/uploads\/2022\/04\/2022-04-14_flutmulde_abkuerzung-100x45.jpg 100w, https:\/\/www.andreas-edler.de\/blog\/wp-content\/uploads\/2022\/04\/2022-04-14_flutmulde_abkuerzung-150x68.jpg 150w, https:\/\/www.andreas-edler.de\/blog\/wp-content\/uploads\/2022\/04\/2022-04-14_flutmulde_abkuerzung-200x91.jpg 200w, https:\/\/www.andreas-edler.de\/blog\/wp-content\/uploads\/2022\/04\/2022-04-14_flutmulde_abkuerzung-300x136.jpg 300w, https:\/\/www.andreas-edler.de\/blog\/wp-content\/uploads\/2022\/04\/2022-04-14_flutmulde_abkuerzung-450x205.jpg 450w, https:\/\/www.andreas-edler.de\/blog\/wp-content\/uploads\/2022\/04\/2022-04-14_flutmulde_abkuerzung-600x273.jpg 600w, https:\/\/www.andreas-edler.de\/blog\/wp-content\/uploads\/2022\/04\/2022-04-14_flutmulde_abkuerzung-900x409.jpg 900w, https:\/\/www.andreas-edler.de\/blog\/wp-content\/uploads\/2022\/04\/2022-04-14_flutmulde_abkuerzung.jpg 1280w\" sizes=\"auto, (max-width: 470px) 100vw, 470px\" \/><\/a><figcaption id=\"caption-attachment-168412\" class=\"wp-caption-text\">Abk\u00fcrzung durch die Greifswalder Stra\u00dfe<\/figcaption><\/figure>\n<p>Nach knapp 100 Metern zur\u00fcck k\u00f6nnte man \u00fcbrigens auf direktem Weg zur eigentlichen Umleitung gelangen. Die Greifswalder Stra\u00dfe bzw. deren Verl\u00e4ngerung ist f\u00fcr den motorisierten Verkehr gesperrt, mit dem Fahrrad oder zu Fu\u00df kann man hier jedoch durch. Da es sich um einen Privatweg handelt, kann ich aber verstehen, dass die offizielle Umleitung hier nicht durch geht. Obwohl, sprechen h\u00e4tte man k\u00f6nnen.<\/p>\n<figure id=\"attachment_168413\" aria-describedby=\"caption-attachment-168413\" style=\"width: 470px\" class=\"wp-caption aligncenter\"><a href=\"https:\/\/www.andreas-edler.de\/blog\/wp-content\/uploads\/2022\/04\/2022-04-11_flutmulde_rechts_ab_schwarzer_weg.jpg\"><img loading=\"lazy\" decoding=\"async\" src=\"https:\/\/www.andreas-edler.de\/blog\/wp-content\/uploads\/2022\/04\/2022-04-11_flutmulde_rechts_ab_schwarzer_weg-470x258.jpg\" alt=\"\" width=\"470\" height=\"258\" class=\"size-large wp-image-168413\" srcset=\"https:\/\/www.andreas-edler.de\/blog\/wp-content\/uploads\/2022\/04\/2022-04-11_flutmulde_rechts_ab_schwarzer_weg-470x258.jpg 470w, https:\/\/www.andreas-edler.de\/blog\/wp-content\/uploads\/2022\/04\/2022-04-11_flutmulde_rechts_ab_schwarzer_weg-250x137.jpg 250w, https:\/\/www.andreas-edler.de\/blog\/wp-content\/uploads\/2022\/04\/2022-04-11_flutmulde_rechts_ab_schwarzer_weg-768x421.jpg 768w, https:\/\/www.andreas-edler.de\/blog\/wp-content\/uploads\/2022\/04\/2022-04-11_flutmulde_rechts_ab_schwarzer_weg-100x55.jpg 100w, https:\/\/www.andreas-edler.de\/blog\/wp-content\/uploads\/2022\/04\/2022-04-11_flutmulde_rechts_ab_schwarzer_weg-150x82.jpg 150w, https:\/\/www.andreas-edler.de\/blog\/wp-content\/uploads\/2022\/04\/2022-04-11_flutmulde_rechts_ab_schwarzer_weg-200x110.jpg 200w, https:\/\/www.andreas-edler.de\/blog\/wp-content\/uploads\/2022\/04\/2022-04-11_flutmulde_rechts_ab_schwarzer_weg-300x165.jpg 300w, https:\/\/www.andreas-edler.de\/blog\/wp-content\/uploads\/2022\/04\/2022-04-11_flutmulde_rechts_ab_schwarzer_weg-450x247.jpg 450w, https:\/\/www.andreas-edler.de\/blog\/wp-content\/uploads\/2022\/04\/2022-04-11_flutmulde_rechts_ab_schwarzer_weg-600x329.jpg 600w, https:\/\/www.andreas-edler.de\/blog\/wp-content\/uploads\/2022\/04\/2022-04-11_flutmulde_rechts_ab_schwarzer_weg-900x494.jpg 900w, https:\/\/www.andreas-edler.de\/blog\/wp-content\/uploads\/2022\/04\/2022-04-11_flutmulde_rechts_ab_schwarzer_weg.jpg 1280w\" sizes=\"auto, (max-width: 470px) 100vw, 470px\" \/><\/a><figcaption id=\"caption-attachment-168413\" class=\"wp-caption-text\">Am Schwarzen Weg biegt man dann endlich ab<\/figcaption><\/figure>\n<p>Also folgt man der Ausschilderung und f\u00e4hrt bzw. geht die 250 Meter wieder zur\u00fcck, um dann irgendwann endlich in den Schwarzen Weg geleitet zu werden.<\/p>\n<figure id=\"attachment_168414\" aria-describedby=\"caption-attachment-168414\" style=\"width: 470px\" class=\"wp-caption aligncenter\"><a href=\"https:\/\/www.andreas-edler.de\/blog\/wp-content\/uploads\/2022\/04\/2022-04-14_flutmulde_schwarzer_weg-nicht_ausgeschildert.jpg\"><img loading=\"lazy\" decoding=\"async\" src=\"https:\/\/www.andreas-edler.de\/blog\/wp-content\/uploads\/2022\/04\/2022-04-14_flutmulde_schwarzer_weg-nicht_ausgeschildert-470x215.jpg\" alt=\"\" width=\"470\" height=\"215\" class=\"size-large wp-image-168414\" srcset=\"https:\/\/www.andreas-edler.de\/blog\/wp-content\/uploads\/2022\/04\/2022-04-14_flutmulde_schwarzer_weg-nicht_ausgeschildert-470x215.jpg 470w, https:\/\/www.andreas-edler.de\/blog\/wp-content\/uploads\/2022\/04\/2022-04-14_flutmulde_schwarzer_weg-nicht_ausgeschildert-250x114.jpg 250w, https:\/\/www.andreas-edler.de\/blog\/wp-content\/uploads\/2022\/04\/2022-04-14_flutmulde_schwarzer_weg-nicht_ausgeschildert-768x351.jpg 768w, https:\/\/www.andreas-edler.de\/blog\/wp-content\/uploads\/2022\/04\/2022-04-14_flutmulde_schwarzer_weg-nicht_ausgeschildert-100x46.jpg 100w, https:\/\/www.andreas-edler.de\/blog\/wp-content\/uploads\/2022\/04\/2022-04-14_flutmulde_schwarzer_weg-nicht_ausgeschildert-150x69.jpg 150w, https:\/\/www.andreas-edler.de\/blog\/wp-content\/uploads\/2022\/04\/2022-04-14_flutmulde_schwarzer_weg-nicht_ausgeschildert-200x91.jpg 200w, https:\/\/www.andreas-edler.de\/blog\/wp-content\/uploads\/2022\/04\/2022-04-14_flutmulde_schwarzer_weg-nicht_ausgeschildert-300x137.jpg 300w, https:\/\/www.andreas-edler.de\/blog\/wp-content\/uploads\/2022\/04\/2022-04-14_flutmulde_schwarzer_weg-nicht_ausgeschildert-450x206.jpg 450w, https:\/\/www.andreas-edler.de\/blog\/wp-content\/uploads\/2022\/04\/2022-04-14_flutmulde_schwarzer_weg-nicht_ausgeschildert-600x274.jpg 600w, https:\/\/www.andreas-edler.de\/blog\/wp-content\/uploads\/2022\/04\/2022-04-14_flutmulde_schwarzer_weg-nicht_ausgeschildert-900x411.jpg 900w, https:\/\/www.andreas-edler.de\/blog\/wp-content\/uploads\/2022\/04\/2022-04-14_flutmulde_schwarzer_weg-nicht_ausgeschildert.jpg 1280w\" sizes=\"auto, (max-width: 470px) 100vw, 470px\" \/><\/a><figcaption id=\"caption-attachment-168414\" class=\"wp-caption-text\">Im Schwarzen Weg fehlt die Ausschilderung zun\u00e4chst<\/figcaption><\/figure>\n<p>Dort fehlt dann schon an der ersten Abzweigung der Allensteiner Stra\u00dfe ein Hinweis, wo es weiter geht. Der folgt dann erst, sobald man die leichte Rechtskurve im Verlauf des Schwarzen Weg passiert hat.<\/p>\n<p>Mit dieser Beschilderung wird man also zu Fu\u00df oder mit dem Fahrrad jedesmal auf eine 500 Meter Ehrenrunde geschickt. Klar, beim zweiten Mal wird wahrscheinlich jeder direkt in den Schwarzen Weg abbiegen &#8230; womit wir bei der Kritik sind. Warum steht hier kein Hinweis, um unn\u00f6tige Wege zu sparen?<\/p>\n<p><figure id=\"attachment_168415\" aria-describedby=\"caption-attachment-168415\" style=\"width: 250px\" class=\"wp-caption alignright\"><a href=\"https:\/\/www.andreas-edler.de\/blog\/wp-content\/uploads\/2022\/04\/2022-04-14_track_der_umleitung.png\"><img loading=\"lazy\" decoding=\"async\" src=\"https:\/\/www.andreas-edler.de\/blog\/wp-content\/uploads\/2022\/04\/2022-04-14_track_der_umleitung-250x117.png\" alt=\"\" width=\"250\" height=\"117\" class=\"size-medium wp-image-168415\" srcset=\"https:\/\/www.andreas-edler.de\/blog\/wp-content\/uploads\/2022\/04\/2022-04-14_track_der_umleitung-250x117.png 250w, https:\/\/www.andreas-edler.de\/blog\/wp-content\/uploads\/2022\/04\/2022-04-14_track_der_umleitung-470x220.png 470w, https:\/\/www.andreas-edler.de\/blog\/wp-content\/uploads\/2022\/04\/2022-04-14_track_der_umleitung-768x360.png 768w, https:\/\/www.andreas-edler.de\/blog\/wp-content\/uploads\/2022\/04\/2022-04-14_track_der_umleitung-100x47.png 100w, https:\/\/www.andreas-edler.de\/blog\/wp-content\/uploads\/2022\/04\/2022-04-14_track_der_umleitung-150x70.png 150w, https:\/\/www.andreas-edler.de\/blog\/wp-content\/uploads\/2022\/04\/2022-04-14_track_der_umleitung-200x94.png 200w, https:\/\/www.andreas-edler.de\/blog\/wp-content\/uploads\/2022\/04\/2022-04-14_track_der_umleitung-300x141.png 300w, https:\/\/www.andreas-edler.de\/blog\/wp-content\/uploads\/2022\/04\/2022-04-14_track_der_umleitung-450x211.png 450w, https:\/\/www.andreas-edler.de\/blog\/wp-content\/uploads\/2022\/04\/2022-04-14_track_der_umleitung-600x281.png 600w, https:\/\/www.andreas-edler.de\/blog\/wp-content\/uploads\/2022\/04\/2022-04-14_track_der_umleitung-900x422.png 900w, https:\/\/www.andreas-edler.de\/blog\/wp-content\/uploads\/2022\/04\/2022-04-14_track_der_umleitung.png 1280w\" sizes=\"auto, (max-width: 250px) 100vw, 250px\" \/><\/a><figcaption id=\"caption-attachment-168415\" class=\"wp-caption-text\">Karte von Openstreetmap mit dem Ausschnitt der Umleitung<\/figcaption><\/figure> Die Erkl\u00e4rung der Verwaltung kann ich mir denken: &#8222;Hier ist es zu gef\u00e4hrlich, die Fahrbahn zu queren und weiter hinten ist eine Ampel!&#8220;.<\/p>\n<p>Dann muss man hier eben auch eine provisorische Querungshilfe einrichten. Wie, das ist aufw\u00e4ndig? Ja sicher! Hat auch niemand behauptet, dass man ohne Aufw\u00e4nde fahrradfreundlich wird. So ist es wieder nur der Weg des geringsten Widerstandes. An der Kreuzung Eidinghausener Stra\u00dfe \/ Schwarzer Weg \/ Prinzenwinkel soll \u00fcbrigens nach Meinung der Verwaltung der Schulverkehr in Zukunft sowieso die Fahrbahn queren, um zur neuen Fahrrad- und Fu\u00dfwegbr\u00fccke vom Prinzenwinkel \u00fcber die Werre zur Stra\u00dfe In der Ahe zu gelangen. Es wird dort also in jedem Fall etwas gemacht werden m\u00fcssen. Das passiert aber &#8211; so wie ich die Vergangenheit bewerte &#8211; dann auch erst Jahre nachdem die neue Br\u00fccke fertig gestellt wurde. Aber als Fahrradfahrender kann man auch mal Umwege und Umst\u00e4nde in Kauf nehmen (wurde mir vor Jahren schon von Verwaltung gesagt).<\/p>\n","protected":false},"excerpt":{"rendered":"<p>Die Flutmuldenbr\u00fccke ist nun f\u00fcr ca. 7 Wochen komplett gesperrt. F\u00fcr den motorisierten Verkehr, aber auf zu Fu\u00df Gehende und Fahrradfahrende k\u00f6nnen die Br\u00fccke in beide Richtungen nicht mehr queren. In den letzten Monaten war aber sowieso eher wenig los &hellip;<\/p>\n<p class=\"read-more\"> <a class=\"more-link\" href=\"https:\/\/www.andreas-edler.de\/blog\/2022\/04\/umleitungsausschilderung-flutmuldenbruecke\/\"> <span class=\"screen-reader-text\">Umleitungsausschilderung Flutmuldenbr\u00fccke<\/span> Weiterlesen &raquo;<\/a><\/p>\n","protected":false},"author":1,"featured_media":0,"comment_status":"open","ping_status":"open","sticky":false,"template":"","format":"standard","meta":{"ngg_post_thumbnail":0,"activitypub_content_warning":"","activitypub_content_visibility":"","activitypub_max_image_attachments":2,"activitypub_interaction_policy_quote":"anyone","activitypub_status":"","footnotes":""},"categories":[14,15,45,13],"tags":[516,237,262,110,319,251,168,207,393,33,374],"class_list":["post-168408","post","type-post","status-publish","format-standard","hentry","category-bad-oeynhausen","category-fahrrad","category-politik","category-verkehr","tag-allensteiner-strasse","tag-ausschuss-fuer-stadtentwicklung","tag-eidinghausener-strasse","tag-fahrradfreundliche-stadt","tag-flutmulde","tag-infrastruktur","tag-klimafreundliche-mobilitaet","tag-radweg","tag-schwarzer-weg","tag-service","tag-verkehrswende"],"share_on_mastodon":{"url":"","error":""},"_links":{"self":[{"href":"https:\/\/www.andreas-edler.de\/blog\/wp-json\/wp\/v2\/posts\/168408","targetHints":{"allow":["GET"]}}],"collection":[{"href":"https:\/\/www.andreas-edler.de\/blog\/wp-json\/wp\/v2\/posts"}],"about":[{"href":"https:\/\/www.andreas-edler.de\/blog\/wp-json\/wp\/v2\/types\/post"}],"author":[{"embeddable":true,"href":"https:\/\/www.andreas-edler.de\/blog\/wp-json\/wp\/v2\/users\/1"}],"replies":[{"embeddable":true,"href":"https:\/\/www.andreas-edler.de\/blog\/wp-json\/wp\/v2\/comments?post=168408"}],"version-history":[{"count":0,"href":"https:\/\/www.andreas-edler.de\/blog\/wp-json\/wp\/v2\/posts\/168408\/revisions"}],"wp:attachment":[{"href":"https:\/\/www.andreas-edler.de\/blog\/wp-json\/wp\/v2\/media?parent=168408"}],"wp:term":[{"taxonomy":"category","embeddable":true,"href":"https:\/\/www.andreas-edler.de\/blog\/wp-json\/wp\/v2\/categories?post=168408"},{"taxonomy":"post_tag","embeddable":true,"href":"https:\/\/www.andreas-edler.de\/blog\/wp-json\/wp\/v2\/tags?post=168408"}],"curies":[{"name":"wp","href":"https:\/\/api.w.org\/{rel}","templated":true}]}}