{"id":168401,"date":"2022-04-15T10:39:26","date_gmt":"2022-04-15T08:39:26","guid":{"rendered":"https:\/\/www.andreas-edler.de\/blog\/?p=168401"},"modified":"2022-04-15T10:49:07","modified_gmt":"2022-04-15T08:49:07","slug":"akku-von-senec-zeigt-wieder-lebenszeichen","status":"publish","type":"post","link":"https:\/\/www.andreas-edler.de\/blog\/2022\/04\/akku-von-senec-zeigt-wieder-lebenszeichen\/","title":{"rendered":"Akku von Senec zeigt wieder Lebenszeichen"},"content":{"rendered":"<p><figure id=\"attachment_168402\" aria-describedby=\"caption-attachment-168402\" style=\"width: 162px\" class=\"wp-caption alignright\"><a href=\"https:\/\/www.andreas-edler.de\/blog\/wp-content\/uploads\/2022\/04\/2022-04-15_batterie_aktiv.png\"><img loading=\"lazy\" decoding=\"async\" src=\"https:\/\/www.andreas-edler.de\/blog\/wp-content\/uploads\/2022\/04\/2022-04-15_batterie_aktiv-162x250.png\" alt=\"\" width=\"162\" height=\"250\" class=\"size-medium wp-image-168402\" srcset=\"https:\/\/www.andreas-edler.de\/blog\/wp-content\/uploads\/2022\/04\/2022-04-15_batterie_aktiv-162x250.png 162w, https:\/\/www.andreas-edler.de\/blog\/wp-content\/uploads\/2022\/04\/2022-04-15_batterie_aktiv-305x470.png 305w, https:\/\/www.andreas-edler.de\/blog\/wp-content\/uploads\/2022\/04\/2022-04-15_batterie_aktiv-768x1185.png 768w, https:\/\/www.andreas-edler.de\/blog\/wp-content\/uploads\/2022\/04\/2022-04-15_batterie_aktiv-996x1536.png 996w, https:\/\/www.andreas-edler.de\/blog\/wp-content\/uploads\/2022\/04\/2022-04-15_batterie_aktiv-100x154.png 100w, https:\/\/www.andreas-edler.de\/blog\/wp-content\/uploads\/2022\/04\/2022-04-15_batterie_aktiv-150x231.png 150w, https:\/\/www.andreas-edler.de\/blog\/wp-content\/uploads\/2022\/04\/2022-04-15_batterie_aktiv-200x309.png 200w, https:\/\/www.andreas-edler.de\/blog\/wp-content\/uploads\/2022\/04\/2022-04-15_batterie_aktiv-300x463.png 300w, https:\/\/www.andreas-edler.de\/blog\/wp-content\/uploads\/2022\/04\/2022-04-15_batterie_aktiv-450x694.png 450w, https:\/\/www.andreas-edler.de\/blog\/wp-content\/uploads\/2022\/04\/2022-04-15_batterie_aktiv-600x926.png 600w, https:\/\/www.andreas-edler.de\/blog\/wp-content\/uploads\/2022\/04\/2022-04-15_batterie_aktiv-900x1388.png 900w, https:\/\/www.andreas-edler.de\/blog\/wp-content\/uploads\/2022\/04\/2022-04-15_batterie_aktiv.png 1080w\" sizes=\"auto, (max-width: 162px) 100vw, 162px\" \/><\/a><figcaption id=\"caption-attachment-168402\" class=\"wp-caption-text\">Seit Mitternacht aktiv: Senec-Akku<\/figcaption><\/figure> Juchei! Seit Mitternacht scheint unser Akku im Keller wieder benutzt zu werden. Seit \u00fcber einem Monat ist das \u00fcber 10.000 Euro teure Trum nun &#8222;tot&#8220; und im <a href=\"https:\/\/www.andreas-edler.de\/blog\/2022\/03\/senec-speicher-abgeschaltet\/\">Standby wegen Fernabschaltung<\/a>. In den einschl\u00e4gigen Foren wird viel diskutiert und ich geh\u00f6re eher zu der Abwarten-Fraktion, gleichwohl ich inzwischen auch <a href=\"https:\/\/www.andreas-edler.de\/blog\/2022\/04\/wann-ist-mit-der-wiederinbetriebnahme-der-senec-speicher-zu-rechnen\/\">ein wenig ungeduldig geworden<\/a> bin, da die Kommunikation seitens des Herstellers zwar stattfindet und eigentlich auch sehr ausf\u00fchrlich ist, aber leider zeitlich auch sehr unspezifisch.<\/p>\n<p>Auf Facebook hat ein User einen technisch zumindest plausiblen und ein wenig nach weitergehenden Informationen &#8222;riechenden&#8220; Kommentar verfasst, der auf eine \u00c4nderung im Monitoring der Zellen seitens Senec hinweist. M\u00f6glicherweise wurde vor der Abschaltung nicht jede einzelne Zelle \u00fcberwacht, so dass hier eine \u00dcberladung stattfinden konnte, die zur Kettenreaktion f\u00fchrte. Wenn das nun durch eine neue Software ge\u00e4ndert wurde, dann soll es mir recht sein. Letztendlich wird auch ein Atomkraftwerk nur durch Elektronik und Software am explodieren gehindert. Das beunruhigt viele Menschen nicht sonderlich.<\/p>\n<p><figure id=\"attachment_168404\" aria-describedby=\"caption-attachment-168404\" style=\"width: 159px\" class=\"wp-caption alignright\"><a href=\"https:\/\/www.andreas-edler.de\/blog\/wp-content\/uploads\/2022\/04\/2022-04-15_app_anzeige.png\"><img loading=\"lazy\" decoding=\"async\" src=\"https:\/\/www.andreas-edler.de\/blog\/wp-content\/uploads\/2022\/04\/2022-04-15_app_anzeige-159x250.png\" alt=\"\" width=\"159\" height=\"250\" class=\"size-medium wp-image-168404\" srcset=\"https:\/\/www.andreas-edler.de\/blog\/wp-content\/uploads\/2022\/04\/2022-04-15_app_anzeige-159x250.png 159w, https:\/\/www.andreas-edler.de\/blog\/wp-content\/uploads\/2022\/04\/2022-04-15_app_anzeige-300x470.png 300w, https:\/\/www.andreas-edler.de\/blog\/wp-content\/uploads\/2022\/04\/2022-04-15_app_anzeige-768x1204.png 768w, https:\/\/www.andreas-edler.de\/blog\/wp-content\/uploads\/2022\/04\/2022-04-15_app_anzeige-980x1536.png 980w, https:\/\/www.andreas-edler.de\/blog\/wp-content\/uploads\/2022\/04\/2022-04-15_app_anzeige-100x157.png 100w, https:\/\/www.andreas-edler.de\/blog\/wp-content\/uploads\/2022\/04\/2022-04-15_app_anzeige-150x235.png 150w, https:\/\/www.andreas-edler.de\/blog\/wp-content\/uploads\/2022\/04\/2022-04-15_app_anzeige-200x314.png 200w, https:\/\/www.andreas-edler.de\/blog\/wp-content\/uploads\/2022\/04\/2022-04-15_app_anzeige-450x705.png 450w, https:\/\/www.andreas-edler.de\/blog\/wp-content\/uploads\/2022\/04\/2022-04-15_app_anzeige-600x941.png 600w, https:\/\/www.andreas-edler.de\/blog\/wp-content\/uploads\/2022\/04\/2022-04-15_app_anzeige-900x1411.png 900w, https:\/\/www.andreas-edler.de\/blog\/wp-content\/uploads\/2022\/04\/2022-04-15_app_anzeige.png 1080w\" sizes=\"auto, (max-width: 159px) 100vw, 159px\" \/><\/a><figcaption id=\"caption-attachment-168404\" class=\"wp-caption-text\">Stromversorgung durch den Akku<\/figcaption><\/figure> Seit Mitternacht scheint unser Akku nun erwacht zu sein und versorgt das Haus mit Strom. &#8222;Konditionierung&#8220; zeigt die App als Status an. Das bedeutet augenscheinlich, dass der Akku (noch) nicht geladen wird. Zumindest ist das gerade jetzt so, wo die Sonne durch den bew\u00f6lkten Himmel schon wieder 1,6 KW aus den Photovoltaikmodulen dr\u00fcckt. Laut den Mitteilungen von Senec kann es nun nicht mehr lange dauern, bis die Hardware dann wieder in den Regelbetrieb zur\u00fcckkehrt. Sehr sch\u00f6n, denn der fehlende Akku hat den Autarkiegrad schon sehr nach unten gezogen. Und genau um das zu verhindern, haben wir das viele Geld ja ausgegeben. Es tut sich immerhin was.<\/p>\n<p>Die Firma, \u00fcber welche wir die Anlage gekauft haben, hat sich \u00fcbrigens von sich aus noch gar nicht zu dem Thema ge\u00e4u\u00dfert und auf eine explizite Nachfrage von mir nicht reagiert. Hallo <a href=\"https:\/\/www.andreas-edler.de\/blog\/2020\/05\/photovoltaik-auf-dem-dach\/\">Energieversum<\/a>!<\/p>\n","protected":false},"excerpt":{"rendered":"<p>Juchei! Seit Mitternacht scheint unser Akku im Keller wieder benutzt zu werden. Seit \u00fcber einem Monat ist das \u00fcber 10.000 Euro teure Trum nun &#8222;tot&#8220; und im Standby wegen Fernabschaltung. In den einschl\u00e4gigen Foren wird viel diskutiert und ich geh\u00f6re &hellip;<\/p>\n<p class=\"read-more\"> <a class=\"more-link\" href=\"https:\/\/www.andreas-edler.de\/blog\/2022\/04\/akku-von-senec-zeigt-wieder-lebenszeichen\/\"> <span class=\"screen-reader-text\">Akku von Senec zeigt wieder Lebenszeichen<\/span> Weiterlesen &raquo;<\/a><\/p>\n","protected":false},"author":1,"featured_media":0,"comment_status":"open","ping_status":"open","sticky":false,"template":"","format":"standard","meta":{"ngg_post_thumbnail":0,"activitypub_content_warning":"","activitypub_content_visibility":"","activitypub_max_image_attachments":2,"activitypub_interaction_policy_quote":"anyone","activitypub_status":"","footnotes":""},"categories":[22,1],"tags":[532,49,38,34,64,470,115,33,490,46],"class_list":["post-168401","post","type-post","status-publish","format-standard","hentry","category-basteln","category-allgemein","tag-energiewende","tag-hardware","tag-haus","tag-kommunikation","tag-konsum","tag-photovoltaik","tag-regenerative-energie","tag-service","tag-solarenergie","tag-technik"],"share_on_mastodon":{"url":"","error":""},"_links":{"self":[{"href":"https:\/\/www.andreas-edler.de\/blog\/wp-json\/wp\/v2\/posts\/168401","targetHints":{"allow":["GET"]}}],"collection":[{"href":"https:\/\/www.andreas-edler.de\/blog\/wp-json\/wp\/v2\/posts"}],"about":[{"href":"https:\/\/www.andreas-edler.de\/blog\/wp-json\/wp\/v2\/types\/post"}],"author":[{"embeddable":true,"href":"https:\/\/www.andreas-edler.de\/blog\/wp-json\/wp\/v2\/users\/1"}],"replies":[{"embeddable":true,"href":"https:\/\/www.andreas-edler.de\/blog\/wp-json\/wp\/v2\/comments?post=168401"}],"version-history":[{"count":0,"href":"https:\/\/www.andreas-edler.de\/blog\/wp-json\/wp\/v2\/posts\/168401\/revisions"}],"wp:attachment":[{"href":"https:\/\/www.andreas-edler.de\/blog\/wp-json\/wp\/v2\/media?parent=168401"}],"wp:term":[{"taxonomy":"category","embeddable":true,"href":"https:\/\/www.andreas-edler.de\/blog\/wp-json\/wp\/v2\/categories?post=168401"},{"taxonomy":"post_tag","embeddable":true,"href":"https:\/\/www.andreas-edler.de\/blog\/wp-json\/wp\/v2\/tags?post=168401"}],"curies":[{"name":"wp","href":"https:\/\/api.w.org\/{rel}","templated":true}]}}