{"id":168313,"date":"2022-03-14T07:23:53","date_gmt":"2022-03-14T06:23:53","guid":{"rendered":"https:\/\/www.andreas-edler.de\/blog\/?p=168313"},"modified":"2022-03-14T07:23:53","modified_gmt":"2022-03-14T06:23:53","slug":"fahrradparken-am-medical-city-plaza","status":"publish","type":"post","link":"https:\/\/www.andreas-edler.de\/blog\/2022\/03\/fahrradparken-am-medical-city-plaza\/","title":{"rendered":"Fahrradparken am Medical-City-Plaza"},"content":{"rendered":"<p>W\u00e4hrend so gut wie jeder Vorstellung der Planungen zum Medical-City-Plaza habe ich nach den Vorhaben f\u00fcr den Radverkehr gefragt. Sei es F\u00fchrungen auf dem Gel\u00e4nde oder die geplanten L\u00f6sungen f\u00fcr die Ausfahrt im Osten des Geb\u00e4udes, welche dann zwangsl\u00e4ufig den Radschnellweg entlang der Mindener Stra\u00dfe kreuzen wird. Und nat\u00fcrlich auch, wo denn Fahrradabstellanlagen geplant sind.<\/p>\n<figure id=\"attachment_168314\" aria-describedby=\"caption-attachment-168314\" style=\"width: 470px\" class=\"wp-caption aligncenter\"><a href=\"https:\/\/www.andreas-edler.de\/blog\/wp-content\/uploads\/2022\/03\/2021-10-05-08.36.37.jpg\"><img loading=\"lazy\" decoding=\"async\" src=\"https:\/\/www.andreas-edler.de\/blog\/wp-content\/uploads\/2022\/03\/2021-10-05-08.36.37-470x353.jpg\" alt=\"\" width=\"470\" height=\"353\" class=\"size-large wp-image-168314\" srcset=\"https:\/\/www.andreas-edler.de\/blog\/wp-content\/uploads\/2022\/03\/2021-10-05-08.36.37-470x353.jpg 470w, https:\/\/www.andreas-edler.de\/blog\/wp-content\/uploads\/2022\/03\/2021-10-05-08.36.37-250x188.jpg 250w, https:\/\/www.andreas-edler.de\/blog\/wp-content\/uploads\/2022\/03\/2021-10-05-08.36.37-768x576.jpg 768w, https:\/\/www.andreas-edler.de\/blog\/wp-content\/uploads\/2022\/03\/2021-10-05-08.36.37-100x75.jpg 100w, https:\/\/www.andreas-edler.de\/blog\/wp-content\/uploads\/2022\/03\/2021-10-05-08.36.37-150x113.jpg 150w, https:\/\/www.andreas-edler.de\/blog\/wp-content\/uploads\/2022\/03\/2021-10-05-08.36.37-200x150.jpg 200w, https:\/\/www.andreas-edler.de\/blog\/wp-content\/uploads\/2022\/03\/2021-10-05-08.36.37-300x225.jpg 300w, https:\/\/www.andreas-edler.de\/blog\/wp-content\/uploads\/2022\/03\/2021-10-05-08.36.37-450x338.jpg 450w, https:\/\/www.andreas-edler.de\/blog\/wp-content\/uploads\/2022\/03\/2021-10-05-08.36.37-600x450.jpg 600w, https:\/\/www.andreas-edler.de\/blog\/wp-content\/uploads\/2022\/03\/2021-10-05-08.36.37-900x675.jpg 900w, https:\/\/www.andreas-edler.de\/blog\/wp-content\/uploads\/2022\/03\/2021-10-05-08.36.37.jpg 1280w\" sizes=\"auto, (max-width: 470px) 100vw, 470px\" \/><\/a><figcaption id=\"caption-attachment-168314\" class=\"wp-caption-text\">Parkhaus am Hockeyplatz im Rohbau<\/figcaption><\/figure>\n<p>Ich hatte bei den Antworten nicht den Eindruck, als h\u00e4tte sich irgendjemand dazu Gedanken gemacht. Eher im Gegenteil, ich empfand es so, als w\u00fcrden meine Nachfragen als st\u00f6rend angesehen und die Repliken waren fast feindselig. So wurde irgendwann dann gesagt &#8222;<a href=\"https:\/\/www.andreas-edler.de\/blog\/2020\/10\/haus-der-jugend-vs-medical-city-plaza\/\" rel=\"noopener\" target=\"_blank\">Das Thema Fahrrad schwingt immer mit.<\/a>&#8220; und das war es dann. Im Parkhaus f\u00fcr die Autos sollen Stellfl\u00e4chen direkt am Eingang installiert werden. Nun, gestern bin ich dort vorbei gefahren.<\/p>\n<figure id=\"attachment_168315\" aria-describedby=\"caption-attachment-168315\" style=\"width: 470px\" class=\"wp-caption aligncenter\"><a href=\"https:\/\/www.andreas-edler.de\/blog\/wp-content\/uploads\/2022\/03\/2022-03-13-15.53.32.jpg\"><img loading=\"lazy\" decoding=\"async\" src=\"https:\/\/www.andreas-edler.de\/blog\/wp-content\/uploads\/2022\/03\/2022-03-13-15.53.32-470x281.jpg\" alt=\"\" width=\"470\" height=\"281\" class=\"size-large wp-image-168315\" srcset=\"https:\/\/www.andreas-edler.de\/blog\/wp-content\/uploads\/2022\/03\/2022-03-13-15.53.32-470x281.jpg 470w, https:\/\/www.andreas-edler.de\/blog\/wp-content\/uploads\/2022\/03\/2022-03-13-15.53.32-250x149.jpg 250w, https:\/\/www.andreas-edler.de\/blog\/wp-content\/uploads\/2022\/03\/2022-03-13-15.53.32-768x458.jpg 768w, https:\/\/www.andreas-edler.de\/blog\/wp-content\/uploads\/2022\/03\/2022-03-13-15.53.32-100x60.jpg 100w, https:\/\/www.andreas-edler.de\/blog\/wp-content\/uploads\/2022\/03\/2022-03-13-15.53.32-150x90.jpg 150w, https:\/\/www.andreas-edler.de\/blog\/wp-content\/uploads\/2022\/03\/2022-03-13-15.53.32-200x119.jpg 200w, https:\/\/www.andreas-edler.de\/blog\/wp-content\/uploads\/2022\/03\/2022-03-13-15.53.32-300x179.jpg 300w, https:\/\/www.andreas-edler.de\/blog\/wp-content\/uploads\/2022\/03\/2022-03-13-15.53.32-450x269.jpg 450w, https:\/\/www.andreas-edler.de\/blog\/wp-content\/uploads\/2022\/03\/2022-03-13-15.53.32-600x358.jpg 600w, https:\/\/www.andreas-edler.de\/blog\/wp-content\/uploads\/2022\/03\/2022-03-13-15.53.32-900x537.jpg 900w, https:\/\/www.andreas-edler.de\/blog\/wp-content\/uploads\/2022\/03\/2022-03-13-15.53.32.jpg 1280w\" sizes=\"auto, (max-width: 470px) 100vw, 470px\" \/><\/a><figcaption id=\"caption-attachment-168315\" class=\"wp-caption-text\">Geplanter Abstellbereich f\u00fcr Fahrr\u00e4der<\/figcaption><\/figure>\n<p>W\u00e4hrend das Parkhaus so hoch ist, dass ich auf den obersten Etagen Fotos von der Umgebung nur mit zittrigen Fingern und weichen Knien machen konnte &#8211; H\u00f6henangst sei Dank &#8211; haben mich die geplanten Stellfl\u00e4chen f\u00fcr den Radverkehr eher ern\u00fcchtert. Augenscheinlich wurden hier zwei Stellfl\u00e4chen f\u00fcr PKW reserviert. Nat\u00fcrlich sind diese noch nicht fertig &#8211; im Rest des Parkhauses ist ansonsten alles erledigt. Nur die nervigen Fahrr\u00e4der kann man noch nicht parken. Ich finde die vorgesehene Gr\u00f6\u00dfe des Bereiches &#8211; nun, Verzeihung &#8211; l\u00e4cherlich! Das bedeutet &#8222;Das Thema Fahrrad schwingt immer mit.&#8220;? Da schwingt gar nichts, das sind Alibi-Fl\u00e4chen. Damit bringt man bestimmt Massen der Angestellten dazu, auf das Auto zu verzichten.<\/p>\n","protected":false},"excerpt":{"rendered":"<p>W\u00e4hrend so gut wie jeder Vorstellung der Planungen zum Medical-City-Plaza habe ich nach den Vorhaben f\u00fcr den Radverkehr gefragt. Sei es F\u00fchrungen auf dem Gel\u00e4nde oder die geplanten L\u00f6sungen f\u00fcr die Ausfahrt im Osten des Geb\u00e4udes, welche dann zwangsl\u00e4ufig den &hellip;<\/p>\n<p class=\"read-more\"> <a class=\"more-link\" href=\"https:\/\/www.andreas-edler.de\/blog\/2022\/03\/fahrradparken-am-medical-city-plaza\/\"> <span class=\"screen-reader-text\">Fahrradparken am Medical-City-Plaza<\/span> Weiterlesen &raquo;<\/a><\/p>\n","protected":false},"author":1,"featured_media":0,"comment_status":"open","ping_status":"open","sticky":false,"template":"","format":"standard","meta":{"ngg_post_thumbnail":0,"activitypub_content_warning":"","activitypub_content_visibility":"","activitypub_max_image_attachments":2,"activitypub_interaction_policy_quote":"anyone","activitypub_status":"","footnotes":""},"categories":[14,15,18,45],"tags":[237,110,251,168,488,436,214,216,374],"class_list":["post-168313","post","type-post","status-publish","format-standard","hentry","category-bad-oeynhausen","category-fahrrad","category-fraglich","category-politik","tag-ausschuss-fuer-stadtentwicklung","tag-fahrradfreundliche-stadt","tag-infrastruktur","tag-klimafreundliche-mobilitaet","tag-medical-city-plaza","tag-parkdruck","tag-parken","tag-parkhaeuser","tag-verkehrswende"],"share_on_mastodon":{"url":"","error":""},"_links":{"self":[{"href":"https:\/\/www.andreas-edler.de\/blog\/wp-json\/wp\/v2\/posts\/168313","targetHints":{"allow":["GET"]}}],"collection":[{"href":"https:\/\/www.andreas-edler.de\/blog\/wp-json\/wp\/v2\/posts"}],"about":[{"href":"https:\/\/www.andreas-edler.de\/blog\/wp-json\/wp\/v2\/types\/post"}],"author":[{"embeddable":true,"href":"https:\/\/www.andreas-edler.de\/blog\/wp-json\/wp\/v2\/users\/1"}],"replies":[{"embeddable":true,"href":"https:\/\/www.andreas-edler.de\/blog\/wp-json\/wp\/v2\/comments?post=168313"}],"version-history":[{"count":0,"href":"https:\/\/www.andreas-edler.de\/blog\/wp-json\/wp\/v2\/posts\/168313\/revisions"}],"wp:attachment":[{"href":"https:\/\/www.andreas-edler.de\/blog\/wp-json\/wp\/v2\/media?parent=168313"}],"wp:term":[{"taxonomy":"category","embeddable":true,"href":"https:\/\/www.andreas-edler.de\/blog\/wp-json\/wp\/v2\/categories?post=168313"},{"taxonomy":"post_tag","embeddable":true,"href":"https:\/\/www.andreas-edler.de\/blog\/wp-json\/wp\/v2\/tags?post=168313"}],"curies":[{"name":"wp","href":"https:\/\/api.w.org\/{rel}","templated":true}]}}