{"id":168297,"date":"2022-03-13T11:42:20","date_gmt":"2022-03-13T10:42:20","guid":{"rendered":"https:\/\/www.andreas-edler.de\/blog\/?p=168297"},"modified":"2022-03-13T11:42:20","modified_gmt":"2022-03-13T10:42:20","slug":"absicherung-von-baumscheiben","status":"publish","type":"post","link":"https:\/\/www.andreas-edler.de\/blog\/2022\/03\/absicherung-von-baumscheiben\/","title":{"rendered":"Absicherung von Baumscheiben"},"content":{"rendered":"<p>Ende Januar hatte ich beschrieben, wie eine <a href=\"https:\/\/www.andreas-edler.de\/blog\/2022\/01\/neuer-baum-an-der-portastrasse-kein-schutz\/\" rel=\"noopener\" target=\"_blank\">Baumscheibe in der Portastra\u00dfe gewollt kaputt gefahren<\/a> wird. Am Rande des <a href=\"https:\/\/www.sitzungsdienst-bad-oeynhausen.de\/bi\/to010.asp?SILFDNR=4367\" rel=\"noopener\" target=\"_blank\">Ausschuss f\u00fcr Stadtentwicklung am 03.02.<\/a> habe ich das an entsprechender Stelle platziert. W\u00e4hrend ich im Februar in Corona bzw. Covid-19 bedingter Quarant\u00e4ne zu Hause sa\u00df, schickte mir am 24.02. ein Arbeitskollege ein Bild, dass die Stadtwerke nun zwei Baken aufgestellt h\u00e4tten.<\/p>\n<figure id=\"attachment_168298\" aria-describedby=\"caption-attachment-168298\" style=\"width: 470px\" class=\"wp-caption aligncenter\"><a href=\"https:\/\/www.andreas-edler.de\/blog\/wp-content\/uploads\/2022\/03\/2022-03-07-12.48.49.jpg\"><img loading=\"lazy\" decoding=\"async\" src=\"https:\/\/www.andreas-edler.de\/blog\/wp-content\/uploads\/2022\/03\/2022-03-07-12.48.49-470x259.jpg\" alt=\"\" width=\"470\" height=\"259\" class=\"size-large wp-image-168298\" srcset=\"https:\/\/www.andreas-edler.de\/blog\/wp-content\/uploads\/2022\/03\/2022-03-07-12.48.49-470x259.jpg 470w, https:\/\/www.andreas-edler.de\/blog\/wp-content\/uploads\/2022\/03\/2022-03-07-12.48.49-250x138.jpg 250w, https:\/\/www.andreas-edler.de\/blog\/wp-content\/uploads\/2022\/03\/2022-03-07-12.48.49-768x422.jpg 768w, https:\/\/www.andreas-edler.de\/blog\/wp-content\/uploads\/2022\/03\/2022-03-07-12.48.49-100x55.jpg 100w, https:\/\/www.andreas-edler.de\/blog\/wp-content\/uploads\/2022\/03\/2022-03-07-12.48.49-150x83.jpg 150w, https:\/\/www.andreas-edler.de\/blog\/wp-content\/uploads\/2022\/03\/2022-03-07-12.48.49-200x110.jpg 200w, https:\/\/www.andreas-edler.de\/blog\/wp-content\/uploads\/2022\/03\/2022-03-07-12.48.49-300x165.jpg 300w, https:\/\/www.andreas-edler.de\/blog\/wp-content\/uploads\/2022\/03\/2022-03-07-12.48.49-450x248.jpg 450w, https:\/\/www.andreas-edler.de\/blog\/wp-content\/uploads\/2022\/03\/2022-03-07-12.48.49-600x330.jpg 600w, https:\/\/www.andreas-edler.de\/blog\/wp-content\/uploads\/2022\/03\/2022-03-07-12.48.49-900x495.jpg 900w, https:\/\/www.andreas-edler.de\/blog\/wp-content\/uploads\/2022\/03\/2022-03-07-12.48.49.jpg 1280w\" sizes=\"auto, (max-width: 470px) 100vw, 470px\" \/><\/a><figcaption id=\"caption-attachment-168298\" class=\"wp-caption-text\">Baumscheibe in der Portastra\u00dfe<\/figcaption><\/figure>\n<p>Freitag habe ich Homeoffice gemacht, aber am Donnerstag sah die Baumscheibe immer noch wie Anfang Februar auf. Aufgrund der Baken f\u00e4hrt nun niemand mehr durch die Botanik. Ich h\u00e4tte aber in meiner Naivit\u00e4t erwartet, dass auch das Erdreich wieder hergerichtet wird. Wahrscheinlich darf sowas nicht zu schnell gehen.<\/p>\n","protected":false},"excerpt":{"rendered":"<p>Ende Januar hatte ich beschrieben, wie eine Baumscheibe in der Portastra\u00dfe gewollt kaputt gefahren wird. Am Rande des Ausschuss f\u00fcr Stadtentwicklung am 03.02. habe ich das an entsprechender Stelle platziert. W\u00e4hrend ich im Februar in Corona bzw. Covid-19 bedingter Quarant\u00e4ne &hellip;<\/p>\n<p class=\"read-more\"> <a class=\"more-link\" href=\"https:\/\/www.andreas-edler.de\/blog\/2022\/03\/absicherung-von-baumscheiben\/\"> <span class=\"screen-reader-text\">Absicherung von Baumscheiben<\/span> Weiterlesen &raquo;<\/a><\/p>\n","protected":false},"author":1,"featured_media":0,"comment_status":"open","ping_status":"open","sticky":false,"template":"","format":"standard","meta":{"ngg_post_thumbnail":0,"activitypub_content_warning":"","activitypub_content_visibility":"","activitypub_max_image_attachments":2,"activitypub_interaction_policy_quote":"anyone","activitypub_status":"","footnotes":""},"categories":[14,45,13],"tags":[237,435,528,436,214,342,33,79],"class_list":["post-168297","post","type-post","status-publish","format-standard","hentry","category-bad-oeynhausen","category-politik","category-verkehr","tag-ausschuss-fuer-stadtentwicklung","tag-baeume","tag-baumscheiben","tag-parkdruck","tag-parken","tag-portastrasse","tag-service","tag-stadtwerke"],"share_on_mastodon":{"url":"","error":""},"_links":{"self":[{"href":"https:\/\/www.andreas-edler.de\/blog\/wp-json\/wp\/v2\/posts\/168297","targetHints":{"allow":["GET"]}}],"collection":[{"href":"https:\/\/www.andreas-edler.de\/blog\/wp-json\/wp\/v2\/posts"}],"about":[{"href":"https:\/\/www.andreas-edler.de\/blog\/wp-json\/wp\/v2\/types\/post"}],"author":[{"embeddable":true,"href":"https:\/\/www.andreas-edler.de\/blog\/wp-json\/wp\/v2\/users\/1"}],"replies":[{"embeddable":true,"href":"https:\/\/www.andreas-edler.de\/blog\/wp-json\/wp\/v2\/comments?post=168297"}],"version-history":[{"count":0,"href":"https:\/\/www.andreas-edler.de\/blog\/wp-json\/wp\/v2\/posts\/168297\/revisions"}],"wp:attachment":[{"href":"https:\/\/www.andreas-edler.de\/blog\/wp-json\/wp\/v2\/media?parent=168297"}],"wp:term":[{"taxonomy":"category","embeddable":true,"href":"https:\/\/www.andreas-edler.de\/blog\/wp-json\/wp\/v2\/categories?post=168297"},{"taxonomy":"post_tag","embeddable":true,"href":"https:\/\/www.andreas-edler.de\/blog\/wp-json\/wp\/v2\/tags?post=168297"}],"curies":[{"name":"wp","href":"https:\/\/api.w.org\/{rel}","templated":true}]}}