{"id":168265,"date":"2022-02-27T10:34:06","date_gmt":"2022-02-27T09:34:06","guid":{"rendered":"https:\/\/www.andreas-edler.de\/blog\/?p=168265"},"modified":"2022-02-27T10:34:06","modified_gmt":"2022-02-27T09:34:06","slug":"corona-nervt","status":"publish","type":"post","link":"https:\/\/www.andreas-edler.de\/blog\/2022\/02\/corona-nervt\/","title":{"rendered":"Corona nervt"},"content":{"rendered":"<p><figure id=\"attachment_168266\" aria-describedby=\"caption-attachment-168266\" style=\"width: 251px\" class=\"wp-caption alignright\"><a href=\"https:\/\/www.andreas-edler.de\/blog\/wp-content\/uploads\/2022\/02\/2022-02-27_nachwuchs_1_positiv.png\"><img loading=\"lazy\" decoding=\"async\" src=\"https:\/\/www.andreas-edler.de\/blog\/wp-content\/uploads\/2022\/02\/2022-02-27_nachwuchs_1_positiv-251x470.png\" alt=\"\" width=\"251\" height=\"470\" class=\"size-large wp-image-168266\" srcset=\"https:\/\/www.andreas-edler.de\/blog\/wp-content\/uploads\/2022\/02\/2022-02-27_nachwuchs_1_positiv-251x470.png 251w, https:\/\/www.andreas-edler.de\/blog\/wp-content\/uploads\/2022\/02\/2022-02-27_nachwuchs_1_positiv-133x250.png 133w, https:\/\/www.andreas-edler.de\/blog\/wp-content\/uploads\/2022\/02\/2022-02-27_nachwuchs_1_positiv-100x187.png 100w, https:\/\/www.andreas-edler.de\/blog\/wp-content\/uploads\/2022\/02\/2022-02-27_nachwuchs_1_positiv-150x281.png 150w, https:\/\/www.andreas-edler.de\/blog\/wp-content\/uploads\/2022\/02\/2022-02-27_nachwuchs_1_positiv-200x375.png 200w, https:\/\/www.andreas-edler.de\/blog\/wp-content\/uploads\/2022\/02\/2022-02-27_nachwuchs_1_positiv-300x562.png 300w, https:\/\/www.andreas-edler.de\/blog\/wp-content\/uploads\/2022\/02\/2022-02-27_nachwuchs_1_positiv.png 356w\" sizes=\"auto, (max-width: 251px) 100vw, 251px\" \/><\/a><figcaption id=\"caption-attachment-168266\" class=\"wp-caption-text\">Nachwuchs 1.0 auch positiv<\/figcaption><\/figure> Seit einer Woche wohnen wir hier im Haus in vier verschiedenen Zimmern. Ich halte mich fast nur im Wintergarten auf und schlafe auch dort auf der Bettcouch, Alex schl\u00e4ft in unserem Schlafzimmer und ist mit Ben ansonsten ab und zu im Wohnzimmer. Ben ist zumeist in seinem Zimmer oder im Wohnzimmer und der gro\u00dfe Junge verl\u00e4sst sein Zimmer nicht mehr, kauft sich seine eigenen Lebensmittel und Getr\u00e4nke und falls wir durchs Haus gehen, warten wir ob &#8222;die Luft rein&#8220; ist, damit wir uns alle nicht begegnen. Fast immer tragen auch alle Masken dabei. H\u00f6rt sich nicht idyllisch an und ist es auch nicht. Ehrlich gesagt nervt mich da.<\/p>\n<p>Bis gestern dachten wir auch noch, dass wir damit irgendwie verhindert h\u00e4tten, dass die beiden Jungs sich anstecken. Allerdings klagten gestern beide \u00fcber Halsweh und Kratzen beim Sprechen. T\u00e4gliche Schnelltests im Testzentrum waren bis dahin immer negativ. Der Student ist allerdings gestern mit meiner Bescheinigung zum PCR-Test gegangen und hat heute morgen das Ergebnis bekommen. Nicht super. Die erste Praktikumswoche an der Schule kann er damit wohl knicken.<\/p>\n<p>Ich bin echt genervt. Es wurde in zwei Jahren vers\u00e4umt, vern\u00fcnftige Methoden zu etablieren, diese hohen Inzidenzen zu verhindern. Es wurde auf Schreih\u00e4lse R\u00fccksicht genommen. Es gibt keine Quarant\u00e4ne f\u00fcr Kontaktpersonen. Sowohl Ben als auch der Gro\u00dfe konnten (und mussten!) sich frei bewegen bzw. zur Schule. Ich muss n\u00e4chste Woche wahrscheinlich wieder zur Arbeit, obwohl hier im Haus mindestens ein positiver Fall ist. Wie soll das funktionieren? Auch angesichts der Tatsache, dass in Schulen die Pooltests nun wegfallen und in &#8222;Eigenverantwortung&#8220; aber wirklich ganz gewissenhaft regelm\u00e4\u00dfig zu Hause getestet werden soll.<\/p>\n<p>Einziger Lichtblick ist, dass mit der Impfung die Verl\u00e4ufe augenscheinlich wirklich eher \u00fcberschaubar sind. Aber selbst das bekommen einige ja nicht in ihre Sch\u00e4del. Mir ist inzwischen fast alles egal.<\/p>\n","protected":false},"excerpt":{"rendered":"<p>Seit einer Woche wohnen wir hier im Haus in vier verschiedenen Zimmern. Ich halte mich fast nur im Wintergarten auf und schlafe auch dort auf der Bettcouch, Alex schl\u00e4ft in unserem Schlafzimmer und ist mit Ben ansonsten ab und zu &hellip;<\/p>\n<p class=\"read-more\"> <a class=\"more-link\" href=\"https:\/\/www.andreas-edler.de\/blog\/2022\/02\/corona-nervt\/\"> <span class=\"screen-reader-text\">Corona nervt<\/span> Weiterlesen &raquo;<\/a><\/p>\n","protected":false},"author":1,"featured_media":0,"comment_status":"open","ping_status":"open","sticky":false,"template":"","format":"standard","meta":{"ngg_post_thumbnail":0,"activitypub_content_warning":"","activitypub_content_visibility":"","activitypub_max_image_attachments":2,"activitypub_interaction_policy_quote":"anyone","activitypub_status":"","footnotes":""},"categories":[1],"tags":[63,469,7,38,182,186,71],"class_list":["post-168265","post","type-post","status-publish","format-standard","hentry","category-allgemein","tag-benehmen","tag-corona","tag-gesundheit","tag-haus","tag-nachwuchs-1-0","tag-nachwuchs-2-0","tag-regeln"],"share_on_mastodon":{"url":"","error":""},"_links":{"self":[{"href":"https:\/\/www.andreas-edler.de\/blog\/wp-json\/wp\/v2\/posts\/168265","targetHints":{"allow":["GET"]}}],"collection":[{"href":"https:\/\/www.andreas-edler.de\/blog\/wp-json\/wp\/v2\/posts"}],"about":[{"href":"https:\/\/www.andreas-edler.de\/blog\/wp-json\/wp\/v2\/types\/post"}],"author":[{"embeddable":true,"href":"https:\/\/www.andreas-edler.de\/blog\/wp-json\/wp\/v2\/users\/1"}],"replies":[{"embeddable":true,"href":"https:\/\/www.andreas-edler.de\/blog\/wp-json\/wp\/v2\/comments?post=168265"}],"version-history":[{"count":0,"href":"https:\/\/www.andreas-edler.de\/blog\/wp-json\/wp\/v2\/posts\/168265\/revisions"}],"wp:attachment":[{"href":"https:\/\/www.andreas-edler.de\/blog\/wp-json\/wp\/v2\/media?parent=168265"}],"wp:term":[{"taxonomy":"category","embeddable":true,"href":"https:\/\/www.andreas-edler.de\/blog\/wp-json\/wp\/v2\/categories?post=168265"},{"taxonomy":"post_tag","embeddable":true,"href":"https:\/\/www.andreas-edler.de\/blog\/wp-json\/wp\/v2\/tags?post=168265"}],"curies":[{"name":"wp","href":"https:\/\/api.w.org\/{rel}","templated":true}]}}