{"id":168190,"date":"2022-02-13T15:06:24","date_gmt":"2022-02-13T14:06:24","guid":{"rendered":"https:\/\/www.andreas-edler.de\/blog\/?p=168190"},"modified":"2022-02-13T15:06:24","modified_gmt":"2022-02-13T14:06:24","slug":"kein-durchkommen-fuers-fahrrad-an-der-tannenbergstrasse","status":"publish","type":"post","link":"https:\/\/www.andreas-edler.de\/blog\/2022\/02\/kein-durchkommen-fuers-fahrrad-an-der-tannenbergstrasse\/","title":{"rendered":"Kein Durchkommen f\u00fcr&#8217;s Fahrrad an der Tannenbergstra\u00dfe"},"content":{"rendered":"<p>Neulich habe ich noch gelobt, dass endlich die Durchfahrt f\u00fcr Radfahrende an der f\u00fcr den motorisierten Verkehr gesperrten Bahnunterf\u00fchrung der <a href=\"https:\/\/www.andreas-edler.de\/blog\/tag\/tannenbergstrasse\/\" rel=\"noopener\" target=\"_blank\">Tannenbergstra\u00dfe<\/a> verbessert wurde. Im Zuge von Stra\u00dfensperren wegen Sanierungsarbeiten einer anderen Bahnbr\u00fccke, wurde hier die Durchfahrt f\u00fcr KfZ per Schranke verhindert. Zuvor hatten Autofahrende die Beschilderung im Dutzend und wochenlang ignoriert. Leider ist das eher schluderig erfolgt und als Radfahrender musste man auf der n\u00f6rdlichen Seite durch Schmodder, Schlamm und entlang der Kopfsteinpflasterkante balancieren. Vor ca. zwei Wochen wurde das ver\u00e4ndert. <a href=\"https:\/\/www.andreas-edler.de\/blog\/2022\/01\/durchfahrt-an-der-unterfuehrung-tannenbergstrasse-verbessert\/\" target=\"_blank\" rel=\"noopener\">Die Schranke gek\u00fcrzt und der Betonblock so verr\u00fcckt, dass man nicht mehr durch den Dreck musste.<\/a> Super.<\/p>\n<figure id=\"attachment_168192\" aria-describedby=\"caption-attachment-168192\" style=\"width: 470px\" class=\"wp-caption aligncenter\"><a href=\"https:\/\/www.andreas-edler.de\/blog\/wp-content\/uploads\/2022\/02\/2022-02-11-16.46.37.jpg\"><img loading=\"lazy\" decoding=\"async\" src=\"https:\/\/www.andreas-edler.de\/blog\/wp-content\/uploads\/2022\/02\/2022-02-11-16.46.37-470x182.jpg\" alt=\"\" width=\"470\" height=\"182\" class=\"size-large wp-image-168192\" srcset=\"https:\/\/www.andreas-edler.de\/blog\/wp-content\/uploads\/2022\/02\/2022-02-11-16.46.37-470x182.jpg 470w, https:\/\/www.andreas-edler.de\/blog\/wp-content\/uploads\/2022\/02\/2022-02-11-16.46.37-250x97.jpg 250w, https:\/\/www.andreas-edler.de\/blog\/wp-content\/uploads\/2022\/02\/2022-02-11-16.46.37-768x297.jpg 768w, https:\/\/www.andreas-edler.de\/blog\/wp-content\/uploads\/2022\/02\/2022-02-11-16.46.37-100x39.jpg 100w, https:\/\/www.andreas-edler.de\/blog\/wp-content\/uploads\/2022\/02\/2022-02-11-16.46.37-150x58.jpg 150w, https:\/\/www.andreas-edler.de\/blog\/wp-content\/uploads\/2022\/02\/2022-02-11-16.46.37-200x77.jpg 200w, https:\/\/www.andreas-edler.de\/blog\/wp-content\/uploads\/2022\/02\/2022-02-11-16.46.37-300x116.jpg 300w, https:\/\/www.andreas-edler.de\/blog\/wp-content\/uploads\/2022\/02\/2022-02-11-16.46.37-450x174.jpg 450w, https:\/\/www.andreas-edler.de\/blog\/wp-content\/uploads\/2022\/02\/2022-02-11-16.46.37-600x232.jpg 600w, https:\/\/www.andreas-edler.de\/blog\/wp-content\/uploads\/2022\/02\/2022-02-11-16.46.37-900x348.jpg 900w, https:\/\/www.andreas-edler.de\/blog\/wp-content\/uploads\/2022\/02\/2022-02-11-16.46.37.jpg 1280w\" sizes=\"auto, (max-width: 470px) 100vw, 470px\" \/><\/a><figcaption id=\"caption-attachment-168192\" class=\"wp-caption-text\">Kein Platz f\u00fcr Fahrr\u00e4der.<\/figcaption><\/figure>\n<p>Nun scheint das aber nicht der gew\u00fcnschte Endausbau gewesen zu sein. Mindestens seit vorgestern ist die Schranke verl\u00e4ngert worden. Nun ist die L\u00fccke zwischen dem Betonklotz und dem Schrankenende deutlich schmaler, als mein Lenker breit ist. Ich kann da durch &#8222;fahren&#8220;, weil ich oft Fahrrad fahre, aber ganz ehrlich ist das so eine Frechheit. Wie soll denn da jemand mit einem (Elektro-)Rollstuhl durch kommen? Oder eine Mutter mit Kinderwagen? Oder ein\/e Senior\/in mit Rollator? Achso, rechts und links ist noch Platz?<\/p>\n<figure id=\"attachment_168193\" aria-describedby=\"caption-attachment-168193\" style=\"width: 470px\" class=\"wp-caption aligncenter\"><a href=\"https:\/\/www.andreas-edler.de\/blog\/wp-content\/uploads\/2022\/02\/2022-02-11-16.47.22.jpg\"><img loading=\"lazy\" decoding=\"async\" src=\"https:\/\/www.andreas-edler.de\/blog\/wp-content\/uploads\/2022\/02\/2022-02-11-16.47.22-470x195.jpg\" alt=\"\" width=\"470\" height=\"195\" class=\"size-large wp-image-168193\" srcset=\"https:\/\/www.andreas-edler.de\/blog\/wp-content\/uploads\/2022\/02\/2022-02-11-16.47.22-470x195.jpg 470w, https:\/\/www.andreas-edler.de\/blog\/wp-content\/uploads\/2022\/02\/2022-02-11-16.47.22-250x104.jpg 250w, https:\/\/www.andreas-edler.de\/blog\/wp-content\/uploads\/2022\/02\/2022-02-11-16.47.22-768x318.jpg 768w, https:\/\/www.andreas-edler.de\/blog\/wp-content\/uploads\/2022\/02\/2022-02-11-16.47.22-100x41.jpg 100w, https:\/\/www.andreas-edler.de\/blog\/wp-content\/uploads\/2022\/02\/2022-02-11-16.47.22-150x62.jpg 150w, https:\/\/www.andreas-edler.de\/blog\/wp-content\/uploads\/2022\/02\/2022-02-11-16.47.22-200x83.jpg 200w, https:\/\/www.andreas-edler.de\/blog\/wp-content\/uploads\/2022\/02\/2022-02-11-16.47.22-300x124.jpg 300w, https:\/\/www.andreas-edler.de\/blog\/wp-content\/uploads\/2022\/02\/2022-02-11-16.47.22-450x186.jpg 450w, https:\/\/www.andreas-edler.de\/blog\/wp-content\/uploads\/2022\/02\/2022-02-11-16.47.22-600x248.jpg 600w, https:\/\/www.andreas-edler.de\/blog\/wp-content\/uploads\/2022\/02\/2022-02-11-16.47.22-900x373.jpg 900w, https:\/\/www.andreas-edler.de\/blog\/wp-content\/uploads\/2022\/02\/2022-02-11-16.47.22.jpg 1280w\" sizes=\"auto, (max-width: 470px) 100vw, 470px\" \/><\/a><figcaption id=\"caption-attachment-168193\" class=\"wp-caption-text\">Linke Seite der n\u00f6rdlichen Tunneleinfahrt, Blickrichtung S\u00fcden.<\/figcaption><\/figure>\n<p>Klar, links kann man vorbei. Wenn man Gummistiefel anhat oder sehr grobstolliges Profil f\u00e4hrt. Und wenn man keine Angst hat, wegzurutschen und mit dem Kopf auf die Betonkante zu schlagen. Dann kann man da vorbei fahren und gehen.<\/p>\n<figure id=\"attachment_168194\" aria-describedby=\"caption-attachment-168194\" style=\"width: 470px\" class=\"wp-caption aligncenter\"><a href=\"https:\/\/www.andreas-edler.de\/blog\/wp-content\/uploads\/2022\/02\/2022-02-11-16.47.40.jpg\"><img loading=\"lazy\" decoding=\"async\" src=\"https:\/\/www.andreas-edler.de\/blog\/wp-content\/uploads\/2022\/02\/2022-02-11-16.47.40-470x182.jpg\" alt=\"\" width=\"470\" height=\"182\" class=\"size-large wp-image-168194\" srcset=\"https:\/\/www.andreas-edler.de\/blog\/wp-content\/uploads\/2022\/02\/2022-02-11-16.47.40-470x182.jpg 470w, https:\/\/www.andreas-edler.de\/blog\/wp-content\/uploads\/2022\/02\/2022-02-11-16.47.40-250x97.jpg 250w, https:\/\/www.andreas-edler.de\/blog\/wp-content\/uploads\/2022\/02\/2022-02-11-16.47.40-768x297.jpg 768w, https:\/\/www.andreas-edler.de\/blog\/wp-content\/uploads\/2022\/02\/2022-02-11-16.47.40-100x39.jpg 100w, https:\/\/www.andreas-edler.de\/blog\/wp-content\/uploads\/2022\/02\/2022-02-11-16.47.40-150x58.jpg 150w, https:\/\/www.andreas-edler.de\/blog\/wp-content\/uploads\/2022\/02\/2022-02-11-16.47.40-200x77.jpg 200w, https:\/\/www.andreas-edler.de\/blog\/wp-content\/uploads\/2022\/02\/2022-02-11-16.47.40-300x116.jpg 300w, https:\/\/www.andreas-edler.de\/blog\/wp-content\/uploads\/2022\/02\/2022-02-11-16.47.40-450x174.jpg 450w, https:\/\/www.andreas-edler.de\/blog\/wp-content\/uploads\/2022\/02\/2022-02-11-16.47.40-600x232.jpg 600w, https:\/\/www.andreas-edler.de\/blog\/wp-content\/uploads\/2022\/02\/2022-02-11-16.47.40-900x348.jpg 900w, https:\/\/www.andreas-edler.de\/blog\/wp-content\/uploads\/2022\/02\/2022-02-11-16.47.40.jpg 1280w\" sizes=\"auto, (max-width: 470px) 100vw, 470px\" \/><\/a><figcaption id=\"caption-attachment-168194\" class=\"wp-caption-text\">Rechte Seite der n\u00f6rdlichen Tunneleinfahrt, Blickrichtung S\u00fcden.<\/figcaption><\/figure>\n<p>Und rechts ist genauso viel Platz! Auch genauso schlammig und matschig. Aber daf\u00fcr kein Betonklotz, auf den man fallen k\u00f6nnte. Daf\u00fcr h\u00fcbsch schr\u00e4g zur Fahrtrichtung verlaufende, total verschmierte und hochstehende Bordsteinkannten, die man super-sicher mit dem Fahrrad befahren kann und die sicher auch gar keine Probleme machen, wenn man da mit Rollstuhl, Rollator oder \u00e4hnlichem dr\u00fcber m\u00f6chte.<\/p>\n<p><a href=\"https:\/\/twitter.com\/JorgZander\/status\/1492121094291132416\" rel=\"noopener\" target=\"_blank\">J\u00f6rg hat mich am Freitag in einem Tweet angepingt<\/a> und ich habe auch bereits die Verwaltung angemailt. Diese &#8222;Gleichg\u00fcltigkeit&#8220; bei der Umsetzung von Ma\u00dfnahmen ist es, die mich so \u00e4rgert. Wir wollen fahrradfreundlich werden und nehmen daf\u00fcr viel Geld in die Hand. Leider l\u00e4sst sich Fahrradfreundlichkeit nicht (nur!) an der H\u00f6he der monet\u00e4ren Mittel ablesen, sondern vor allen Dingen am t\u00e4glichen Umgang mit Herausforderungen.<\/p>\n<p>Die Unterf\u00fchrung im Verlauf der Tannenbergstra\u00dfe ist eine explizit f\u00fcr den Radverkehr ausgeschilderte Umleitung f\u00fcr die gesperrte Steinstra\u00dfe. Und weil die Fahrer\/innen des motorisierten Individualverkehrs ihr M\u00fctchen nicht unter Kontrolle haben und bei der folgenden Instandsetzung der eingerichteten Sperren nicht ausreichend nachgedacht wird, muss der Rad- und Fu\u00dfverkehr durch die \u00d6ttke. Daran kann man erkennen, wie im t\u00e4glichen Betrieb klimafreundliche Mobilit\u00e4tsarten und eingeschr\u00e4nkte Verkehrsteilnehmer ber\u00fccksichtigt werden. Die andere Umleitungsm\u00f6glichkeit in westlicher Richtung durch die Heinrichstra\u00dfe ist zudem weder ausgeschildert, noch jederzeit passierbar. Aufgrund der dortigen Baut\u00e4tigkeit ist die Stra\u00dfe des\u00f6fteren &#8222;gesperrt&#8220;.<\/p>\n<p>So bekommt man Menschen aufs Fahrrad!<\/p>\n","protected":false},"excerpt":{"rendered":"<p>Neulich habe ich noch gelobt, dass endlich die Durchfahrt f\u00fcr Radfahrende an der f\u00fcr den motorisierten Verkehr gesperrten Bahnunterf\u00fchrung der Tannenbergstra\u00dfe verbessert wurde. Im Zuge von Stra\u00dfensperren wegen Sanierungsarbeiten einer anderen Bahnbr\u00fccke, wurde hier die Durchfahrt f\u00fcr KfZ per Schranke &hellip;<\/p>\n<p class=\"read-more\"> <a class=\"more-link\" href=\"https:\/\/www.andreas-edler.de\/blog\/2022\/02\/kein-durchkommen-fuers-fahrrad-an-der-tannenbergstrasse\/\"> <span class=\"screen-reader-text\">Kein Durchkommen f\u00fcr&#8217;s Fahrrad an der Tannenbergstra\u00dfe<\/span> Weiterlesen &raquo;<\/a><\/p>\n","protected":false},"author":1,"featured_media":168191,"comment_status":"open","ping_status":"open","sticky":false,"template":"","format":"standard","meta":{"ngg_post_thumbnail":0,"activitypub_content_warning":"","activitypub_content_visibility":"","activitypub_max_image_attachments":2,"activitypub_interaction_policy_quote":"anyone","activitypub_status":"","footnotes":""},"categories":[14,15,13],"tags":[237,110,406,447,251,168,412,207,414,79,492,374,72],"class_list":["post-168190","post","type-post","status-publish","format-standard","has-post-thumbnail","hentry","category-bad-oeynhausen","category-fahrrad","category-verkehr","tag-ausschuss-fuer-stadtentwicklung","tag-fahrradfreundliche-stadt","tag-fahrradklimatest","tag-heinrichstrasse","tag-infrastruktur","tag-klimafreundliche-mobilitaet","tag-mdrza","tag-radweg","tag-runter-vom-radweg","tag-stadtwerke","tag-tannenbergstrasse","tag-verkehrswende","tag-verwaltung"],"share_on_mastodon":{"url":"","error":""},"_links":{"self":[{"href":"https:\/\/www.andreas-edler.de\/blog\/wp-json\/wp\/v2\/posts\/168190","targetHints":{"allow":["GET"]}}],"collection":[{"href":"https:\/\/www.andreas-edler.de\/blog\/wp-json\/wp\/v2\/posts"}],"about":[{"href":"https:\/\/www.andreas-edler.de\/blog\/wp-json\/wp\/v2\/types\/post"}],"author":[{"embeddable":true,"href":"https:\/\/www.andreas-edler.de\/blog\/wp-json\/wp\/v2\/users\/1"}],"replies":[{"embeddable":true,"href":"https:\/\/www.andreas-edler.de\/blog\/wp-json\/wp\/v2\/comments?post=168190"}],"version-history":[{"count":0,"href":"https:\/\/www.andreas-edler.de\/blog\/wp-json\/wp\/v2\/posts\/168190\/revisions"}],"wp:featuredmedia":[{"embeddable":true,"href":"https:\/\/www.andreas-edler.de\/blog\/wp-json\/wp\/v2\/media\/168191"}],"wp:attachment":[{"href":"https:\/\/www.andreas-edler.de\/blog\/wp-json\/wp\/v2\/media?parent=168190"}],"wp:term":[{"taxonomy":"category","embeddable":true,"href":"https:\/\/www.andreas-edler.de\/blog\/wp-json\/wp\/v2\/categories?post=168190"},{"taxonomy":"post_tag","embeddable":true,"href":"https:\/\/www.andreas-edler.de\/blog\/wp-json\/wp\/v2\/tags?post=168190"}],"curies":[{"name":"wp","href":"https:\/\/api.w.org\/{rel}","templated":true}]}}