{"id":168119,"date":"2022-01-25T23:15:54","date_gmt":"2022-01-25T22:15:54","guid":{"rendered":"https:\/\/www.andreas-edler.de\/blog\/?p=168119"},"modified":"2022-01-27T00:24:17","modified_gmt":"2022-01-26T23:24:17","slug":"ruecksicht-nehmen","status":"publish","type":"post","link":"https:\/\/www.andreas-edler.de\/blog\/2022\/01\/ruecksicht-nehmen\/","title":{"rendered":"R\u00fccksicht nehmen &#8230;"},"content":{"rendered":"<p>Autofahrende verlangen in Diskussionen, in denen man auf Gef\u00e4hrdungen von Radfahrenden hinweist, von den Radfahrenden meist, dass diese sich selbst erstmal an Regeln halten sollen. Und \u00fcberhaupt &#8222;R\u00fccksicht m\u00fcssen alle nehmen&#8220;, auf Facebook heisst das dann gerne &#8222;Leben und leben lassen&#8220;. Wie das dann im richtigen Leben aussieht, habe ich gestern morgen auf dem Weg ins B\u00fcro wieder mal erlebt.<\/p>\n<p><iframe loading=\"lazy\" width=\"560\" height=\"315\" src=\"https:\/\/www.youtube-nocookie.com\/embed\/TR4XE1Is1UE\" title=\"YouTube video player\" frameborder=\"0\" allow=\"accelerometer; autoplay; clipboard-write; encrypted-media; gyroscope; picture-in-picture\" allowfullscreen><\/iframe><\/p>\n<p>In dem Augenblick, in welchem das n\u00e4her gelegene Lichtzeichen auf gr\u00fcn umspringt, hat der rechtsabbiegende Verkehr seit mindesten 2 Sekunden rot. So lange ben\u00f6tigt kein Fahrzeug, um die Kreuzung zu r\u00e4umen. Anders gesagt: der mir da gerade vor dem Vorderrad her zieht, ist mit an Sicherheit grenzender Wahrscheinlichkeit bei rot abgebogen.<\/p>\n<p>Welche R\u00fccksicht zeigt er? Wie erkennt man aus seiner Fahrweise das &#8222;leben lassen&#8220;? Wenn Autofahrende den \u00a71 der StVO zitieren &#8211; meist der einzige bekannte Paragraph, wenn auch nicht ganz &#8211; dann meinen sie: bleib halt stehen und lass mich vorbei, Du Schei\u00dfradfahrer. Gerne wird auch angef\u00fchrt, Radfahrende m\u00fcssten zu einem F\u00fchrerschein verpflichtet werden und die R\u00e4der m\u00fcssten Kennzeichen haben. Hmm, ich vermute, das war bei dem Auto alles gegeben.<\/p>\n<p>Es g\u00e4be M\u00f6glichkeiten, sowas zu unterbinden. Aber dann m\u00fcsste man den motorisierten Individualverkehr reglementieren, kontrollieren und deren Fahrer\/innen m\u00fcssten Konsequenzen sp\u00fcren. Nein, das ginge wirklich zu weit.<\/p>\n","protected":false},"excerpt":{"rendered":"<p>Autofahrende verlangen in Diskussionen, in denen man auf Gef\u00e4hrdungen von Radfahrenden hinweist, von den Radfahrenden meist, dass diese sich selbst erstmal an Regeln halten sollen. Und \u00fcberhaupt &#8222;R\u00fccksicht m\u00fcssen alle nehmen&#8220;, auf Facebook heisst das dann gerne &#8222;Leben und leben &hellip;<\/p>\n<p class=\"read-more\"> <a class=\"more-link\" href=\"https:\/\/www.andreas-edler.de\/blog\/2022\/01\/ruecksicht-nehmen\/\"> <span class=\"screen-reader-text\">R\u00fccksicht nehmen &#8230;<\/span> Weiterlesen &raquo;<\/a><\/p>\n","protected":false},"author":1,"featured_media":0,"comment_status":"open","ping_status":"open","sticky":false,"template":"","format":"standard","meta":{"ngg_post_thumbnail":0,"activitypub_content_warning":"","activitypub_content_visibility":"","activitypub_max_image_attachments":2,"activitypub_interaction_policy_quote":"anyone","activitypub_status":"","footnotes":""},"categories":[14,15,13],"tags":[63,251,168,270,207,76,260,374],"class_list":["post-168119","post","type-post","status-publish","format-standard","hentry","category-bad-oeynhausen","category-fahrrad","category-verkehr","tag-benehmen","tag-infrastruktur","tag-klimafreundliche-mobilitaet","tag-mindener-strasse","tag-radweg","tag-sicherheit","tag-stvo","tag-verkehrswende"],"share_on_mastodon":{"url":"","error":""},"_links":{"self":[{"href":"https:\/\/www.andreas-edler.de\/blog\/wp-json\/wp\/v2\/posts\/168119","targetHints":{"allow":["GET"]}}],"collection":[{"href":"https:\/\/www.andreas-edler.de\/blog\/wp-json\/wp\/v2\/posts"}],"about":[{"href":"https:\/\/www.andreas-edler.de\/blog\/wp-json\/wp\/v2\/types\/post"}],"author":[{"embeddable":true,"href":"https:\/\/www.andreas-edler.de\/blog\/wp-json\/wp\/v2\/users\/1"}],"replies":[{"embeddable":true,"href":"https:\/\/www.andreas-edler.de\/blog\/wp-json\/wp\/v2\/comments?post=168119"}],"version-history":[{"count":0,"href":"https:\/\/www.andreas-edler.de\/blog\/wp-json\/wp\/v2\/posts\/168119\/revisions"}],"wp:attachment":[{"href":"https:\/\/www.andreas-edler.de\/blog\/wp-json\/wp\/v2\/media?parent=168119"}],"wp:term":[{"taxonomy":"category","embeddable":true,"href":"https:\/\/www.andreas-edler.de\/blog\/wp-json\/wp\/v2\/categories?post=168119"},{"taxonomy":"post_tag","embeddable":true,"href":"https:\/\/www.andreas-edler.de\/blog\/wp-json\/wp\/v2\/tags?post=168119"}],"curies":[{"name":"wp","href":"https:\/\/api.w.org\/{rel}","templated":true}]}}