{"id":168022,"date":"2021-11-28T12:30:18","date_gmt":"2021-11-28T11:30:18","guid":{"rendered":"https:\/\/www.andreas-edler.de\/blog\/?p=168022"},"modified":"2021-11-28T13:38:11","modified_gmt":"2021-11-28T12:38:11","slug":"keine-zustimmung-zum-ausgehandelten-koalitionsvertrag","status":"publish","type":"post","link":"https:\/\/www.andreas-edler.de\/blog\/2021\/11\/keine-zustimmung-zum-ausgehandelten-koalitionsvertrag\/","title":{"rendered":"Keine Zustimmung zum ausgehandelten Koalitionsvertrag"},"content":{"rendered":"<p>Je mehr ich \u00fcber die mir wichtigen Punkte der gr\u00fcnen Politik nachdenke, desto n\u00f6rgeliger werde ich angesichts des ausgehandelten Vertrages. Energiepolitik? Wir bauen neue Kraftwerke f\u00fcr fossile Energien und Kohle steigen wir dann aus, wenn es passt. Idealerweise 2030 &#8230; aber nicht ideal geht halt auch. Verkehr ist ein Desaster! Eines unser gr\u00f6\u00dferen Probleme, in denen die L\u00e4nder um uns herum so viel richtig machen und wir verkacken es. Das Tempolimit ist mir genauso wichtig, wie es der FDP ist! Die FDP hat das zu einem unverhandelbaren Punkt gemacht. Welche hatten wir Gr\u00fcne? Es liest sich nach: gar keinen!<\/p>\n<p>Die Punkte, welche dann in unserem (auch meinem!) Sinn sind, waren soweit ich es \u00fcberblicke weitestgehend sowieso Konsens und mussten gar nicht verhandelt werden. Das ist derartig frustrierend!<\/p>\n<p>Und &#8222;wenn wir nicht zustimmen, vergraulen wir die W\u00e4hler&#8220;? Welche denn? Die, die uns nicht gew\u00e4hlt haben? Wir haben einen Zuwachs gehabt und diejenigen, welche ich &#8222;geworben&#8220; habe oder welche mir nach der Wahl gesagt haben, sie h\u00e4tten uns gew\u00e4hlt, die kommen jetzt und sagen &#8222;Warum habe ich das denn getan?&#8220;!<\/p>\n<p>Wir haben Zuw\u00e4chse wegen Verkehr und Energie gehabt. Nicht wegen Annalena als Au\u00dfenministerin. Und &#8222;Vizekanzler&#8220; ist ein eher repr\u00e4sentativer Titel, den gibt es so gar nicht. Besondere Rechte hat der Stellvertreter auch nicht &#8230; anders als in den USA z.B. wo er\/sie der direkte Nachfolger des Pr\u00e4sidenten ist. Zudem gehen wir los und unterst\u00fctzen einen Verkehrsminister, der noch vor seiner Ernennung auf die Eskapaden von Andreas Scheuer sogar einen drauf setzt.<\/p>\n<p>Ich kann als Mitglied eines gr\u00fcnen Ortsverbandes diesem Verhandlungsergebnis nicht zustimmen. Es widerstrebt mir zutiefst. Auch bei allen anderen guten Dingen die drin stehen.<\/p>\n","protected":false},"excerpt":{"rendered":"<p>Je mehr ich \u00fcber die mir wichtigen Punkte der gr\u00fcnen Politik nachdenke, desto n\u00f6rgeliger werde ich angesichts des ausgehandelten Vertrages. Energiepolitik? Wir bauen neue Kraftwerke f\u00fcr fossile Energien und Kohle steigen wir dann aus, wenn es passt. Idealerweise 2030 &#8230; &hellip;<\/p>\n<p class=\"read-more\"> <a class=\"more-link\" href=\"https:\/\/www.andreas-edler.de\/blog\/2021\/11\/keine-zustimmung-zum-ausgehandelten-koalitionsvertrag\/\"> <span class=\"screen-reader-text\">Keine Zustimmung zum ausgehandelten Koalitionsvertrag<\/span> Weiterlesen &raquo;<\/a><\/p>\n","protected":false},"author":1,"featured_media":168024,"comment_status":"open","ping_status":"open","sticky":false,"template":"","format":"standard","meta":{"ngg_post_thumbnail":0,"activitypub_content_warning":"","activitypub_content_visibility":"","activitypub_max_image_attachments":2,"activitypub_interaction_policy_quote":"anyone","activitypub_status":"","footnotes":""},"categories":[18,45],"tags":[477,37,118,75,352,168,398,115,490,221,374,184],"class_list":["post-168022","post","type-post","status-publish","format-standard","has-post-thumbnail","hentry","category-fraglich","category-politik","tag-alltagsradverkehr","tag-auto","tag-energie","tag-grun","tag-gruene","tag-klimafreundliche-mobilitaet","tag-klimawandel","tag-regenerative-energie","tag-solarenergie","tag-verkehr","tag-verkehrswende","tag-wahlen"],"share_on_mastodon":{"url":"","error":""},"_links":{"self":[{"href":"https:\/\/www.andreas-edler.de\/blog\/wp-json\/wp\/v2\/posts\/168022","targetHints":{"allow":["GET"]}}],"collection":[{"href":"https:\/\/www.andreas-edler.de\/blog\/wp-json\/wp\/v2\/posts"}],"about":[{"href":"https:\/\/www.andreas-edler.de\/blog\/wp-json\/wp\/v2\/types\/post"}],"author":[{"embeddable":true,"href":"https:\/\/www.andreas-edler.de\/blog\/wp-json\/wp\/v2\/users\/1"}],"replies":[{"embeddable":true,"href":"https:\/\/www.andreas-edler.de\/blog\/wp-json\/wp\/v2\/comments?post=168022"}],"version-history":[{"count":0,"href":"https:\/\/www.andreas-edler.de\/blog\/wp-json\/wp\/v2\/posts\/168022\/revisions"}],"wp:featuredmedia":[{"embeddable":true,"href":"https:\/\/www.andreas-edler.de\/blog\/wp-json\/wp\/v2\/media\/168024"}],"wp:attachment":[{"href":"https:\/\/www.andreas-edler.de\/blog\/wp-json\/wp\/v2\/media?parent=168022"}],"wp:term":[{"taxonomy":"category","embeddable":true,"href":"https:\/\/www.andreas-edler.de\/blog\/wp-json\/wp\/v2\/categories?post=168022"},{"taxonomy":"post_tag","embeddable":true,"href":"https:\/\/www.andreas-edler.de\/blog\/wp-json\/wp\/v2\/tags?post=168022"}],"curies":[{"name":"wp","href":"https:\/\/api.w.org\/{rel}","templated":true}]}}