{"id":167925,"date":"2021-10-12T11:31:33","date_gmt":"2021-10-12T09:31:33","guid":{"rendered":"https:\/\/www.andreas-edler.de\/blog\/?p=167925"},"modified":"2021-10-12T11:31:33","modified_gmt":"2021-10-12T09:31:33","slug":"verkehrsmittel-und-wetterlage-september-2021","status":"publish","type":"post","link":"https:\/\/www.andreas-edler.de\/blog\/2021\/10\/verkehrsmittel-und-wetterlage-september-2021\/","title":{"rendered":"Verkehrsmittel und Wetterlage September 2021"},"content":{"rendered":"<p><figure id=\"attachment_167928\" aria-describedby=\"caption-attachment-167928\" style=\"width: 250px\" class=\"wp-caption alignright\"><a href=\"https:\/\/www.andreas-edler.de\/blog\/wp-content\/uploads\/2021\/10\/2021-10-01-statistik.png\"><img loading=\"lazy\" decoding=\"async\" src=\"https:\/\/www.andreas-edler.de\/blog\/wp-content\/uploads\/2021\/10\/2021-10-01-statistik-250x106.png\" alt=\"\" width=\"250\" height=\"106\" class=\"size-medium wp-image-167928\" srcset=\"https:\/\/www.andreas-edler.de\/blog\/wp-content\/uploads\/2021\/10\/2021-10-01-statistik-250x106.png 250w, https:\/\/www.andreas-edler.de\/blog\/wp-content\/uploads\/2021\/10\/2021-10-01-statistik-470x199.png 470w, https:\/\/www.andreas-edler.de\/blog\/wp-content\/uploads\/2021\/10\/2021-10-01-statistik-768x325.png 768w, https:\/\/www.andreas-edler.de\/blog\/wp-content\/uploads\/2021\/10\/2021-10-01-statistik-100x42.png 100w, https:\/\/www.andreas-edler.de\/blog\/wp-content\/uploads\/2021\/10\/2021-10-01-statistik-150x63.png 150w, https:\/\/www.andreas-edler.de\/blog\/wp-content\/uploads\/2021\/10\/2021-10-01-statistik-200x85.png 200w, https:\/\/www.andreas-edler.de\/blog\/wp-content\/uploads\/2021\/10\/2021-10-01-statistik-300x127.png 300w, https:\/\/www.andreas-edler.de\/blog\/wp-content\/uploads\/2021\/10\/2021-10-01-statistik-450x190.png 450w, https:\/\/www.andreas-edler.de\/blog\/wp-content\/uploads\/2021\/10\/2021-10-01-statistik-600x254.png 600w, https:\/\/www.andreas-edler.de\/blog\/wp-content\/uploads\/2021\/10\/2021-10-01-statistik-900x381.png 900w, https:\/\/www.andreas-edler.de\/blog\/wp-content\/uploads\/2021\/10\/2021-10-01-statistik.png 936w\" sizes=\"auto, (max-width: 250px) 100vw, 250px\" \/><\/a><figcaption id=\"caption-attachment-167928\" class=\"wp-caption-text\">Die Zahlen von Januar bis September 2021<\/figcaption><\/figure> Schon wieder mitten im Monat, dass ich die alltagsradtechnische Zusammenfassung meiner &#8222;Mit dem Fahrrad zur Arbeit&#8220;-Strecken verwurste. Der Monat ist &#8211; wie alle vorhergehenden &#8211; unspektakul\u00e4r verlaufen. Gegen Ende September wurde eine <a href=\"https:\/\/www.andreas-edler.de\/blog\/2021\/09\/werrebruecke-in-den-siel-gesperrt\/\" rel=\"noopener\" target=\"_blank\">Br\u00fccke \u00fcber die Werre mitten in meinem Arbeitsweg gesperrt<\/a>. Darum hat er sich in den letzten Wochen ein bisschen verl\u00e4ngert. Sonst ist nichts passiert.<\/p>\n<figure id=\"attachment_167929\" aria-describedby=\"caption-attachment-167929\" style=\"width: 470px\" class=\"wp-caption aligncenter\"><a href=\"https:\/\/www.andreas-edler.de\/blog\/wp-content\/uploads\/2021\/10\/2021-10-01-wetterlage.png\"><img loading=\"lazy\" decoding=\"async\" src=\"https:\/\/www.andreas-edler.de\/blog\/wp-content\/uploads\/2021\/10\/2021-10-01-wetterlage-470x227.png\" alt=\"\" width=\"470\" height=\"227\" class=\"size-large wp-image-167929\" srcset=\"https:\/\/www.andreas-edler.de\/blog\/wp-content\/uploads\/2021\/10\/2021-10-01-wetterlage-470x227.png 470w, https:\/\/www.andreas-edler.de\/blog\/wp-content\/uploads\/2021\/10\/2021-10-01-wetterlage-250x121.png 250w, https:\/\/www.andreas-edler.de\/blog\/wp-content\/uploads\/2021\/10\/2021-10-01-wetterlage-768x371.png 768w, https:\/\/www.andreas-edler.de\/blog\/wp-content\/uploads\/2021\/10\/2021-10-01-wetterlage-100x48.png 100w, https:\/\/www.andreas-edler.de\/blog\/wp-content\/uploads\/2021\/10\/2021-10-01-wetterlage-150x72.png 150w, https:\/\/www.andreas-edler.de\/blog\/wp-content\/uploads\/2021\/10\/2021-10-01-wetterlage-200x97.png 200w, https:\/\/www.andreas-edler.de\/blog\/wp-content\/uploads\/2021\/10\/2021-10-01-wetterlage-300x145.png 300w, https:\/\/www.andreas-edler.de\/blog\/wp-content\/uploads\/2021\/10\/2021-10-01-wetterlage-450x217.png 450w, https:\/\/www.andreas-edler.de\/blog\/wp-content\/uploads\/2021\/10\/2021-10-01-wetterlage-600x290.png 600w, https:\/\/www.andreas-edler.de\/blog\/wp-content\/uploads\/2021\/10\/2021-10-01-wetterlage.png 832w\" sizes=\"auto, (max-width: 470px) 100vw, 470px\" \/><\/a><figcaption id=\"caption-attachment-167929\" class=\"wp-caption-text\">Das Wetter von Januar bis September 2021<\/figcaption><\/figure>\n<p>An drei Tagen im letzten Sommermonat hat es genieselt. Richtig nass bin ich kein einziges Mal geworden &#8211; immer mit der einschr\u00e4nkenden Erkl\u00e4rung, dass ich einen kleinen Spielraum habe, wann ich den Arbeitsweg zur\u00fccklegen kann. Kalt war es jedenfalls noch nicht. Meist hatte ich sogar noch kurz\u00e4rmelige Hemden unter der Wind- und Regenjacke an. Zwei Werktage bin ich nicht mit dem Fahrrad gefahren, weil ich \u00dcberstunden abgebaut habe und zu Hause geblieben bin.<\/p>\n<figure id=\"attachment_167930\" aria-describedby=\"caption-attachment-167930\" style=\"width: 470px\" class=\"wp-caption aligncenter\"><a href=\"https:\/\/www.andreas-edler.de\/blog\/wp-content\/uploads\/2021\/10\/2021-10-01-verkehrsmittel.png\"><img loading=\"lazy\" decoding=\"async\" src=\"https:\/\/www.andreas-edler.de\/blog\/wp-content\/uploads\/2021\/10\/2021-10-01-verkehrsmittel-470x304.png\" alt=\"\" width=\"470\" height=\"304\" class=\"size-large wp-image-167930\" srcset=\"https:\/\/www.andreas-edler.de\/blog\/wp-content\/uploads\/2021\/10\/2021-10-01-verkehrsmittel-470x304.png 470w, https:\/\/www.andreas-edler.de\/blog\/wp-content\/uploads\/2021\/10\/2021-10-01-verkehrsmittel-250x162.png 250w, https:\/\/www.andreas-edler.de\/blog\/wp-content\/uploads\/2021\/10\/2021-10-01-verkehrsmittel-768x497.png 768w, https:\/\/www.andreas-edler.de\/blog\/wp-content\/uploads\/2021\/10\/2021-10-01-verkehrsmittel-100x65.png 100w, https:\/\/www.andreas-edler.de\/blog\/wp-content\/uploads\/2021\/10\/2021-10-01-verkehrsmittel-150x97.png 150w, https:\/\/www.andreas-edler.de\/blog\/wp-content\/uploads\/2021\/10\/2021-10-01-verkehrsmittel-200x129.png 200w, https:\/\/www.andreas-edler.de\/blog\/wp-content\/uploads\/2021\/10\/2021-10-01-verkehrsmittel-300x194.png 300w, https:\/\/www.andreas-edler.de\/blog\/wp-content\/uploads\/2021\/10\/2021-10-01-verkehrsmittel-450x291.png 450w, https:\/\/www.andreas-edler.de\/blog\/wp-content\/uploads\/2021\/10\/2021-10-01-verkehrsmittel-600x388.png 600w, https:\/\/www.andreas-edler.de\/blog\/wp-content\/uploads\/2021\/10\/2021-10-01-verkehrsmittel.png 832w\" sizes=\"auto, (max-width: 470px) 100vw, 470px\" \/><\/a><figcaption id=\"caption-attachment-167930\" class=\"wp-caption-text\">Genutzte Verkehrsmittel von Januar bis September 2021<\/figcaption><\/figure>\n<p>Der Balken f\u00fcr das Auto wird immer schmaler. Es bleibt bei zwei Fahrten mit dem KFZ ins B\u00fcro. Insgesamt sind wir in diesem Jahr aber deutlich mehr als im Vorjahr mit dem Auto unterwegs gewesen. Neben dem Urlaub haben wir im September auch einen Gro\u00dfteil des Umzug von Nachwuchs 1.0 nach Siegen mit dem Yeti und einem Pferdeanh\u00e4nger erledigt. Aber das ist keine Pendelstrecke.<\/p>\n<figure id=\"attachment_167931\" aria-describedby=\"caption-attachment-167931\" style=\"width: 470px\" class=\"wp-caption aligncenter\"><a href=\"https:\/\/www.andreas-edler.de\/blog\/wp-content\/uploads\/2021\/10\/2021-10-01-wegstrecke.png\"><img loading=\"lazy\" decoding=\"async\" src=\"https:\/\/www.andreas-edler.de\/blog\/wp-content\/uploads\/2021\/10\/2021-10-01-wegstrecke-470x300.png\" alt=\"\" width=\"470\" height=\"300\" class=\"size-large wp-image-167931\" srcset=\"https:\/\/www.andreas-edler.de\/blog\/wp-content\/uploads\/2021\/10\/2021-10-01-wegstrecke-470x300.png 470w, https:\/\/www.andreas-edler.de\/blog\/wp-content\/uploads\/2021\/10\/2021-10-01-wegstrecke-250x159.png 250w, https:\/\/www.andreas-edler.de\/blog\/wp-content\/uploads\/2021\/10\/2021-10-01-wegstrecke-768x490.png 768w, https:\/\/www.andreas-edler.de\/blog\/wp-content\/uploads\/2021\/10\/2021-10-01-wegstrecke-100x64.png 100w, https:\/\/www.andreas-edler.de\/blog\/wp-content\/uploads\/2021\/10\/2021-10-01-wegstrecke-150x96.png 150w, https:\/\/www.andreas-edler.de\/blog\/wp-content\/uploads\/2021\/10\/2021-10-01-wegstrecke-200x128.png 200w, https:\/\/www.andreas-edler.de\/blog\/wp-content\/uploads\/2021\/10\/2021-10-01-wegstrecke-300x191.png 300w, https:\/\/www.andreas-edler.de\/blog\/wp-content\/uploads\/2021\/10\/2021-10-01-wegstrecke-450x287.png 450w, https:\/\/www.andreas-edler.de\/blog\/wp-content\/uploads\/2021\/10\/2021-10-01-wegstrecke-600x383.png 600w, https:\/\/www.andreas-edler.de\/blog\/wp-content\/uploads\/2021\/10\/2021-10-01-wegstrecke.png 834w\" sizes=\"auto, (max-width: 470px) 100vw, 470px\" \/><\/a><figcaption id=\"caption-attachment-167931\" class=\"wp-caption-text\">Gefahrene Kilometer je Fahrzeug von Januar bis September 2021<\/figcaption><\/figure>\n<p>Auch das Tortenst\u00fcck f\u00fcr die Wegstrecke ist kleiner geworden. Da der wegen der Br\u00fcckensperrung zur\u00fcck zu legende Arbeitsweg 25% l\u00e4nger ist, als die fast direkte Alternativroute, bin ich im vergangenen Monat auf insgesamt 148 Kilometer mit dem Rad zur Arbeit gekommen. Das fahren andere in der Woche, ich wei\u00df. Aber eben auch ganz, ganz viele mit dem Auto. Und wenn die alle dem <a rel=\"tag\" class=\"hashtag u-tag u-category\" href=\"https:\/\/www.andreas-edler.de\/blog\/tag\/miv\/\">#MIV<\/a> zumindest f\u00fcr diese kurzen Strecken den R\u00fccken kehren, w\u00e4re sehr viel gewonnen. Auch f\u00fcr alle anderen!<\/p>\n","protected":false},"excerpt":{"rendered":"<p>Schon wieder mitten im Monat, dass ich die alltagsradtechnische Zusammenfassung meiner &#8222;Mit dem Fahrrad zur Arbeit&#8220;-Strecken verwurste. Der Monat ist &#8211; wie alle vorhergehenden &#8211; unspektakul\u00e4r verlaufen. Gegen Ende September wurde eine Br\u00fccke \u00fcber die Werre mitten in meinem Arbeitsweg &hellip;<\/p>\n<p class=\"read-more\"> <a class=\"more-link\" href=\"https:\/\/www.andreas-edler.de\/blog\/2021\/10\/verkehrsmittel-und-wetterlage-september-2021\/\"> <span class=\"screen-reader-text\">Verkehrsmittel und Wetterlage September 2021<\/span> Weiterlesen &raquo;<\/a><\/p>\n","protected":false},"author":1,"featured_media":0,"comment_status":"open","ping_status":"open","sticky":false,"template":"","format":"standard","meta":{"ngg_post_thumbnail":0,"activitypub_content_warning":"","activitypub_content_visibility":"","activitypub_max_image_attachments":2,"activitypub_interaction_policy_quote":"anyone","activitypub_status":"","footnotes":""},"categories":[14,15,13],"tags":[516,477,37,110,251,168,412,158,182,374,508],"class_list":["post-167925","post","type-post","status-publish","format-standard","hentry","category-bad-oeynhausen","category-fahrrad","category-verkehr","tag-allensteiner-strasse","tag-alltagsradverkehr","tag-auto","tag-fahrradfreundliche-stadt","tag-infrastruktur","tag-klimafreundliche-mobilitaet","tag-mdrza","tag-mit-dem-rad-zur-arbeit","tag-nachwuchs-1-0","tag-verkehrswende","tag-werre"],"share_on_mastodon":{"url":"","error":""},"_links":{"self":[{"href":"https:\/\/www.andreas-edler.de\/blog\/wp-json\/wp\/v2\/posts\/167925","targetHints":{"allow":["GET"]}}],"collection":[{"href":"https:\/\/www.andreas-edler.de\/blog\/wp-json\/wp\/v2\/posts"}],"about":[{"href":"https:\/\/www.andreas-edler.de\/blog\/wp-json\/wp\/v2\/types\/post"}],"author":[{"embeddable":true,"href":"https:\/\/www.andreas-edler.de\/blog\/wp-json\/wp\/v2\/users\/1"}],"replies":[{"embeddable":true,"href":"https:\/\/www.andreas-edler.de\/blog\/wp-json\/wp\/v2\/comments?post=167925"}],"version-history":[{"count":0,"href":"https:\/\/www.andreas-edler.de\/blog\/wp-json\/wp\/v2\/posts\/167925\/revisions"}],"wp:attachment":[{"href":"https:\/\/www.andreas-edler.de\/blog\/wp-json\/wp\/v2\/media?parent=167925"}],"wp:term":[{"taxonomy":"category","embeddable":true,"href":"https:\/\/www.andreas-edler.de\/blog\/wp-json\/wp\/v2\/categories?post=167925"},{"taxonomy":"post_tag","embeddable":true,"href":"https:\/\/www.andreas-edler.de\/blog\/wp-json\/wp\/v2\/tags?post=167925"}],"curies":[{"name":"wp","href":"https:\/\/api.w.org\/{rel}","templated":true}]}}