{"id":167896,"date":"2021-09-22T07:52:26","date_gmt":"2021-09-22T05:52:26","guid":{"rendered":"https:\/\/www.andreas-edler.de\/blog\/?p=167896"},"modified":"2021-09-22T07:52:54","modified_gmt":"2021-09-22T05:52:54","slug":"werrebruecke-in-den-siel-gesperrt","status":"publish","type":"post","link":"https:\/\/www.andreas-edler.de\/blog\/2021\/09\/werrebruecke-in-den-siel-gesperrt\/","title":{"rendered":"Werrebr\u00fccke in den Siel Richtung Innenstadt gesperrt"},"content":{"rendered":"<p>Mit ungef\u00e4hr einer Woche Versp\u00e4tung wurde die Werrebr\u00fccke am Ende der Allensteiner Stra\u00dfe nun gesperrt. Die alte Holzbr\u00fccke wird abgerissen und gegen eine neue Konstruktion getauscht. Ich fand ja eigentlich, dass die noch einen guten Eindruck machte, aber vielen war bei N\u00e4sse das Holz zu rutschig. Mir ist das auf dem Fahrrad nicht aufgefallen. Wie dem auch sei, am letzten Freitag kam man noch durch, Sonntag und Montag war ich nicht in Bad Oeynhausen und gestern morgen auf dem Weg zur Arbeit standen dann endlich Bauz\u00e4une und zwei Arbeiter \u00fcberlegten die weitere Vorgehensweise.<\/p>\n<p><figure id=\"attachment_167897\" aria-describedby=\"caption-attachment-167897\" style=\"width: 470px\" class=\"wp-caption aligncenter\"><a href=\"https:\/\/www.andreas-edler.de\/blog\/wp-content\/uploads\/2021\/09\/2021-09-21-08.04.25.jpg\"><img loading=\"lazy\" decoding=\"async\" src=\"https:\/\/www.andreas-edler.de\/blog\/wp-content\/uploads\/2021\/09\/2021-09-21-08.04.25-470x213.jpg\" alt=\"\" width=\"470\" height=\"213\" class=\"size-large wp-image-167897\" srcset=\"https:\/\/www.andreas-edler.de\/blog\/wp-content\/uploads\/2021\/09\/2021-09-21-08.04.25-470x213.jpg 470w, https:\/\/www.andreas-edler.de\/blog\/wp-content\/uploads\/2021\/09\/2021-09-21-08.04.25-250x113.jpg 250w, https:\/\/www.andreas-edler.de\/blog\/wp-content\/uploads\/2021\/09\/2021-09-21-08.04.25-768x347.jpg 768w, https:\/\/www.andreas-edler.de\/blog\/wp-content\/uploads\/2021\/09\/2021-09-21-08.04.25-100x45.jpg 100w, https:\/\/www.andreas-edler.de\/blog\/wp-content\/uploads\/2021\/09\/2021-09-21-08.04.25-150x68.jpg 150w, https:\/\/www.andreas-edler.de\/blog\/wp-content\/uploads\/2021\/09\/2021-09-21-08.04.25-200x90.jpg 200w, https:\/\/www.andreas-edler.de\/blog\/wp-content\/uploads\/2021\/09\/2021-09-21-08.04.25-300x136.jpg 300w, https:\/\/www.andreas-edler.de\/blog\/wp-content\/uploads\/2021\/09\/2021-09-21-08.04.25-450x204.jpg 450w, https:\/\/www.andreas-edler.de\/blog\/wp-content\/uploads\/2021\/09\/2021-09-21-08.04.25-600x271.jpg 600w, https:\/\/www.andreas-edler.de\/blog\/wp-content\/uploads\/2021\/09\/2021-09-21-08.04.25-900x407.jpg 900w, https:\/\/www.andreas-edler.de\/blog\/wp-content\/uploads\/2021\/09\/2021-09-21-08.04.25.jpg 1280w\" sizes=\"auto, (max-width: 470px) 100vw, 470px\" \/><\/a><figcaption id=\"caption-attachment-167897\" class=\"wp-caption-text\">Einfahrt in die Allensteiner Stra\u00dfe Richtung Werrebr\u00fccke<\/figcaption><\/figure> <!--more--><\/p>\n<p>Eine Umleitung ist nat\u00fcrlich nicht ausgeschildert worden. Ich habe nachgefragt und mir wurde gesagt, dass die Baufirma von der Verwaltung keinen Auftrag daf\u00fcr bekommen hat. Offensichtlich wurde aber dar\u00fcber gesprochen, denn die Aussage war &#8222;Es handelt sich hier ja nicht um eine touristische Hauptroute und au\u00dferdem haben wir lange genug auf die Sperrung hingewiesen. Die Leute wissen doch alle, wo sie lang m\u00fcssen.&#8220; &#8230; Genau, aus dem Grund ist bei der Steinstra\u00dfensperrung ja auch keine Umleitung f\u00fcr den KFZ-Verkehr ausgeschildert. Da wissen auch alle lang genug, dass die Stra\u00dfe nun f\u00fcr zwei Jahre zu ist und au\u00dferdem fahren da immer dieselben Menschen lang. Finden schon ihren Weg.<\/p>\n<p>Dass nicht einmal rechtzeitig an den zur Allensteiner Stra\u00dfe f\u00fchrenden Zufahrten Hinweise auf die Sperrung stehen, damit man als Fahrradfahrender fr\u00fchzeitig Alternativen w\u00e4hlen kann &#8211; falls man eben nicht jeden Tag mit dem Fahrrad \u00fcber die Br\u00fccke f\u00e4hrt, sich aber trotzdem auskennt &#8211; zeigt wieder einmal sehr deutlich, den Stellenwert welcher von der Stadt Bad Oeynhausen dem Alltagsradverkehr einger\u00e4umt wird: keiner! Wenigstens am Turbinenh\u00e4uschen am Kokturkanal sowie nach der Flutmudenquerung am Reitplatz Richtung der gesperrten Br\u00fccke w\u00fcrde ich so einen Hinweis erwarten genau wie an der Einm\u00fcndung der Thorner Stra\u00dfe und der Allensteiner Stra\u00dfe in den Schwarzen Weg. Dann k\u00f6nnten Ortskundige die (hoffentlich) bekannten Alternativrouten noch ohne gro\u00dfe Einbu\u00dfen einschlagen.<\/p>\n<p>Auf der einen Seite wird mir aus der Verwaltung erz\u00e4hlt, was f\u00fcr eine prima Alternative zur Eidinghausener Stra\u00dfe diese Route ist und dann macht man sie zu, ohne Umleitungen einzurichten. Hier liegt der Hase bei der Fahrradfreundlichkeit im Pfeffer. Darum haben wir das Siegel schon mehrfach &#8211; zu Recht! &#8211; nicht bekommen. Wir wollen den <a rel=\"tag\" class=\"hashtag u-tag u-category\" href=\"https:\/\/www.andreas-edler.de\/blog\/tag\/miv\/\">#MIV<\/a> um 15% reduzieren und tun sehr, sehr wenig daf\u00fcr, dass die anderen Verkehrsarten wirklich attraktiv werden. &#8222;Hier ist dicht, Du findest schon einen Weg!&#8220; ist nicht fahrradfreundlich. Dass just zu dem Zeitpunkt, an dem die eine Werrebr\u00fccke gesperrt wurde, an einer anderen Werrebr\u00fccke die Polizei stand und die dort verbotenerweise mit dem Fahrrad den Flu\u00df fahrenderweise querenden Menschen zur Kasse bat, ist sicher ein Zufall. Die Sielwehrbr\u00fccke ist tats\u00e4chlich nicht die Alternative f\u00fcr die Br\u00fccke am Ende der Allensteiner Stra\u00dfe.<\/p>\n","protected":false},"excerpt":{"rendered":"<p>Mit ungef\u00e4hr einer Woche Versp\u00e4tung wurde die Werrebr\u00fccke am Ende der Allensteiner Stra\u00dfe nun gesperrt. Die alte Holzbr\u00fccke wird abgerissen und gegen eine neue Konstruktion getauscht. Ich fand ja eigentlich, dass die noch einen guten Eindruck machte, aber vielen war &hellip;<\/p>\n<p class=\"read-more\"> <a class=\"more-link\" href=\"https:\/\/www.andreas-edler.de\/blog\/2021\/09\/werrebruecke-in-den-siel-gesperrt\/\"> <span class=\"screen-reader-text\">Werrebr\u00fccke in den Siel Richtung Innenstadt gesperrt<\/span> Weiterlesen &raquo;<\/a><\/p>\n","protected":false},"author":1,"featured_media":0,"comment_status":"open","ping_status":"open","sticky":false,"template":"","format":"standard","meta":{"ngg_post_thumbnail":0,"activitypub_content_warning":"","activitypub_content_visibility":"","activitypub_max_image_attachments":2,"activitypub_interaction_policy_quote":"anyone","activitypub_status":"","footnotes":""},"categories":[14,15,13],"tags":[109,516,477,306,110,251,168,412,158,207,318,125,374,508],"class_list":["post-167896","post","type-post","status-publish","format-standard","hentry","category-bad-oeynhausen","category-fahrrad","category-verkehr","tag-adfc","tag-allensteiner-strasse","tag-alltagsradverkehr","tag-else-werre-radweg","tag-fahrradfreundliche-stadt","tag-infrastruktur","tag-klimafreundliche-mobilitaet","tag-mdrza","tag-mit-dem-rad-zur-arbeit","tag-radweg","tag-sielpark","tag-sielwehr","tag-verkehrswende","tag-werre"],"share_on_mastodon":{"url":"","error":""},"_links":{"self":[{"href":"https:\/\/www.andreas-edler.de\/blog\/wp-json\/wp\/v2\/posts\/167896","targetHints":{"allow":["GET"]}}],"collection":[{"href":"https:\/\/www.andreas-edler.de\/blog\/wp-json\/wp\/v2\/posts"}],"about":[{"href":"https:\/\/www.andreas-edler.de\/blog\/wp-json\/wp\/v2\/types\/post"}],"author":[{"embeddable":true,"href":"https:\/\/www.andreas-edler.de\/blog\/wp-json\/wp\/v2\/users\/1"}],"replies":[{"embeddable":true,"href":"https:\/\/www.andreas-edler.de\/blog\/wp-json\/wp\/v2\/comments?post=167896"}],"version-history":[{"count":0,"href":"https:\/\/www.andreas-edler.de\/blog\/wp-json\/wp\/v2\/posts\/167896\/revisions"}],"wp:attachment":[{"href":"https:\/\/www.andreas-edler.de\/blog\/wp-json\/wp\/v2\/media?parent=167896"}],"wp:term":[{"taxonomy":"category","embeddable":true,"href":"https:\/\/www.andreas-edler.de\/blog\/wp-json\/wp\/v2\/categories?post=167896"},{"taxonomy":"post_tag","embeddable":true,"href":"https:\/\/www.andreas-edler.de\/blog\/wp-json\/wp\/v2\/tags?post=167896"}],"curies":[{"name":"wp","href":"https:\/\/api.w.org\/{rel}","templated":true}]}}