{"id":167886,"date":"2021-09-09T07:46:17","date_gmt":"2021-09-09T05:46:17","guid":{"rendered":"https:\/\/www.andreas-edler.de\/blog\/?p=167886"},"modified":"2021-09-09T07:46:17","modified_gmt":"2021-09-09T05:46:17","slug":"neuen-weg-zur-arbeit-suchen","status":"publish","type":"post","link":"https:\/\/www.andreas-edler.de\/blog\/2021\/09\/neuen-weg-zur-arbeit-suchen\/","title":{"rendered":"Neuen Weg zur Arbeit suchen"},"content":{"rendered":"<p>Die Br\u00fccke am Ende der Allensteiner Stra\u00dfe r\u00fcber in den Sielpark wird f\u00fcr ein paar Wochen gesperrt. Da muss ich dann wohl wieder den l\u00e4ngeren Weg \u00fcber die Fahrradstra\u00dfe im Leingarten fahren. Praktisch, dass diese Sperrung einer Radverkehrsstrecke parallel zur Eidinghausener und Steinstra\u00dfe in Richtung Innenstadt genau dann gesperrt wird, wenn auch die Steinstra\u00dfe zu ist. Nun gut, die ist f\u00fcr zwei Jahre dicht und irgendwann muss die Br\u00fccke gemacht werden. H\u00e4tte aber vielleicht einfach mal zwei Monate fr\u00fcher sein k\u00f6nnen, oder? Und wahrscheinlich wird in den kommenden drei Tagen noch ausreichend vor der Br\u00fccke eine Umleitung ausgeschildert. Da ist ja ansonsten nahebei nichts.<\/p>\n<figure id=\"attachment_167887\" aria-describedby=\"caption-attachment-167887\" style=\"width: 470px\" class=\"wp-caption aligncenter\"><a href=\"https:\/\/www.andreas-edler.de\/blog\/wp-content\/uploads\/2021\/09\/2021-09-08-17.35.00.jpg\"><img loading=\"lazy\" decoding=\"async\" src=\"https:\/\/www.andreas-edler.de\/blog\/wp-content\/uploads\/2021\/09\/2021-09-08-17.35.00-470x309.jpg\" alt=\"\" width=\"470\" height=\"309\" class=\"size-large wp-image-167887\" srcset=\"https:\/\/www.andreas-edler.de\/blog\/wp-content\/uploads\/2021\/09\/2021-09-08-17.35.00-470x309.jpg 470w, https:\/\/www.andreas-edler.de\/blog\/wp-content\/uploads\/2021\/09\/2021-09-08-17.35.00-250x164.jpg 250w, https:\/\/www.andreas-edler.de\/blog\/wp-content\/uploads\/2021\/09\/2021-09-08-17.35.00-768x505.jpg 768w, https:\/\/www.andreas-edler.de\/blog\/wp-content\/uploads\/2021\/09\/2021-09-08-17.35.00-100x66.jpg 100w, https:\/\/www.andreas-edler.de\/blog\/wp-content\/uploads\/2021\/09\/2021-09-08-17.35.00-150x99.jpg 150w, https:\/\/www.andreas-edler.de\/blog\/wp-content\/uploads\/2021\/09\/2021-09-08-17.35.00-200x132.jpg 200w, https:\/\/www.andreas-edler.de\/blog\/wp-content\/uploads\/2021\/09\/2021-09-08-17.35.00-300x197.jpg 300w, https:\/\/www.andreas-edler.de\/blog\/wp-content\/uploads\/2021\/09\/2021-09-08-17.35.00-450x296.jpg 450w, https:\/\/www.andreas-edler.de\/blog\/wp-content\/uploads\/2021\/09\/2021-09-08-17.35.00-600x395.jpg 600w, https:\/\/www.andreas-edler.de\/blog\/wp-content\/uploads\/2021\/09\/2021-09-08-17.35.00-900x592.jpg 900w, https:\/\/www.andreas-edler.de\/blog\/wp-content\/uploads\/2021\/09\/2021-09-08-17.35.00.jpg 1280w\" sizes=\"auto, (max-width: 470px) 100vw, 470px\" \/><\/a><figcaption id=\"caption-attachment-167887\" class=\"wp-caption-text\">Vom 13.09. bis 29.10 gesperrt.<\/figcaption><\/figure>\n<p>Dann dauert der Weg morgens zur Arbeit vom 13.09. bis zum 29.10. eben rund 20% l\u00e4nger. Was das f\u00fcr einen Aufschrei beim <a rel=\"tag\" class=\"hashtag u-tag u-category\" href=\"https:\/\/www.andreas-edler.de\/blog\/tag\/miv\/\">#MIV<\/a> ausl\u00f6sen w\u00fcrde, sieht man bei den bestehenden Streckensperrungen, die uns leider noch ein paar Jahre begleiten werden. Deutsche Bahn sei Dank. Aber wenigstens ist die Br\u00fccke dann fertig, wenn die Flutmuldenbr\u00fccke saniert wird. Das ist ja auch schon mal was.<\/p>\n","protected":false},"excerpt":{"rendered":"<p>Die Br\u00fccke am Ende der Allensteiner Stra\u00dfe r\u00fcber in den Sielpark wird f\u00fcr ein paar Wochen gesperrt. Da muss ich dann wohl wieder den l\u00e4ngeren Weg \u00fcber die Fahrradstra\u00dfe im Leingarten fahren. Praktisch, dass diese Sperrung einer Radverkehrsstrecke parallel zur &hellip;<\/p>\n<p class=\"read-more\"> <a class=\"more-link\" href=\"https:\/\/www.andreas-edler.de\/blog\/2021\/09\/neuen-weg-zur-arbeit-suchen\/\"> <span class=\"screen-reader-text\">Neuen Weg zur Arbeit suchen<\/span> Weiterlesen &raquo;<\/a><\/p>\n","protected":false},"author":1,"featured_media":0,"comment_status":"open","ping_status":"open","sticky":false,"template":"","format":"standard","meta":{"ngg_post_thumbnail":0,"activitypub_content_warning":"","activitypub_content_visibility":"","activitypub_max_image_attachments":2,"activitypub_interaction_policy_quote":"anyone","activitypub_status":"","footnotes":""},"categories":[14,15,13],"tags":[516,477,110,251,168,412,158,207,318,374,508],"class_list":["post-167886","post","type-post","status-publish","format-standard","hentry","category-bad-oeynhausen","category-fahrrad","category-verkehr","tag-allensteiner-strasse","tag-alltagsradverkehr","tag-fahrradfreundliche-stadt","tag-infrastruktur","tag-klimafreundliche-mobilitaet","tag-mdrza","tag-mit-dem-rad-zur-arbeit","tag-radweg","tag-sielpark","tag-verkehrswende","tag-werre"],"share_on_mastodon":{"url":"","error":""},"_links":{"self":[{"href":"https:\/\/www.andreas-edler.de\/blog\/wp-json\/wp\/v2\/posts\/167886","targetHints":{"allow":["GET"]}}],"collection":[{"href":"https:\/\/www.andreas-edler.de\/blog\/wp-json\/wp\/v2\/posts"}],"about":[{"href":"https:\/\/www.andreas-edler.de\/blog\/wp-json\/wp\/v2\/types\/post"}],"author":[{"embeddable":true,"href":"https:\/\/www.andreas-edler.de\/blog\/wp-json\/wp\/v2\/users\/1"}],"replies":[{"embeddable":true,"href":"https:\/\/www.andreas-edler.de\/blog\/wp-json\/wp\/v2\/comments?post=167886"}],"version-history":[{"count":0,"href":"https:\/\/www.andreas-edler.de\/blog\/wp-json\/wp\/v2\/posts\/167886\/revisions"}],"wp:attachment":[{"href":"https:\/\/www.andreas-edler.de\/blog\/wp-json\/wp\/v2\/media?parent=167886"}],"wp:term":[{"taxonomy":"category","embeddable":true,"href":"https:\/\/www.andreas-edler.de\/blog\/wp-json\/wp\/v2\/categories?post=167886"},{"taxonomy":"post_tag","embeddable":true,"href":"https:\/\/www.andreas-edler.de\/blog\/wp-json\/wp\/v2\/tags?post=167886"}],"curies":[{"name":"wp","href":"https:\/\/api.w.org\/{rel}","templated":true}]}}