{"id":167849,"date":"2021-08-07T09:00:44","date_gmt":"2021-08-07T07:00:44","guid":{"rendered":"https:\/\/www.andreas-edler.de\/blog\/?p=167849"},"modified":"2021-08-07T09:10:30","modified_gmt":"2021-08-07T07:10:30","slug":"ruecksicht-und-enstpanntes-miteinander-im-strassenverkehr","status":"publish","type":"post","link":"https:\/\/www.andreas-edler.de\/blog\/2021\/08\/ruecksicht-und-enstpanntes-miteinander-im-strassenverkehr\/","title":{"rendered":"R\u00fccksicht und enstpanntes Miteinander im Stra\u00dfenverkehr"},"content":{"rendered":"<div class=\"bild\" style=\"font-size: smaller;\"><img decoding=\"async\" src=\"https:\/\/www.andreas-edler.de\/grafik\/logo_rad.png\" alt=\"Logo: Fahrrad\" title=\"Logo: Fahrrad\" width=\"250\" border=\"0\"><\/div>\n<p> Das in der \u00dcberschrift propagierte jemand in einer Facebookgruppe, nachdem die Themenerstellerin &#8222;mal wieder&#8220; ihre Beobachtung mitteilte, dass sich 80% der Radfahrenden nicht an die Verkehrsregeln halten und die gr\u00f6\u00dften Gef\u00e4hrder seien. Dazu habe (nicht nur) <a href=\"https:\/\/www.facebook.com\/groups\/143520448070\/posts\/10158732904178071\/?comment_id=10158733062043071&#038;reply_comment_id=10158735099208071\" rel=\"noopener\" target=\"_blank\">einen Kommentar geschrieben<\/a>, der m.M.n. allgemeing\u00fcltig ist:<\/p>\n<p><cite>&#8222;Aber wie kommen wir zu einem so freundlichen und relaxten Miteinander und einem kl\u00fcgeren Ausbau der Rad- und Fusswege?&#8220;<br \/>\n<br \/>\nDas &#8222;Miteinander&#8220; funktioniert, sobald die Verkehrsfl\u00e4chen so aufgeteilt sind, dass alle Platz haben bzw. die in den letzten Jahrzehnten deutlich bevorzugte Verkehrsart eingeschr\u00e4nkt wird und\/oder deren Fahrer\/innen endlich erkennen, dass Fahrradverkehr Verkehr ist und kein Hindernis.<br \/>\n<br \/>\nIch bin als Fahrradfahrer bereits entspannt und halte mich strikt an die Verkehrsregeln. Ich gef\u00e4hrde niemanden. Insofern ist f\u00fcr mich die Forderung nach einem entspannten Miteinander und R\u00fccksichtnahme jedesmal ein rotes Tuch. Da sind die Radfahrenden in der \u00fcberw\u00e4ltigenden Mehrheit leider die falschen Adressaten. In dem Augenblick, in welchem die breite Masse *das* erkennt, in dem Augenblick wird es entspannter.<br \/>\n<br \/>\nZur Frage des &#8222;kl\u00fcgeren Ausbaus&#8220; &#8230; kl\u00fcger als was? Wir brauchen au\u00dferorts und interkommunal erstmal Rad- und Fu\u00dfwege. Klug oder nicht, da sind meist keine. Innerorts ist so gut wie nie Platz vorhanden, der f\u00fcr Infrastruktur zur Verf\u00fcgung stehende Platz ist verteilt. Da gilt es entweder dem <a rel=\"tag\" class=\"hashtag u-tag u-category\" href=\"https:\/\/www.andreas-edler.de\/blog\/tag\/miv\/\">#MIV<\/a> die Fl\u00e4chen weg zu nehmen oder daf\u00fcr sorgen, dass die Teilnehmer des <a rel=\"tag\" class=\"hashtag u-tag u-category\" href=\"https:\/\/www.andreas-edler.de\/blog\/tag\/miv\/\">#MIV<\/a> sich entspannen und R\u00fccksicht nehmen.<br \/>\n<br \/>\nWie? Nun, geh in die Politik, \u00e4ndere etwas. Oder w\u00e4hle Parteien, die in der Vergangenheit zumindest ansatzweise gezeigt haben, dass sie etwas \u00e4ndern m\u00f6chten &#8230; bisher hat das ja nicht funktioniert.<br \/>\n<br \/>\nZur R\u00fccksichtnahme grunds\u00e4tzlich: <a href=\"https:\/\/www.andreas-edler.de\/blog\/2019\/04\/gegenseitige-ruecksichtnahme\/\" rel=\"noopener\" target=\"_blank\">Gegenseitige R\u00fccksichtnahme<\/a> und <a href=\"https:\/\/www.andreas-edler.de\/blog\/?s=r%C3%BCcksichtnahme\" rel=\"noopener\" target=\"_blank\">https:\/\/www.andreas-edler.de\/blog\/?s=r%C3%BCcksichtnahme<\/a><\/cite><\/p>\n","protected":false},"excerpt":{"rendered":"<p>Das in der \u00dcberschrift propagierte jemand in einer Facebookgruppe, nachdem die Themenerstellerin &#8222;mal wieder&#8220; ihre Beobachtung mitteilte, dass sich 80% der Radfahrenden nicht an die Verkehrsregeln halten und die gr\u00f6\u00dften Gef\u00e4hrder seien. Dazu habe (nicht nur) einen Kommentar geschrieben, der &hellip;<\/p>\n<p class=\"read-more\"> <a class=\"more-link\" href=\"https:\/\/www.andreas-edler.de\/blog\/2021\/08\/ruecksicht-und-enstpanntes-miteinander-im-strassenverkehr\/\"> <span class=\"screen-reader-text\">R\u00fccksicht und enstpanntes Miteinander im Stra\u00dfenverkehr<\/span> Weiterlesen &raquo;<\/a><\/p>\n","protected":false},"author":1,"featured_media":0,"comment_status":"open","ping_status":"open","sticky":false,"template":"","format":"standard","meta":{"ngg_post_thumbnail":0,"activitypub_content_warning":"","activitypub_content_visibility":"","activitypub_max_image_attachments":2,"activitypub_interaction_policy_quote":"anyone","activitypub_status":"","footnotes":""},"categories":[15,18,45,13],"tags":[109,477,37,110,352,251,34,207,108,71,76,103,260,177],"class_list":["post-167849","post","type-post","status-publish","format-standard","hentry","category-fahrrad","category-fraglich","category-politik","category-verkehr","tag-adfc","tag-alltagsradverkehr","tag-auto","tag-fahrradfreundliche-stadt","tag-gruene","tag-infrastruktur","tag-kommunikation","tag-radweg","tag-radwegparker","tag-regeln","tag-sicherheit","tag-social-net","tag-stvo","tag-wahlkampf"],"share_on_mastodon":{"url":"","error":""},"_links":{"self":[{"href":"https:\/\/www.andreas-edler.de\/blog\/wp-json\/wp\/v2\/posts\/167849","targetHints":{"allow":["GET"]}}],"collection":[{"href":"https:\/\/www.andreas-edler.de\/blog\/wp-json\/wp\/v2\/posts"}],"about":[{"href":"https:\/\/www.andreas-edler.de\/blog\/wp-json\/wp\/v2\/types\/post"}],"author":[{"embeddable":true,"href":"https:\/\/www.andreas-edler.de\/blog\/wp-json\/wp\/v2\/users\/1"}],"replies":[{"embeddable":true,"href":"https:\/\/www.andreas-edler.de\/blog\/wp-json\/wp\/v2\/comments?post=167849"}],"version-history":[{"count":0,"href":"https:\/\/www.andreas-edler.de\/blog\/wp-json\/wp\/v2\/posts\/167849\/revisions"}],"wp:attachment":[{"href":"https:\/\/www.andreas-edler.de\/blog\/wp-json\/wp\/v2\/media?parent=167849"}],"wp:term":[{"taxonomy":"category","embeddable":true,"href":"https:\/\/www.andreas-edler.de\/blog\/wp-json\/wp\/v2\/categories?post=167849"},{"taxonomy":"post_tag","embeddable":true,"href":"https:\/\/www.andreas-edler.de\/blog\/wp-json\/wp\/v2\/tags?post=167849"}],"curies":[{"name":"wp","href":"https:\/\/api.w.org\/{rel}","templated":true}]}}