{"id":167843,"date":"2021-08-01T16:54:40","date_gmt":"2021-08-01T14:54:40","guid":{"rendered":"https:\/\/www.andreas-edler.de\/blog\/?p=167843"},"modified":"2023-09-05T11:23:45","modified_gmt":"2023-09-05T09:23:45","slug":"versenkbare-poller-zum-schutz-der-fussgaengerzone","status":"publish","type":"post","link":"https:\/\/www.andreas-edler.de\/blog\/2021\/08\/versenkbare-poller-zum-schutz-der-fussgaengerzone\/","title":{"rendered":"versenkbare Poller zum Schutz der Fu\u00dfg\u00e4ngerzone"},"content":{"rendered":"<p>Angek\u00fcndigt bzw. angedacht waren die versenkbaren Poller f\u00fcr die Innenstadt von Bad Oeynhausen bereits mit der Vorstellung der Neupflasterung der Klosterstra\u00dfe, der Viktoriastra\u00dfe und der Portastra\u00dfe. Nur so richtig beschlossen hatten wir das nicht. Das wurde am 23.02.2021 nachgeholt:<\/p>\n<p><cite><strong><a href=\"https:\/\/www.sitzungsdienst-bad-oeynhausen.de\/bi\/vo020.asp?VOLFDNR=10567\">2. Sitzung des Ausschusses f\u00fcr Stadtentwicklung<\/a><\/strong><br \/>\nDie Ausf\u00fchrungen der Verwaltung zu dem Ma\u00dfnahmenkonzept &#8222;Beruhigung der Fu\u00dfg\u00e4ngerzone \/ Kurgebiet&#8220; werden zur Kenntnis genommen. Es wird beschlossen, in einem ersten Schritt eine Polleranlage an dem Standort &#8222;Portastra\u00dfe&#8220; im Jahr 2021 zu errichten.<br \/>\n<br \/>\nDie Ma\u00dfnahmenumsetzung steht unter dem Vorbehalt der Haushaltsberatungen zum Haushalt 2021 und der Folgejahre.<\/cite><\/p>\n<p>Begonnen werden sollte mit der Einfahrt der Portastra\u00dfe in die Fu\u00dfg\u00e4ngerzone, weitere Stellen in den Folgejahren sind:<\/p>\n<ul>\n<li>Herforder Stra\u00dfe in H\u00f6he Lenn\u00e9-Karre (2024\/2025)<\/li>\n<li>Herforder Stra\u00dfe in H\u00f6he des Augustaplatzes (2024\/2025)<\/li>\n<li>Stra\u00dfe \u201eAm Kurpark\u201c vor dem K\u00f6nigshof (2023)<\/li>\n<\/ul>\n<p>Die Bauma\u00dfnahme auf dem Gel\u00e4nde des ehemaligen &#8222;Hotel zur Post&#8220; verz\u00f6gert sich augenscheinlich immer weiter und daher ist auch die Polleranlage noch in weiter Ferne. Vor dem Hintergrund denke ich, dass es Sinn machen k\u00f6nnte, einfach irgendwo anders zu beginnen.<\/p>\n<p>Gestern abend sind wir die Herforder Stra\u00dfe hoch geschlendert und haben einen sau-leckeren D\u00f6ner vom Deli gegessen. In den 90 Sekunden, die wir \u00fcber den Platz vor dem New Orleans gegangen sind, sahen wir folgendes:<\/p>\n<figure id=\"attachment_167844\" aria-describedby=\"caption-attachment-167844\" style=\"width: 470px\" class=\"wp-caption aligncenter\"><a href=\"https:\/\/www.andreas-edler.de\/blog\/wp-content\/uploads\/2021\/08\/2021-07-31-19.50.58.jpg\"><img loading=\"lazy\" decoding=\"async\" src=\"https:\/\/www.andreas-edler.de\/blog\/wp-content\/uploads\/2021\/08\/2021-07-31-19.50.58-470x262.jpg\" alt=\"\" width=\"470\" height=\"262\" class=\"size-large wp-image-167844\" srcset=\"https:\/\/www.andreas-edler.de\/blog\/wp-content\/uploads\/2021\/08\/2021-07-31-19.50.58-470x262.jpg 470w, https:\/\/www.andreas-edler.de\/blog\/wp-content\/uploads\/2021\/08\/2021-07-31-19.50.58-250x139.jpg 250w, https:\/\/www.andreas-edler.de\/blog\/wp-content\/uploads\/2021\/08\/2021-07-31-19.50.58-768x428.jpg 768w, https:\/\/www.andreas-edler.de\/blog\/wp-content\/uploads\/2021\/08\/2021-07-31-19.50.58-100x56.jpg 100w, https:\/\/www.andreas-edler.de\/blog\/wp-content\/uploads\/2021\/08\/2021-07-31-19.50.58-150x84.jpg 150w, https:\/\/www.andreas-edler.de\/blog\/wp-content\/uploads\/2021\/08\/2021-07-31-19.50.58-200x112.jpg 200w, https:\/\/www.andreas-edler.de\/blog\/wp-content\/uploads\/2021\/08\/2021-07-31-19.50.58-300x167.jpg 300w, https:\/\/www.andreas-edler.de\/blog\/wp-content\/uploads\/2021\/08\/2021-07-31-19.50.58-450x251.jpg 450w, https:\/\/www.andreas-edler.de\/blog\/wp-content\/uploads\/2021\/08\/2021-07-31-19.50.58-600x335.jpg 600w, https:\/\/www.andreas-edler.de\/blog\/wp-content\/uploads\/2021\/08\/2021-07-31-19.50.58-900x502.jpg 900w, https:\/\/www.andreas-edler.de\/blog\/wp-content\/uploads\/2021\/08\/2021-07-31-19.50.58.jpg 1280w\" sizes=\"auto, (max-width: 470px) 100vw, 470px\" \/><\/a><figcaption id=\"caption-attachment-167844\" class=\"wp-caption-text\">Taxifahrer f\u00e4hrt zwischen viel zu weit auseinander stehenden pollern durch.<\/figcaption><\/figure>\n<figure id=\"attachment_167845\" aria-describedby=\"caption-attachment-167845\" style=\"width: 470px\" class=\"wp-caption aligncenter\"><a href=\"https:\/\/www.andreas-edler.de\/blog\/wp-content\/uploads\/2021\/08\/2021-07-31-19.51.27.jpg\"><img loading=\"lazy\" decoding=\"async\" src=\"https:\/\/www.andreas-edler.de\/blog\/wp-content\/uploads\/2021\/08\/2021-07-31-19.51.27-470x255.jpg\" alt=\"\" width=\"470\" height=\"255\" class=\"size-large wp-image-167845\" srcset=\"https:\/\/www.andreas-edler.de\/blog\/wp-content\/uploads\/2021\/08\/2021-07-31-19.51.27-470x255.jpg 470w, https:\/\/www.andreas-edler.de\/blog\/wp-content\/uploads\/2021\/08\/2021-07-31-19.51.27-250x136.jpg 250w, https:\/\/www.andreas-edler.de\/blog\/wp-content\/uploads\/2021\/08\/2021-07-31-19.51.27-768x416.jpg 768w, https:\/\/www.andreas-edler.de\/blog\/wp-content\/uploads\/2021\/08\/2021-07-31-19.51.27-100x54.jpg 100w, https:\/\/www.andreas-edler.de\/blog\/wp-content\/uploads\/2021\/08\/2021-07-31-19.51.27-150x81.jpg 150w, https:\/\/www.andreas-edler.de\/blog\/wp-content\/uploads\/2021\/08\/2021-07-31-19.51.27-200x108.jpg 200w, https:\/\/www.andreas-edler.de\/blog\/wp-content\/uploads\/2021\/08\/2021-07-31-19.51.27-300x163.jpg 300w, https:\/\/www.andreas-edler.de\/blog\/wp-content\/uploads\/2021\/08\/2021-07-31-19.51.27-450x244.jpg 450w, https:\/\/www.andreas-edler.de\/blog\/wp-content\/uploads\/2021\/08\/2021-07-31-19.51.27-600x325.jpg 600w, https:\/\/www.andreas-edler.de\/blog\/wp-content\/uploads\/2021\/08\/2021-07-31-19.51.27-900x488.jpg 900w, https:\/\/www.andreas-edler.de\/blog\/wp-content\/uploads\/2021\/08\/2021-07-31-19.51.27.jpg 1280w\" sizes=\"auto, (max-width: 470px) 100vw, 470px\" \/><\/a><figcaption id=\"caption-attachment-167845\" class=\"wp-caption-text\">Durchfahrtverbot auf der Herforder Stra\u00dfe wird ignoriert. Ist ja eh Fu\u00dfg\u00e4ngerzone.<\/figcaption><\/figure>\n<figure id=\"attachment_167846\" aria-describedby=\"caption-attachment-167846\" style=\"width: 470px\" class=\"wp-caption aligncenter\"><a href=\"https:\/\/www.andreas-edler.de\/blog\/wp-content\/uploads\/2021\/08\/2021-07-31-19.52.44.jpg\"><img loading=\"lazy\" decoding=\"async\" src=\"https:\/\/www.andreas-edler.de\/blog\/wp-content\/uploads\/2021\/08\/2021-07-31-19.52.44-470x134.jpg\" alt=\"\" width=\"470\" height=\"134\" class=\"size-large wp-image-167846\" srcset=\"https:\/\/www.andreas-edler.de\/blog\/wp-content\/uploads\/2021\/08\/2021-07-31-19.52.44-470x134.jpg 470w, https:\/\/www.andreas-edler.de\/blog\/wp-content\/uploads\/2021\/08\/2021-07-31-19.52.44-250x71.jpg 250w, https:\/\/www.andreas-edler.de\/blog\/wp-content\/uploads\/2021\/08\/2021-07-31-19.52.44-768x220.jpg 768w, https:\/\/www.andreas-edler.de\/blog\/wp-content\/uploads\/2021\/08\/2021-07-31-19.52.44-100x29.jpg 100w, https:\/\/www.andreas-edler.de\/blog\/wp-content\/uploads\/2021\/08\/2021-07-31-19.52.44-150x43.jpg 150w, https:\/\/www.andreas-edler.de\/blog\/wp-content\/uploads\/2021\/08\/2021-07-31-19.52.44-200x57.jpg 200w, https:\/\/www.andreas-edler.de\/blog\/wp-content\/uploads\/2021\/08\/2021-07-31-19.52.44-300x86.jpg 300w, https:\/\/www.andreas-edler.de\/blog\/wp-content\/uploads\/2021\/08\/2021-07-31-19.52.44-450x129.jpg 450w, https:\/\/www.andreas-edler.de\/blog\/wp-content\/uploads\/2021\/08\/2021-07-31-19.52.44-600x172.jpg 600w, https:\/\/www.andreas-edler.de\/blog\/wp-content\/uploads\/2021\/08\/2021-07-31-19.52.44-900x257.jpg 900w, https:\/\/www.andreas-edler.de\/blog\/wp-content\/uploads\/2021\/08\/2021-07-31-19.52.44.jpg 1280w\" sizes=\"auto, (max-width: 470px) 100vw, 470px\" \/><\/a><figcaption id=\"caption-attachment-167846\" class=\"wp-caption-text\">Durchfahrtverbot auf der Herforder Stra\u00dfe wird ignoriert. Ist ja eh Fu\u00dfg\u00e4ngerzone.<\/figcaption><\/figure>\n<p>Wirklich nur eineinhalb Minuten an einem Samstagabend in einer Fu\u00dfg\u00e4ngerzone. Und da gibt es Fraktionen im Stadtrat, die die Stra\u00dfe komplett f\u00fcr den Autoverkehr \u00f6ffnen m\u00f6chten. Was dann wohl dort los ist? Es sieht tags\u00fcber \u00fcbrigens nicht viel anders aus. Eigentlich sehe ich da fast immer wenn ich dort spazieren gehe Autofahrende durch rauschen. Die zu weit auseinanderstehenden Poller an der Lennestra\u00dfe beim Eiscaf\u00e9 Cordella habe ich auch schon im Ausschuss f\u00fcr Stadtentwicklung angesprochen. Des\u00f6fteren. Ich habe den Eindruck, das ist so gewollt.<\/p>\n","protected":false},"excerpt":{"rendered":"<p>Angek\u00fcndigt bzw. angedacht waren die versenkbaren Poller f\u00fcr die Innenstadt von Bad Oeynhausen bereits mit der Vorstellung der Neupflasterung der Klosterstra\u00dfe, der Viktoriastra\u00dfe und der Portastra\u00dfe. Nur so richtig beschlossen hatten wir das nicht. Das wurde am 23.02.2021 nachgeholt: 2. &hellip;<\/p>\n<p class=\"read-more\"> <a class=\"more-link\" href=\"https:\/\/www.andreas-edler.de\/blog\/2021\/08\/versenkbare-poller-zum-schutz-der-fussgaengerzone\/\"> <span class=\"screen-reader-text\">versenkbare Poller zum Schutz der Fu\u00dfg\u00e4ngerzone<\/span> Weiterlesen &raquo;<\/a><\/p>\n","protected":false},"author":1,"featured_media":0,"comment_status":"open","ping_status":"open","sticky":false,"template":"","format":"standard","meta":{"ngg_post_thumbnail":0,"activitypub_content_warning":"","activitypub_content_visibility":"","activitypub_max_image_attachments":2,"activitypub_interaction_policy_quote":"anyone","activitypub_status":"","footnotes":""},"categories":[14,18,45,13],"tags":[237,240,455,251,205,293,121,515,71,76,79,260,72],"class_list":["post-167843","post","type-post","status-publish","format-standard","hentry","category-bad-oeynhausen","category-fraglich","category-politik","category-verkehr","tag-ausschuss-fuer-stadtentwicklung","tag-fussgaenger","tag-herforder-strasse","tag-infrastruktur","tag-innenstadt","tag-isek","tag-kurpark","tag-poller","tag-regeln","tag-sicherheit","tag-stadtwerke","tag-stvo","tag-verwaltung"],"share_on_mastodon":{"url":"","error":""},"_links":{"self":[{"href":"https:\/\/www.andreas-edler.de\/blog\/wp-json\/wp\/v2\/posts\/167843","targetHints":{"allow":["GET"]}}],"collection":[{"href":"https:\/\/www.andreas-edler.de\/blog\/wp-json\/wp\/v2\/posts"}],"about":[{"href":"https:\/\/www.andreas-edler.de\/blog\/wp-json\/wp\/v2\/types\/post"}],"author":[{"embeddable":true,"href":"https:\/\/www.andreas-edler.de\/blog\/wp-json\/wp\/v2\/users\/1"}],"replies":[{"embeddable":true,"href":"https:\/\/www.andreas-edler.de\/blog\/wp-json\/wp\/v2\/comments?post=167843"}],"version-history":[{"count":0,"href":"https:\/\/www.andreas-edler.de\/blog\/wp-json\/wp\/v2\/posts\/167843\/revisions"}],"wp:attachment":[{"href":"https:\/\/www.andreas-edler.de\/blog\/wp-json\/wp\/v2\/media?parent=167843"}],"wp:term":[{"taxonomy":"category","embeddable":true,"href":"https:\/\/www.andreas-edler.de\/blog\/wp-json\/wp\/v2\/categories?post=167843"},{"taxonomy":"post_tag","embeddable":true,"href":"https:\/\/www.andreas-edler.de\/blog\/wp-json\/wp\/v2\/tags?post=167843"}],"curies":[{"name":"wp","href":"https:\/\/api.w.org\/{rel}","templated":true}]}}