{"id":167658,"date":"2021-06-27T18:24:42","date_gmt":"2021-06-27T16:24:42","guid":{"rendered":"https:\/\/www.andreas-edler.de\/blog\/?p=167658"},"modified":"2021-06-28T07:14:56","modified_gmt":"2021-06-28T05:14:56","slug":"der-neue-fiat-500e","status":"publish","type":"post","link":"https:\/\/www.andreas-edler.de\/blog\/2021\/06\/der-neue-fiat-500e\/","title":{"rendered":"Der neue Fiat 500e ist da!"},"content":{"rendered":"<p>Vor acht Jahren fuhr bei uns <a href=\"https:\/\/www.andreas-edler.de\/blog\/2013\/04\/fiat-500l\/\" rel=\"noopener\" target=\"_blank\">ein Fiat 500l<\/a> auf den Hof. <a href=\"https:\/\/www.andreas-edler.de\/blog\/2013\/10\/der-vierte-im-bunde\/\" rel=\"noopener\" target=\"_blank\">Nachwuchs 2.0<\/a> war auf dem Weg und <a href=\"https:\/\/www.andreas-edler.de\/blog\/2007\/01\/bremsbelge-wechseln-am-fiat-punto\/\" rel=\"noopener\" target=\"_blank\">der alte Punto<\/a> war uns daf\u00fcr zu klein und unbequem &#8211; und auch nicht mehr ganz taufrisch. Mit Kinderwagen und Buggy ist ein gr\u00f6\u00dferer Kofferraum ganz bequem. Allerdings brauchen wir recht lange keinen Kinderwagen mehr und der 500l ist noch l\u00e4nger als der Yeti. Also haben wir schon einige Zeit nach einem Ersatz geschaut &#8211; der idealerweise einen Elektroantrieb haben sollte. <a href=\"https:\/\/www.andreas-edler.de\/blog\/2020\/05\/photovoltaik-auf-dem-dach\/\" rel=\"noopener\" target=\"_blank\">Die Photovoltaikanlage<\/a> liefert zumindest im Fr\u00fchling, Sommer und Herbst genug Energie, um auch unsere Mobilit\u00e4t mit zu versorgen.<\/p>\n<p>Zun\u00e4chst lieb\u00e4ugelte ich lange mit einem <a href=\"https:\/\/www.andreas-edler.de\/blog\/2020\/10\/testfahrt-im-e-go-life-60\/\" rel=\"noopener\" target=\"_blank\">e.go life<\/a>! Noch bevor wir die Anlage auf dem Dach installiert hatten, habe ich mir die Webseite rauf und runter angeschaut. Allerdings war der Wagen schlicht nicht lieferbar. Nach der Insolvenz und dem neuen Investor ging es augenscheinlich nicht voran. Auf der Probefahrt hat uns der Wagen gut gefallen, aber wenn er nicht zu bekommen ist? Auf Anfragen per Mail und \u00fcber die Webseite gab es jedenfalls keine Reaktionen.<\/p>\n<figure id=\"attachment_167659\" aria-describedby=\"caption-attachment-167659\" style=\"width: 470px\" class=\"wp-caption aligncenter\"><a href=\"https:\/\/www.andreas-edler.de\/blog\/wp-content\/uploads\/2021\/06\/2021-06-26-14.03.37.jpg\"><img loading=\"lazy\" decoding=\"async\" src=\"https:\/\/www.andreas-edler.de\/blog\/wp-content\/uploads\/2021\/06\/2021-06-26-14.03.37-470x295.jpg\" alt=\"\" width=\"470\" height=\"295\" class=\"size-large wp-image-167659\" srcset=\"https:\/\/www.andreas-edler.de\/blog\/wp-content\/uploads\/2021\/06\/2021-06-26-14.03.37-470x295.jpg 470w, https:\/\/www.andreas-edler.de\/blog\/wp-content\/uploads\/2021\/06\/2021-06-26-14.03.37-250x157.jpg 250w, https:\/\/www.andreas-edler.de\/blog\/wp-content\/uploads\/2021\/06\/2021-06-26-14.03.37-768x482.jpg 768w, https:\/\/www.andreas-edler.de\/blog\/wp-content\/uploads\/2021\/06\/2021-06-26-14.03.37-100x63.jpg 100w, https:\/\/www.andreas-edler.de\/blog\/wp-content\/uploads\/2021\/06\/2021-06-26-14.03.37-150x94.jpg 150w, https:\/\/www.andreas-edler.de\/blog\/wp-content\/uploads\/2021\/06\/2021-06-26-14.03.37-200x126.jpg 200w, https:\/\/www.andreas-edler.de\/blog\/wp-content\/uploads\/2021\/06\/2021-06-26-14.03.37-300x188.jpg 300w, https:\/\/www.andreas-edler.de\/blog\/wp-content\/uploads\/2021\/06\/2021-06-26-14.03.37-450x283.jpg 450w, https:\/\/www.andreas-edler.de\/blog\/wp-content\/uploads\/2021\/06\/2021-06-26-14.03.37-600x377.jpg 600w, https:\/\/www.andreas-edler.de\/blog\/wp-content\/uploads\/2021\/06\/2021-06-26-14.03.37-900x565.jpg 900w, https:\/\/www.andreas-edler.de\/blog\/wp-content\/uploads\/2021\/06\/2021-06-26-14.03.37.jpg 1280w\" sizes=\"auto, (max-width: 470px) 100vw, 470px\" \/><\/a><figcaption id=\"caption-attachment-167659\" class=\"wp-caption-text\">Fiat 500e in ocean-green<\/figcaption><\/figure>\n<p>Fiat ist bei uns in der Familie nicht selten gekauft worden. Zudem ist ein H\u00e4ndler in fu\u00dfl\u00e4ufiger Entfernung ans\u00e4ssig. Bei diesem ist es in meiner 32j\u00e4hrigen Zeit als Autofahrender allerdings nur einmal zu einem (Gebraucht)Autokauf gekommen. Ersatzteile, Service, wir waren da immer seher zufrieden, aber Neuwagen (oder auch andere Gebrauchte) waren nie zu uns vertr\u00e4glichen Konditionen zu erwerben. Beim Fiat 500e hatte ich mir aber fest vorgenommen, dort zu kaufen. Habe den Wagen im Netz zusammen gestellt und dann mal vorgesprochen. Viel verhandeln konnte ich nicht &#8211; um nicht zu sagen &#8222;gar nicht&#8220;. Wir w\u00fcrden ja eh andere Angebote einholen und darum sei der Preis schon super. F\u00fcr den Gebrauchten gab es den Standard-Schwacke-H\u00e4ndlereinkaufspreis. Eigentlich wollte ich aber gar keine anderen Angebote einholen, sondern hier kaufen. Auf eine fast schon bettelnde Nachfrage per Mail ein paar Tage sp\u00e4ter, wie man denn zusammen kommen k\u00f6nne, gab es noch mal 200 Euro Nachlass. Bei einem Kaufpreis deutlich \u00fcber 30 TEUR.<\/p>\n<p>Daraufhin habe ich doch zwei andere H\u00e4ndler angemailt. Nur Mail, nur die Eckdaten, kein Geschwurbel. Die erste Reaktion war 400 Euro g\u00fcnstiger und beim dritten H\u00e4ndler gab es noch mehr Nachlass und wir hatten &#8211; inkl. einem deutlich h\u00f6heren R\u00fcckkaufswert unseres Gebrauchten &#8211; einen Vorteil von knapp \u00fcber 2.000 Euro. Soviel Geld habe ich dann doch nicht \u00fcber :-o Wir haben also dort &#8211; auch aufgrund sehr positiver Erfahrungen in den vergangenen Jahrzehnten (man nimmt ja durchaus verschiedene Services in Anspruch) &#8211; bestellt. Das war vor ca. acht Wochen.<\/p>\n<figure id=\"attachment_167662\" aria-describedby=\"caption-attachment-167662\" style=\"width: 470px\" class=\"wp-caption aligncenter\"><a href=\"https:\/\/www.andreas-edler.de\/blog\/wp-content\/uploads\/2021\/06\/2021-06-25-20.02.05.jpg\"><img loading=\"lazy\" decoding=\"async\" src=\"https:\/\/www.andreas-edler.de\/blog\/wp-content\/uploads\/2021\/06\/2021-06-25-20.02.05-470x279.jpg\" alt=\"\" width=\"470\" height=\"279\" class=\"size-large wp-image-167662\" srcset=\"https:\/\/www.andreas-edler.de\/blog\/wp-content\/uploads\/2021\/06\/2021-06-25-20.02.05-470x279.jpg 470w, https:\/\/www.andreas-edler.de\/blog\/wp-content\/uploads\/2021\/06\/2021-06-25-20.02.05-250x148.jpg 250w, https:\/\/www.andreas-edler.de\/blog\/wp-content\/uploads\/2021\/06\/2021-06-25-20.02.05-768x455.jpg 768w, https:\/\/www.andreas-edler.de\/blog\/wp-content\/uploads\/2021\/06\/2021-06-25-20.02.05-100x59.jpg 100w, https:\/\/www.andreas-edler.de\/blog\/wp-content\/uploads\/2021\/06\/2021-06-25-20.02.05-150x89.jpg 150w, https:\/\/www.andreas-edler.de\/blog\/wp-content\/uploads\/2021\/06\/2021-06-25-20.02.05-200x119.jpg 200w, https:\/\/www.andreas-edler.de\/blog\/wp-content\/uploads\/2021\/06\/2021-06-25-20.02.05-300x178.jpg 300w, https:\/\/www.andreas-edler.de\/blog\/wp-content\/uploads\/2021\/06\/2021-06-25-20.02.05-450x267.jpg 450w, https:\/\/www.andreas-edler.de\/blog\/wp-content\/uploads\/2021\/06\/2021-06-25-20.02.05-600x356.jpg 600w, https:\/\/www.andreas-edler.de\/blog\/wp-content\/uploads\/2021\/06\/2021-06-25-20.02.05-900x534.jpg 900w, https:\/\/www.andreas-edler.de\/blog\/wp-content\/uploads\/2021\/06\/2021-06-25-20.02.05.jpg 1280w\" sizes=\"auto, (max-width: 470px) 100vw, 470px\" \/><\/a><figcaption id=\"caption-attachment-167662\" class=\"wp-caption-text\">Alex freut sich :-)<\/figcaption><\/figure>\n<p>Vorgestern konnten wir den Wagen dann in Empfang nehmen :-) Sehr ausf\u00fchrlich wurde alles erl\u00e4utert. Und ja, das ist viel mehr Schnick-Schnack als in allen anderen Fahrzeugen, die wir vorher besa\u00dfen. Sieht super schick aus! Alex wollte die erste Fahrt nicht alleine machen. Immerhin musste ja auch jemand den Fiat 500l, mit dem wir angereist sind, noch zur Abgabestelle kutschieren. Also bin ich mit Nachwuchs 1.0 in den neuen Elektroflitzer eingestiegen und habe ihn mit Alex im R\u00fcckspiegel nach Vlotho kutschiert. Hatte uns der H\u00e4ndler noch empfohlen zuerst einige Zeit im &#8222;Normal&#8220;-Modus zu fahren, um uns an das Elektrogef\u00fchl zu gew\u00f6hnen, habe ich nach wenigen 100 Metern auf &#8222;Range&#8220; umgeschaltet, um die Rekuperation zu nutzen und nur noch mit einem Pedal fahren zu k\u00f6nnen. Klappte hervorragend!<\/p>\n<p>\u00dcberhaupt macht das Fahren mit dem Auto einen riesen Spa\u00df. Auf dem Papier beschleunigt er genauso schnell wie der Yeti von 0 auf 100 &#8230; der immerhin 30 PS mehr hat. Aber es f\u00fchlt sich ganz anders an, weil der Elektro-500er eine Gedenksekunde braucht, sondern einfach nach vorne geht, wenn man das Gaspedal dr\u00fcckt. Daran muss man sich im Stop&#038;Go-Berufsverkehr tats\u00e4chlich gew\u00f6hnen. Stau ist auch im Elektroauto einfach \u00e4tzend &#8230; aber wir mussten da an diesem Tag mal durch. <\/p>\n<p><figure id=\"attachment_167663\" aria-describedby=\"caption-attachment-167663\" style=\"width: 250px\" class=\"wp-caption alignright\"><a href=\"https:\/\/www.andreas-edler.de\/blog\/wp-content\/uploads\/2021\/06\/2021-06-26-14.11.50.jpg\"><img loading=\"lazy\" decoding=\"async\" src=\"https:\/\/www.andreas-edler.de\/blog\/wp-content\/uploads\/2021\/06\/2021-06-26-14.11.50-250x118.jpg\" alt=\"\" width=\"250\" height=\"118\" class=\"size-medium wp-image-167663\" srcset=\"https:\/\/www.andreas-edler.de\/blog\/wp-content\/uploads\/2021\/06\/2021-06-26-14.11.50-250x118.jpg 250w, https:\/\/www.andreas-edler.de\/blog\/wp-content\/uploads\/2021\/06\/2021-06-26-14.11.50-470x223.jpg 470w, https:\/\/www.andreas-edler.de\/blog\/wp-content\/uploads\/2021\/06\/2021-06-26-14.11.50-768x364.jpg 768w, https:\/\/www.andreas-edler.de\/blog\/wp-content\/uploads\/2021\/06\/2021-06-26-14.11.50-100x47.jpg 100w, https:\/\/www.andreas-edler.de\/blog\/wp-content\/uploads\/2021\/06\/2021-06-26-14.11.50-150x71.jpg 150w, https:\/\/www.andreas-edler.de\/blog\/wp-content\/uploads\/2021\/06\/2021-06-26-14.11.50-200x95.jpg 200w, https:\/\/www.andreas-edler.de\/blog\/wp-content\/uploads\/2021\/06\/2021-06-26-14.11.50-300x142.jpg 300w, https:\/\/www.andreas-edler.de\/blog\/wp-content\/uploads\/2021\/06\/2021-06-26-14.11.50-450x213.jpg 450w, https:\/\/www.andreas-edler.de\/blog\/wp-content\/uploads\/2021\/06\/2021-06-26-14.11.50-600x284.jpg 600w, https:\/\/www.andreas-edler.de\/blog\/wp-content\/uploads\/2021\/06\/2021-06-26-14.11.50-900x426.jpg 900w, https:\/\/www.andreas-edler.de\/blog\/wp-content\/uploads\/2021\/06\/2021-06-26-14.11.50.jpg 1280w\" sizes=\"auto, (max-width: 250px) 100vw, 250px\" \/><\/a><figcaption id=\"caption-attachment-167663\" class=\"wp-caption-text\">Unter der Motorhaube &#8230;<\/figcaption><\/figure> Leider kommt die Wallbox erst im Oktober &#8230; vorher ist nichts lieferbar. Aber an der normalen Schukosteckdose geht&#8217;s ja auch, nur eben etwas langsamer. Wir haben jetzt im Carport auf jeden Fall wieder richtig Platz.<\/p>\n<p>Einhundertf\u00fcnfundvierzig Kilometer hat der Wagen nun runter und alle haben ein Grinsen im Gesicht. Der \u00e4lteste Nachwuchs findet es am besten, glaube ich. Auch wenn es kein Cabrio ist und auch kein Sonnendach verbaut ist. Um hinten einzusteigen w\u00e4re die 3+1 L\u00f6sung vielleicht doch ganz gut gewesen, aber das kostet auch alles. Im Vergleich zum e.go life bietet der 500er deutlich mehr Auto. Die Anmutung im Innenraum ist g\u00e4nzlich anders, erwachsener und wertiger. Mal abgesehen davon, dass er nach meinem ersten Ausprobieren deutlich mehr Gimmicks hat. Einziger Makel, den Alex anmerkte (und der mir auch schon aufgefallen war) ist: das in teilweise in Wagenfarbe lackierte Armaturenbrett zieht Staub magisch an und man sieht die kleinen K\u00f6rner auf dem ocean-green-metallic wunderbar.<\/p>\n<p>Beim Fahren habe ich jedenfalls gedacht, warum sich bei dem Fahrgef\u00fchl \u00fcberhaupt noch einen Verbrenner antut! Dachte ich nach einer halben Stunde DSG im Skoda Yeti schon, wie bescheuert ich war, jahrelang auf einem Schaltwagen beharrt zu haben, ist das Cruisen mit dem Elektroauto noch mal eine Liga angenehmer. Mal sehen, ob das so bleibt!<\/p>\n","protected":false},"excerpt":{"rendered":"<p>Vor acht Jahren fuhr bei uns ein Fiat 500l auf den Hof. Nachwuchs 2.0 war auf dem Weg und der alte Punto war uns daf\u00fcr zu klein und unbequem &#8211; und auch nicht mehr ganz taufrisch. Mit Kinderwagen und Buggy &hellip;<\/p>\n<p class=\"read-more\"> <a class=\"more-link\" href=\"https:\/\/www.andreas-edler.de\/blog\/2021\/06\/der-neue-fiat-500e\/\"> <span class=\"screen-reader-text\">Der neue Fiat 500e ist da!<\/span> Weiterlesen &raquo;<\/a><\/p>\n","protected":false},"author":1,"featured_media":0,"comment_status":"open","ping_status":"open","sticky":false,"template":"","format":"standard","meta":{"ngg_post_thumbnail":0,"activitypub_content_warning":"","activitypub_content_visibility":"","activitypub_max_image_attachments":2,"activitypub_interaction_policy_quote":"anyone","activitypub_status":"","footnotes":""},"categories":[1,13],"tags":[37,239,433,514,49,168,398,64,470,115,209,490,46],"class_list":["post-167658","post","type-post","status-publish","format-standard","hentry","category-allgemein","category-verkehr","tag-auto","tag-elektromobilitaet","tag-fiat","tag-fiat-500e","tag-hardware","tag-klimafreundliche-mobilitaet","tag-klimawandel","tag-konsum","tag-photovoltaik","tag-regenerative-energie","tag-skoda-yeti","tag-solarenergie","tag-technik"],"share_on_mastodon":{"url":"","error":""},"_links":{"self":[{"href":"https:\/\/www.andreas-edler.de\/blog\/wp-json\/wp\/v2\/posts\/167658","targetHints":{"allow":["GET"]}}],"collection":[{"href":"https:\/\/www.andreas-edler.de\/blog\/wp-json\/wp\/v2\/posts"}],"about":[{"href":"https:\/\/www.andreas-edler.de\/blog\/wp-json\/wp\/v2\/types\/post"}],"author":[{"embeddable":true,"href":"https:\/\/www.andreas-edler.de\/blog\/wp-json\/wp\/v2\/users\/1"}],"replies":[{"embeddable":true,"href":"https:\/\/www.andreas-edler.de\/blog\/wp-json\/wp\/v2\/comments?post=167658"}],"version-history":[{"count":0,"href":"https:\/\/www.andreas-edler.de\/blog\/wp-json\/wp\/v2\/posts\/167658\/revisions"}],"wp:attachment":[{"href":"https:\/\/www.andreas-edler.de\/blog\/wp-json\/wp\/v2\/media?parent=167658"}],"wp:term":[{"taxonomy":"category","embeddable":true,"href":"https:\/\/www.andreas-edler.de\/blog\/wp-json\/wp\/v2\/categories?post=167658"},{"taxonomy":"post_tag","embeddable":true,"href":"https:\/\/www.andreas-edler.de\/blog\/wp-json\/wp\/v2\/tags?post=167658"}],"curies":[{"name":"wp","href":"https:\/\/api.w.org\/{rel}","templated":true}]}}