{"id":167630,"date":"2021-06-17T22:39:50","date_gmt":"2021-06-17T20:39:50","guid":{"rendered":"https:\/\/www.andreas-edler.de\/blog\/?p=167630"},"modified":"2021-06-17T22:46:34","modified_gmt":"2021-06-17T20:46:34","slug":"sanierter-radweg-an-der-dehmer-strasse","status":"publish","type":"post","link":"https:\/\/www.andreas-edler.de\/blog\/2021\/06\/sanierter-radweg-an-der-dehmer-strasse\/","title":{"rendered":"Sanierter Radweg an der Dehmer Stra\u00dfe\/B61"},"content":{"rendered":"<p>Am 24.05. berichtete die Neue Westf\u00e4lische vom Beginn der Sanierung der Dehmer Stra\u00dfe zwischen Bad Oeynhausen und Porta Westfalica.<\/p>\n<p><cite><strong><a href=\"https:\/\/www.nw.de\/lokal\/kreis_minden_luebbecke\/bad_oeynhausen\/23016003_Donnerstag-beginnen-die-Bauarbeiten-auf-der-B61.html\">Donnerstag beginnen die Bauarbeiten auf der B61 <\/a><\/strong><br \/>\n&#8230; In den ersten vier Wochen wird der Radweg erneuert und Bushaltestellen werden barrierefrei umgebaut &#8230;<\/cite><\/p>\n<p>Es ging z\u00fcgig voran! Darum konnte bereits deutlich vor Ablauf von vier Wochen vermeldet werden:<\/p>\n<p><cite><strong><a href=\"https:\/\/www.nw.de\/lokal\/kreis_minden_luebbecke\/bad_oeynhausen\/23030838_Vollsperrung-der-B-61-hat-begonnen.html\">Vollsperrung der B 61 hat begonnen<\/a><\/strong><br \/>\n&#8230; Der erste Teil war bereits nach gut zweieinhalb Wochen fertig, nun folgt der Rest &#8230;<\/cite><\/p>\n<p>Der erste Teil war die Erneuerung des Radwegs. Das wollte ich mir mal ansehen. Bin also bis zum Drachfliegerlandeplatz gefahren und von dort habe ich mir den Radweg angeschaut. Nunja.<\/p>\n<figure id=\"attachment_167632\" aria-describedby=\"caption-attachment-167632\" style=\"width: 470px\" class=\"wp-caption aligncenter\"><a href=\"https:\/\/www.andreas-edler.de\/blog\/wp-content\/uploads\/2021\/06\/2021-06-17-20.06.14.jpg\"><img loading=\"lazy\" decoding=\"async\" src=\"https:\/\/www.andreas-edler.de\/blog\/wp-content\/uploads\/2021\/06\/2021-06-17-20.06.14-470x217.jpg\" alt=\"\" width=\"470\" height=\"217\" class=\"size-large wp-image-167632\" srcset=\"https:\/\/www.andreas-edler.de\/blog\/wp-content\/uploads\/2021\/06\/2021-06-17-20.06.14-470x217.jpg 470w, https:\/\/www.andreas-edler.de\/blog\/wp-content\/uploads\/2021\/06\/2021-06-17-20.06.14-250x115.jpg 250w, https:\/\/www.andreas-edler.de\/blog\/wp-content\/uploads\/2021\/06\/2021-06-17-20.06.14-768x355.jpg 768w, https:\/\/www.andreas-edler.de\/blog\/wp-content\/uploads\/2021\/06\/2021-06-17-20.06.14-100x46.jpg 100w, https:\/\/www.andreas-edler.de\/blog\/wp-content\/uploads\/2021\/06\/2021-06-17-20.06.14-150x69.jpg 150w, https:\/\/www.andreas-edler.de\/blog\/wp-content\/uploads\/2021\/06\/2021-06-17-20.06.14-200x92.jpg 200w, https:\/\/www.andreas-edler.de\/blog\/wp-content\/uploads\/2021\/06\/2021-06-17-20.06.14-300x139.jpg 300w, https:\/\/www.andreas-edler.de\/blog\/wp-content\/uploads\/2021\/06\/2021-06-17-20.06.14-450x208.jpg 450w, https:\/\/www.andreas-edler.de\/blog\/wp-content\/uploads\/2021\/06\/2021-06-17-20.06.14-600x277.jpg 600w, https:\/\/www.andreas-edler.de\/blog\/wp-content\/uploads\/2021\/06\/2021-06-17-20.06.14-900x416.jpg 900w, https:\/\/www.andreas-edler.de\/blog\/wp-content\/uploads\/2021\/06\/2021-06-17-20.06.14.jpg 1280w\" sizes=\"auto, (max-width: 470px) 100vw, 470px\" \/><\/a><figcaption id=\"caption-attachment-167632\" class=\"wp-caption-text\">Sieht aus wie immer.<\/figcaption><\/figure>\n<p>Einen Unterschied kann ich an den meisten Stellen zwischen Dehme und dem Drachenfliegerplatz nicht entdecken. Au\u00dfer das Dreck auf den Radweg geschmissen wurde, hat Stra\u00dfen.NRW da nichts dran gemacht.<\/p>\n<figure id=\"attachment_167631\" aria-describedby=\"caption-attachment-167631\" style=\"width: 470px\" class=\"wp-caption aligncenter\"><a href=\"https:\/\/www.andreas-edler.de\/blog\/wp-content\/uploads\/2021\/06\/2021-06-17-20.08.21.jpg\"><img loading=\"lazy\" decoding=\"async\" src=\"https:\/\/www.andreas-edler.de\/blog\/wp-content\/uploads\/2021\/06\/2021-06-17-20.08.21-470x217.jpg\" alt=\"\" width=\"470\" height=\"217\" class=\"size-large wp-image-167631\" srcset=\"https:\/\/www.andreas-edler.de\/blog\/wp-content\/uploads\/2021\/06\/2021-06-17-20.08.21-470x217.jpg 470w, https:\/\/www.andreas-edler.de\/blog\/wp-content\/uploads\/2021\/06\/2021-06-17-20.08.21-250x115.jpg 250w, https:\/\/www.andreas-edler.de\/blog\/wp-content\/uploads\/2021\/06\/2021-06-17-20.08.21-768x355.jpg 768w, https:\/\/www.andreas-edler.de\/blog\/wp-content\/uploads\/2021\/06\/2021-06-17-20.08.21-100x46.jpg 100w, https:\/\/www.andreas-edler.de\/blog\/wp-content\/uploads\/2021\/06\/2021-06-17-20.08.21-150x69.jpg 150w, https:\/\/www.andreas-edler.de\/blog\/wp-content\/uploads\/2021\/06\/2021-06-17-20.08.21-200x92.jpg 200w, https:\/\/www.andreas-edler.de\/blog\/wp-content\/uploads\/2021\/06\/2021-06-17-20.08.21-300x139.jpg 300w, https:\/\/www.andreas-edler.de\/blog\/wp-content\/uploads\/2021\/06\/2021-06-17-20.08.21-450x208.jpg 450w, https:\/\/www.andreas-edler.de\/blog\/wp-content\/uploads\/2021\/06\/2021-06-17-20.08.21-600x277.jpg 600w, https:\/\/www.andreas-edler.de\/blog\/wp-content\/uploads\/2021\/06\/2021-06-17-20.08.21-900x416.jpg 900w, https:\/\/www.andreas-edler.de\/blog\/wp-content\/uploads\/2021\/06\/2021-06-17-20.08.21.jpg 1280w\" sizes=\"auto, (max-width: 470px) 100vw, 470px\" \/><\/a><figcaption id=\"caption-attachment-167631\" class=\"wp-caption-text\">Etwas abgefr\u00e4st.<\/figcaption><\/figure>\n<p>Stellenweise wurde die Oberfl\u00e4che des Radweg etwas abgefr\u00e4st. Sch\u00e4tze, dass das maximal zwei Zentimeter sind, gerade soviel, dass eine neue d\u00fcnne Asphaltschicht besser h\u00e4lt. Da die meisten St\u00fccke aber v\u00f6llig unbehandelt sind, gehe ich von einem zuk\u00fcnftigen Flickenteppich aus. Mindestens aber von einem nicht erneuerten Unterbau und schon gar keiner Verbreiterung.<\/p>\n<figure id=\"attachment_167633\" aria-describedby=\"caption-attachment-167633\" style=\"width: 470px\" class=\"wp-caption aligncenter\"><a href=\"https:\/\/www.andreas-edler.de\/blog\/wp-content\/uploads\/2021\/06\/2021-06-17-20.11.58.jpg\"><img loading=\"lazy\" decoding=\"async\" src=\"https:\/\/www.andreas-edler.de\/blog\/wp-content\/uploads\/2021\/06\/2021-06-17-20.11.58-470x217.jpg\" alt=\"\" width=\"470\" height=\"217\" class=\"size-large wp-image-167633\" srcset=\"https:\/\/www.andreas-edler.de\/blog\/wp-content\/uploads\/2021\/06\/2021-06-17-20.11.58-470x217.jpg 470w, https:\/\/www.andreas-edler.de\/blog\/wp-content\/uploads\/2021\/06\/2021-06-17-20.11.58-250x115.jpg 250w, https:\/\/www.andreas-edler.de\/blog\/wp-content\/uploads\/2021\/06\/2021-06-17-20.11.58-768x355.jpg 768w, https:\/\/www.andreas-edler.de\/blog\/wp-content\/uploads\/2021\/06\/2021-06-17-20.11.58-100x46.jpg 100w, https:\/\/www.andreas-edler.de\/blog\/wp-content\/uploads\/2021\/06\/2021-06-17-20.11.58-150x69.jpg 150w, https:\/\/www.andreas-edler.de\/blog\/wp-content\/uploads\/2021\/06\/2021-06-17-20.11.58-200x92.jpg 200w, https:\/\/www.andreas-edler.de\/blog\/wp-content\/uploads\/2021\/06\/2021-06-17-20.11.58-300x139.jpg 300w, https:\/\/www.andreas-edler.de\/blog\/wp-content\/uploads\/2021\/06\/2021-06-17-20.11.58-450x208.jpg 450w, https:\/\/www.andreas-edler.de\/blog\/wp-content\/uploads\/2021\/06\/2021-06-17-20.11.58-600x277.jpg 600w, https:\/\/www.andreas-edler.de\/blog\/wp-content\/uploads\/2021\/06\/2021-06-17-20.11.58-900x416.jpg 900w, https:\/\/www.andreas-edler.de\/blog\/wp-content\/uploads\/2021\/06\/2021-06-17-20.11.58.jpg 1280w\" sizes=\"auto, (max-width: 470px) 100vw, 470px\" \/><\/a><figcaption id=\"caption-attachment-167633\" class=\"wp-caption-text\">Das ist nichts passiert.<\/figcaption><\/figure>\n<p>Nach der Ank\u00fcndigung habe ich mich wirklich ein bisschen gefreut auf einen sch\u00f6n glatten, breiten Radweg entlang der Bundesstra\u00dfe. Nachdem der avisierte Bauabschnitt laut Zeitung fertig ist und ich das Ergebnis sehe, bin ich wieder auf dem Stand, den ich von Stra\u00dfen.NRW erwartet h\u00e4tte. F\u00fcr den Radverkehr tun die nichts.<\/p>\n","protected":false},"excerpt":{"rendered":"<p>Am 24.05. berichtete die Neue Westf\u00e4lische vom Beginn der Sanierung der Dehmer Stra\u00dfe zwischen Bad Oeynhausen und Porta Westfalica. Donnerstag beginnen die Bauarbeiten auf der B61 &#8230; In den ersten vier Wochen wird der Radweg erneuert und Bushaltestellen werden barrierefrei &hellip;<\/p>\n<p class=\"read-more\"> <a class=\"more-link\" href=\"https:\/\/www.andreas-edler.de\/blog\/2021\/06\/sanierter-radweg-an-der-dehmer-strasse\/\"> <span class=\"screen-reader-text\">Sanierter Radweg an der Dehmer Stra\u00dfe\/B61<\/span> Weiterlesen &raquo;<\/a><\/p>\n","protected":false},"author":1,"featured_media":0,"comment_status":"open","ping_status":"open","sticky":false,"template":"","format":"standard","meta":{"ngg_post_thumbnail":0,"activitypub_content_warning":"","activitypub_content_visibility":"","activitypub_max_image_attachments":2,"activitypub_interaction_policy_quote":"anyone","activitypub_status":"","footnotes":""},"categories":[14,15,13],"tags":[477,339,251,168,34,241,207,498,374],"class_list":["post-167630","post","type-post","status-publish","format-standard","hentry","category-bad-oeynhausen","category-fahrrad","category-verkehr","tag-alltagsradverkehr","tag-dehmer-strasse","tag-infrastruktur","tag-klimafreundliche-mobilitaet","tag-kommunikation","tag-radverkehrsanlagen","tag-radweg","tag-strassen-nrw","tag-verkehrswende"],"share_on_mastodon":{"url":"","error":""},"_links":{"self":[{"href":"https:\/\/www.andreas-edler.de\/blog\/wp-json\/wp\/v2\/posts\/167630","targetHints":{"allow":["GET"]}}],"collection":[{"href":"https:\/\/www.andreas-edler.de\/blog\/wp-json\/wp\/v2\/posts"}],"about":[{"href":"https:\/\/www.andreas-edler.de\/blog\/wp-json\/wp\/v2\/types\/post"}],"author":[{"embeddable":true,"href":"https:\/\/www.andreas-edler.de\/blog\/wp-json\/wp\/v2\/users\/1"}],"replies":[{"embeddable":true,"href":"https:\/\/www.andreas-edler.de\/blog\/wp-json\/wp\/v2\/comments?post=167630"}],"version-history":[{"count":0,"href":"https:\/\/www.andreas-edler.de\/blog\/wp-json\/wp\/v2\/posts\/167630\/revisions"}],"wp:attachment":[{"href":"https:\/\/www.andreas-edler.de\/blog\/wp-json\/wp\/v2\/media?parent=167630"}],"wp:term":[{"taxonomy":"category","embeddable":true,"href":"https:\/\/www.andreas-edler.de\/blog\/wp-json\/wp\/v2\/categories?post=167630"},{"taxonomy":"post_tag","embeddable":true,"href":"https:\/\/www.andreas-edler.de\/blog\/wp-json\/wp\/v2\/tags?post=167630"}],"curies":[{"name":"wp","href":"https:\/\/api.w.org\/{rel}","templated":true}]}}