{"id":167591,"date":"2021-06-06T11:24:01","date_gmt":"2021-06-06T09:24:01","guid":{"rendered":"https:\/\/www.andreas-edler.de\/blog\/?p=167591"},"modified":"2021-06-06T11:24:01","modified_gmt":"2021-06-06T09:24:01","slug":"stadtradeln-2021-in-bad-oeynhausen-beendet","status":"publish","type":"post","link":"https:\/\/www.andreas-edler.de\/blog\/2021\/06\/stadtradeln-2021-in-bad-oeynhausen-beendet\/","title":{"rendered":"Stadtradeln 2021 in Bad Oeynhausen beendet"},"content":{"rendered":"<p>Nun ist es vorbei, gestern endeten die drei <a href=\"https:\/\/www.stadtradeln.de\/bad-oeynhausen\" rel=\"noopener\" target=\"_blank\">STADTRADELN-Wochen in Bad Oeynhausen<\/a>. Von der Stadt gab es in der Zeit eine Info zu der Aktion. In den Vorjahren wurden noch Mails an die Teilnehmenden verschickt. Naja, man muss ja nicht alles wie in der Nachbarstadt machen.<\/p>\n<p><figure id=\"attachment_167592\" aria-describedby=\"caption-attachment-167592\" style=\"width: 470px\" class=\"wp-caption aligncenter\"><a href=\"https:\/\/www.andreas-edler.de\/blog\/wp-content\/uploads\/2021\/06\/Screenshot-2021-06-06-at-09-48-51-STADTRADELN-Bad-Oeynhausen.png\"><img loading=\"lazy\" decoding=\"async\" src=\"https:\/\/www.andreas-edler.de\/blog\/wp-content\/uploads\/2021\/06\/Screenshot-2021-06-06-at-09-48-51-STADTRADELN-Bad-Oeynhausen-470x117.png\" alt=\"\" width=\"470\" height=\"117\" class=\"size-large wp-image-167592\" srcset=\"https:\/\/www.andreas-edler.de\/blog\/wp-content\/uploads\/2021\/06\/Screenshot-2021-06-06-at-09-48-51-STADTRADELN-Bad-Oeynhausen-470x117.png 470w, https:\/\/www.andreas-edler.de\/blog\/wp-content\/uploads\/2021\/06\/Screenshot-2021-06-06-at-09-48-51-STADTRADELN-Bad-Oeynhausen-250x62.png 250w, https:\/\/www.andreas-edler.de\/blog\/wp-content\/uploads\/2021\/06\/Screenshot-2021-06-06-at-09-48-51-STADTRADELN-Bad-Oeynhausen-768x192.png 768w, https:\/\/www.andreas-edler.de\/blog\/wp-content\/uploads\/2021\/06\/Screenshot-2021-06-06-at-09-48-51-STADTRADELN-Bad-Oeynhausen-100x25.png 100w, https:\/\/www.andreas-edler.de\/blog\/wp-content\/uploads\/2021\/06\/Screenshot-2021-06-06-at-09-48-51-STADTRADELN-Bad-Oeynhausen-150x37.png 150w, https:\/\/www.andreas-edler.de\/blog\/wp-content\/uploads\/2021\/06\/Screenshot-2021-06-06-at-09-48-51-STADTRADELN-Bad-Oeynhausen-200x50.png 200w, https:\/\/www.andreas-edler.de\/blog\/wp-content\/uploads\/2021\/06\/Screenshot-2021-06-06-at-09-48-51-STADTRADELN-Bad-Oeynhausen-300x75.png 300w, https:\/\/www.andreas-edler.de\/blog\/wp-content\/uploads\/2021\/06\/Screenshot-2021-06-06-at-09-48-51-STADTRADELN-Bad-Oeynhausen-450x112.png 450w, https:\/\/www.andreas-edler.de\/blog\/wp-content\/uploads\/2021\/06\/Screenshot-2021-06-06-at-09-48-51-STADTRADELN-Bad-Oeynhausen-600x150.png 600w, https:\/\/www.andreas-edler.de\/blog\/wp-content\/uploads\/2021\/06\/Screenshot-2021-06-06-at-09-48-51-STADTRADELN-Bad-Oeynhausen-900x225.png 900w, https:\/\/www.andreas-edler.de\/blog\/wp-content\/uploads\/2021\/06\/Screenshot-2021-06-06-at-09-48-51-STADTRADELN-Bad-Oeynhausen.png 1242w\" sizes=\"auto, (max-width: 470px) 100vw, 470px\" \/><\/a><figcaption id=\"caption-attachment-167592\" class=\"wp-caption-text\">Stadtradeln in Bad Oeynhausen<\/figcaption><\/figure> <!--more--><\/p>\n<p>Gut, in L\u00f6hne haben statt 132 Radfahrenden siebenmal soviele Menschen an der Aktion teilgenommen, statt 10 Parlamentariern von 55 haben dort 14 von 45 mitgemacht und statt knapp 29.000 Kilometern hat man dort \u00fcber 80.000 Kilometer gesammelt. Das hat aber garantiert nichts mit mangelnder Motivation und Kommunikation zu tun. Die rund 20% kleinere Nachbarstadt ist wom\u00f6glich einfach fahrradaffiner.<\/p>\n<p>Von den zehn Ratsmitgliedern, welche sich in der Kurstadt in den Sattel geschwungen haben, waren neben dem B\u00fcrgermeister sechs in unserem Team der <a href=\"https:\/\/www.gruene-badoeynhausen.de\" rel=\"noopener\" target=\"_blank\">GR\u00dcNEN in Bad Oeynhausen<\/a>. Vielleicht sogar sieben &#8211; ich wei\u00df nicht, ob sich unser Kreistagsmitglied auch als Parlamentarier angemeldet hat. Einer von diesen 10 hat sich am letzten Tag noch angemeldet &#8211; was legitim ist, eine Woche kann man seine Daten noch nachtragen. Allerdings finde ich es sch\u00f6ner, wenn man gleich von Anfang an regelm\u00e4\u00dfig die gefahrenen Strecken erfasst. Es macht doch viel mehr Spa\u00df, die Werte steigen zu sehen und auch der Ansporn ist viel gr\u00f6\u00dfer, jetzt selbst auch noch ein Schippe drauf zu legen.<\/p>\n<figure id=\"attachment_167595\" aria-describedby=\"caption-attachment-167595\" style=\"width: 250px\" class=\"wp-caption alignright\"><a href=\"https:\/\/www.andreas-edler.de\/blog\/wp-content\/uploads\/2021\/06\/Screenshot-2021-06-06-at-10-07-17-STADTRADELN.png\"><img loading=\"lazy\" decoding=\"async\" src=\"https:\/\/www.andreas-edler.de\/blog\/wp-content\/uploads\/2021\/06\/Screenshot-2021-06-06-at-10-07-17-STADTRADELN-250x118.png\" alt=\"\" width=\"250\" height=\"118\" class=\"size-medium wp-image-167595\" srcset=\"https:\/\/www.andreas-edler.de\/blog\/wp-content\/uploads\/2021\/06\/Screenshot-2021-06-06-at-10-07-17-STADTRADELN-250x118.png 250w, https:\/\/www.andreas-edler.de\/blog\/wp-content\/uploads\/2021\/06\/Screenshot-2021-06-06-at-10-07-17-STADTRADELN-470x221.png 470w, https:\/\/www.andreas-edler.de\/blog\/wp-content\/uploads\/2021\/06\/Screenshot-2021-06-06-at-10-07-17-STADTRADELN-768x362.png 768w, https:\/\/www.andreas-edler.de\/blog\/wp-content\/uploads\/2021\/06\/Screenshot-2021-06-06-at-10-07-17-STADTRADELN-100x47.png 100w, https:\/\/www.andreas-edler.de\/blog\/wp-content\/uploads\/2021\/06\/Screenshot-2021-06-06-at-10-07-17-STADTRADELN-150x71.png 150w, https:\/\/www.andreas-edler.de\/blog\/wp-content\/uploads\/2021\/06\/Screenshot-2021-06-06-at-10-07-17-STADTRADELN-200x94.png 200w, https:\/\/www.andreas-edler.de\/blog\/wp-content\/uploads\/2021\/06\/Screenshot-2021-06-06-at-10-07-17-STADTRADELN-300x141.png 300w, https:\/\/www.andreas-edler.de\/blog\/wp-content\/uploads\/2021\/06\/Screenshot-2021-06-06-at-10-07-17-STADTRADELN-450x212.png 450w, https:\/\/www.andreas-edler.de\/blog\/wp-content\/uploads\/2021\/06\/Screenshot-2021-06-06-at-10-07-17-STADTRADELN-600x283.png 600w, https:\/\/www.andreas-edler.de\/blog\/wp-content\/uploads\/2021\/06\/Screenshot-2021-06-06-at-10-07-17-STADTRADELN.png 900w\" sizes=\"auto, (max-width: 250px) 100vw, 250px\" \/><\/a><figcaption id=\"caption-attachment-167595\" class=\"wp-caption-text\">Meine Stadtradeln-Historie<\/figcaption><\/figure>\n<p>Wie dem auch sei, ich bin in diesem Jahr mehr gefahren, als in den Jahren zuvor. Auch wenn es mit 579 Kilometern zu 2019 nur zwei mehr waren ;-) Aber unter dem Wert wollte ich nicht bleiben. Gro\u00dfen Respekt habe ich aber von dem Erstplatzierten in unserem Team, der eine mehr als doppelt so lange Strecke zur\u00fcckgelegt hat. Unglaublich! Ich wei\u00df ja, wie sich meine alten Knochen anf\u00fchlen.<\/p>\n<p>Als Team haben wir (Stand 06.06.) einen hervorragenden zweiten Platz heraus gefahren, fast 5.200 Kilometer! Damit zwar um ca. 2.400 hinter dem uneinholbaren Gewinner, der <a href=\"https:\/\/www.spkbopw.de\" rel=\"noopener\" target=\"_blank\">Sparkasse Bad Oeynhausen &#8211; Porta Westfalica<\/a>, aber auch \u00fcber 3.000 Kilometer vor den Fahrradfahrenden des ADFC in Bad Oeynhausen. Fairerweise haben die mit 668 KM pro Kopf eine deutlich h\u00f6here Fahrleistung, als wir mit unseren 207 pro-Kopf-Kilometern.<\/p>\n<p>Hat Spa\u00df gemacht, nur w\u00fcnsche ich mir eine deutlich h\u00f6here Teilnehmerzahl und mehr Kommunikation w\u00e4hrend der Aktion. Sucht zum Beispiel mal nach dem vom Kreis Minden-L\u00fcbbecke initiierten Hashtag <a href=\"https:\/\/twitter.com\/hashtag\/m%C3%BChlenkreisradeln\" rel=\"noopener\" target=\"_blank\">#m\u00fchlenkreisradeln<\/a> auf <a href=\"https:\/\/www.instagram.com\/explore\/tags\/m%C3%BChlenkreisradeln\/\" rel=\"noopener\" target=\"_blank\">Instagram<\/a> oder <a href=\"https:\/\/www.facebook.com\/hashtag\/m%C3%BChlenkreisradeln\" rel=\"noopener\" target=\"_blank\">Facebook<\/a> &#8211; oder <a href=\"https:\/\/mastodon.freifunk-minden.de\/tags\/m%C3%BChlenkreisradeln\" rel=\"noopener\" target=\"_blank\">mastodon<\/a>. Ich wollte dazu gerne einen Text auf einer Webseite verlinken, aber die Info des Kreises, diesen Hashtag zu verwenden, gab es nur per Mail. Da w\u00e4re viel mehr drin, w\u00fcrde diese Aktion nicht so stiefm\u00fctterlich behandelt. Dann k\u00e4me es vielleicht auch in der Politik an und es w\u00fcrde Bewusstsein f\u00fcr Ver\u00e4nderungen geschaffen. So macht es auf mich zumindest hier bei uns immer noch den Eindruck einer <a href=\"https:\/\/www.andreas-edler.de\/blog\/2018\/06\/ich-radel-nicht-ich-fahre-fahrrad\/\" rel=\"noopener\" target=\"_blank\">ungeliebten Spa\u00dfveranstaltung<\/a>.<\/p>\n","protected":false},"excerpt":{"rendered":"<p>Nun ist es vorbei, gestern endeten die drei STADTRADELN-Wochen in Bad Oeynhausen. Von der Stadt gab es in der Zeit eine Info zu der Aktion. In den Vorjahren wurden noch Mails an die Teilnehmenden verschickt. Naja, man muss ja nicht &hellip;<\/p>\n<p class=\"read-more\"> <a class=\"more-link\" href=\"https:\/\/www.andreas-edler.de\/blog\/2021\/06\/stadtradeln-2021-in-bad-oeynhausen-beendet\/\"> <span class=\"screen-reader-text\">Stadtradeln 2021 in Bad Oeynhausen beendet<\/span> Weiterlesen &raquo;<\/a><\/p>\n","protected":false},"author":1,"featured_media":0,"comment_status":"open","ping_status":"open","sticky":false,"template":"","format":"standard","meta":{"ngg_post_thumbnail":0,"activitypub_content_warning":"","activitypub_content_visibility":"","activitypub_max_image_attachments":2,"activitypub_interaction_policy_quote":"anyone","activitypub_status":"","footnotes":""},"categories":[14,15,45,13],"tags":[477,168,34,412,158,510,252,77,374],"class_list":["post-167591","post","type-post","status-publish","format-standard","hentry","category-bad-oeynhausen","category-fahrrad","category-politik","category-verkehr","tag-alltagsradverkehr","tag-klimafreundliche-mobilitaet","tag-kommunikation","tag-mdrza","tag-mit-dem-rad-zur-arbeit","tag-mit-dem-rad-zur-schule","tag-stadtradeln","tag-stadtrat","tag-verkehrswende"],"share_on_mastodon":{"url":"","error":""},"_links":{"self":[{"href":"https:\/\/www.andreas-edler.de\/blog\/wp-json\/wp\/v2\/posts\/167591","targetHints":{"allow":["GET"]}}],"collection":[{"href":"https:\/\/www.andreas-edler.de\/blog\/wp-json\/wp\/v2\/posts"}],"about":[{"href":"https:\/\/www.andreas-edler.de\/blog\/wp-json\/wp\/v2\/types\/post"}],"author":[{"embeddable":true,"href":"https:\/\/www.andreas-edler.de\/blog\/wp-json\/wp\/v2\/users\/1"}],"replies":[{"embeddable":true,"href":"https:\/\/www.andreas-edler.de\/blog\/wp-json\/wp\/v2\/comments?post=167591"}],"version-history":[{"count":0,"href":"https:\/\/www.andreas-edler.de\/blog\/wp-json\/wp\/v2\/posts\/167591\/revisions"}],"wp:attachment":[{"href":"https:\/\/www.andreas-edler.de\/blog\/wp-json\/wp\/v2\/media?parent=167591"}],"wp:term":[{"taxonomy":"category","embeddable":true,"href":"https:\/\/www.andreas-edler.de\/blog\/wp-json\/wp\/v2\/categories?post=167591"},{"taxonomy":"post_tag","embeddable":true,"href":"https:\/\/www.andreas-edler.de\/blog\/wp-json\/wp\/v2\/tags?post=167591"}],"curies":[{"name":"wp","href":"https:\/\/api.w.org\/{rel}","templated":true}]}}