{"id":167554,"date":"2021-05-24T20:21:10","date_gmt":"2021-05-24T18:21:10","guid":{"rendered":"https:\/\/www.andreas-edler.de\/blog\/?p=167554"},"modified":"2021-05-24T22:58:38","modified_gmt":"2021-05-24T20:58:38","slug":"stadtradeln-2021","status":"publish","type":"post","link":"https:\/\/www.andreas-edler.de\/blog\/2021\/05\/stadtradeln-2021\/","title":{"rendered":"Stadtradeln 2021"},"content":{"rendered":"<div class=\"bild\" style=\"font-size:smaller;\"><img decoding=\"async\" src=\"https:\/\/www.andreas-edler.de\/grafik\/logo_rad.png\" alt=\"Logo: Fahrrad\" title=\"Logo: Fahrrad\" width=\"250\" border=\"0\"><\/div>\n<p>Am 16.05. startete in diesem Jahr das <a href=\"https:\/\/www.stadtradeln.de\/bad-oeynhausen\" rel=\"noopener\" target=\"_blank\">STADTRADELN in Bad Oeynhausen<\/a>. Auf der <a href=\"https:\/\/www.badoeynhausen.de\/\" rel=\"noopener\" target=\"_blank\">Webseite der Stadt Bad Oeynhausen<\/a> finde ich dazu keinen einzigen Hinweis. Ich habe allerdings auch nur &#8222;Stadtradeln&#8220; in die Suche eingegeben und nicht weiter gegraben. Auch die Politik hat dazu keine Information bekommen. Angeblich war dazu keine Zeit. Nunja, es m\u00fcsste ein Medium geben, \u00fcber das man kostenlos und unglaublich schnell beliebig viele Ratsmitglieder erreichen k\u00f6nnte und das auch nutzen. Wahrscheinlich Zukunftsmusik.<\/p>\n<p>Am 14.05. hat der Kreis jedenfalls eine Mail zu einer Fotoaktion &#8222;M\u00fchlenkreisradeln&#8220; im Zusammenhang mit dem STADTRADELN versendet. Mehr gab es nicht. Eine <a href=\"https:\/\/www.google.com\/search?q=site%3Anw.de+stadtradeln+oeynhausen\" rel=\"noopener\" target=\"_blank\">Google-Suche auf der Seite der Neuen Westf\u00e4lischen<\/a> f\u00f6rdert auch keinen Hinweis zutage. Ich finde das ganz schwach, aber es erkl\u00e4rt vielleicht die mickrigen Teilnehmerzahlen von 100 aktiven Fahrradfahrenden (19:24 Uhr am 24.05.)! Es nehmen sieben Parlamentarier teil. F\u00fcnf davon sind in unserem <a href=\"https:\/\/www.stadtradeln.de\/index.php?id=171&amp;L=1&amp;team_preselect=7319\" rel=\"noopener\" target=\"_blank\">Team der Gr\u00fcnen<\/a>, der B\u00fcrgermeister f\u00e4hrt &#8211; bleibt ein weiteres Ratsmitglied \u00fcbrig. Keine Ahnung, wer das ist. Neben uns hat nur noch die SPD ein Team (nach) gemeldet. In diesem haben nach einem Drittel der Zeit zwei Mitglieder 79 Kilometer gesammelt. Das ist sehr schade, hei\u00dft es doch auf der Seite:<\/p>\n<p><cite>Um auf die Bed\u00fcrfnisse der Radfahrenden aufmerksam zu machen, richtet sich das STADTRADELN auch an die Kommunalpolitiker*innen. Sie sind die Entscheidungstr\u00e4ger*innen, wenn es um die Radinfrastruktur und damit praktischen Klimaschutz vor Ort geht. W\u00e4hrend der Aktion nehmen sie selbst die Lenkerperspektive ein und erfahren, wo die Kommune schon fahrradfreundlich ist und wo noch nachgebessert werden muss.<\/cite><\/p>\n<p>Ich habe oft den Eindruck, dass tats\u00e4chlich nicht klar ist, was die Probleme des Alltagsradverkehr sind und wo noch nachgebessert werden muss. Zumeist geht es nur um marginale Verbesserungen auf touristischen Routen. Dass das Fahrrad auch ein Verkehrsmittel f\u00fcr den Alltag zur Erledigung der normalen Strecken des t\u00e4glichen Lebens ist, ist f\u00fcr viele eine v\u00f6llig fremde Realit\u00e4t. Da w\u00e4re ein bisschen STADTRADELN wom\u00f6glich wirklich hilfreich. Und sei es nur, um zu verstehen wo der Schuh andere dr\u00fcckt, wenn man ihn sich schon nicht selbst anziehen will.<\/p>\n<p>Bie den Gr\u00fcnen haben aktuell 20 aktive Teilnehmer eine Strecke von 2.332 Kilometern erfahren. Damit liegen wir recht stabil auf Platz 2 hinter der Sparkasse Bad Oeynhausen &#8211; Porta Westfalica, die mit 25 Aktiven auf 2.944 Kilometer kommmt. Pro Kopf liegen wir damit nur einen Kilometer hinten ;-) &#8211; allerdings haben wir auch einen extrem starken Teilnehmer im Team! Vielen Dank!<\/p>\n<p>Leider werde ich durch die Bewerbung und das Marketing f\u00fcr diese Aktion in meiner <a href=\"https:\/\/www.andreas-edler.de\/blog\/2018\/06\/ich-radel-nicht-ich-fahre-fahrrad\/\" rel=\"noopener\" target=\"_blank\">schon einmal ge\u00e4u\u00dferten Meinung<\/a> best\u00e4tigt. So richtig Ernst wird Alltagsradverkehr nicht genommen. Es sind tempor\u00e4re Aktionen, an denen zumeist diejenigen teilnehmen, die sowieso Fahrrad fahren oder die es als Spa\u00dfaktion in den Monaten mit etwas besserem Wetter sehen. Die damalige Fahrradbeauftragte fand diese Ansicht ziemlich doof und hat es auch in der Abschlu\u00dfrede noch einmal thematisiert. Allerdings: seitdem gab es nicht mal mehr Abschlu\u00dfreden! Letztes Jahr ist das STADTRADELN einfach so beendet worden, ohne dass im Nachgang irgendetwas passiert w\u00e4re. Und auch trotz Corona h\u00e4tte man da etwas &#8211; sei es eine virtuelle Veranstaltung &#8211; organisieren k\u00f6nnen.<\/p>\n<figure id=\"attachment_166840\" aria-describedby=\"caption-attachment-166840\" style=\"width: 250px\" class=\"wp-caption alignright\"><a href=\"https:\/\/www.andreas-edler.de\/blog\/wp-content\/uploads\/2020\/08\/2020-08-31-abschluss-stadtradeln-2019-abgesagt.png\"><img loading=\"lazy\" decoding=\"async\" class=\"size-medium wp-image-166840\" src=\"https:\/\/www.andreas-edler.de\/blog\/wp-content\/uploads\/2020\/08\/2020-08-31-abschluss-stadtradeln-2019-abgesagt-250x126.png\" alt=\"\" width=\"250\" height=\"126\" srcset=\"https:\/\/www.andreas-edler.de\/blog\/wp-content\/uploads\/2020\/08\/2020-08-31-abschluss-stadtradeln-2019-abgesagt-250x126.png 250w, https:\/\/www.andreas-edler.de\/blog\/wp-content\/uploads\/2020\/08\/2020-08-31-abschluss-stadtradeln-2019-abgesagt-470x237.png 470w, https:\/\/www.andreas-edler.de\/blog\/wp-content\/uploads\/2020\/08\/2020-08-31-abschluss-stadtradeln-2019-abgesagt-100x50.png 100w, https:\/\/www.andreas-edler.de\/blog\/wp-content\/uploads\/2020\/08\/2020-08-31-abschluss-stadtradeln-2019-abgesagt-150x76.png 150w, https:\/\/www.andreas-edler.de\/blog\/wp-content\/uploads\/2020\/08\/2020-08-31-abschluss-stadtradeln-2019-abgesagt-200x101.png 200w, https:\/\/www.andreas-edler.de\/blog\/wp-content\/uploads\/2020\/08\/2020-08-31-abschluss-stadtradeln-2019-abgesagt-300x151.png 300w, https:\/\/www.andreas-edler.de\/blog\/wp-content\/uploads\/2020\/08\/2020-08-31-abschluss-stadtradeln-2019-abgesagt-450x227.png 450w, https:\/\/www.andreas-edler.de\/blog\/wp-content\/uploads\/2020\/08\/2020-08-31-abschluss-stadtradeln-2019-abgesagt.png 598w\" sizes=\"auto, (max-width: 250px) 100vw, 250px\" \/><\/a><figcaption id=\"caption-attachment-166840\" class=\"wp-caption-text\">2019 gab es schon keinen Abschluss<\/figcaption><\/figure>\n<p>Im Jahr davor hat es auf &#8222;verwaltungsinternen&#8220; Gr\u00fcnden nicht geklappt, auf der Innenstadtfete eine wenige Minuten lange Rede zu halten. Das w\u00e4re auch wirklich zu viel verlangt gewesen. Der damalige B\u00fcrgermeister war nun aber auch kein ausgemachter Radfahrer und hat (wenn ich mich richtig erinnere) nur beim ersten Stadtradeln seiner Amtszeit auf der Abschlussveranstaltung was gesagt.<\/p>\n<p>Ich fahre auf Alltagswegen wegen dem STADTRADELN keine einzige Strecke mehr &#8211; w\u00e4re auch schwer m\u00f6glich, weil das Auto eh meist nur auf dem Hof steht. In der Freizeit versuche ich allerdings schon, eine Schippe drauf zu legen. Macht ja auch etwas Spa\u00df! Aber in einer 50.000 Einwohnerstadt nur 100 die mitmachen?<\/p>\n","protected":false},"excerpt":{"rendered":"<p>Am 16.05. startete in diesem Jahr das STADTRADELN in Bad Oeynhausen. Auf der Webseite der Stadt Bad Oeynhausen finde ich dazu keinen einzigen Hinweis. Ich habe allerdings auch nur &#8222;Stadtradeln&#8220; in die Suche eingegeben und nicht weiter gegraben. Auch die &hellip;<\/p>\n<p class=\"read-more\"> <a class=\"more-link\" href=\"https:\/\/www.andreas-edler.de\/blog\/2021\/05\/stadtradeln-2021\/\"> <span class=\"screen-reader-text\">Stadtradeln 2021<\/span> Weiterlesen &raquo;<\/a><\/p>\n","protected":false},"author":1,"featured_media":0,"comment_status":"open","ping_status":"open","sticky":false,"template":"","format":"standard","meta":{"ngg_post_thumbnail":0,"activitypub_content_warning":"","activitypub_content_visibility":"","activitypub_max_image_attachments":2,"activitypub_interaction_policy_quote":"anyone","activitypub_status":"","footnotes":""},"categories":[14,18,45],"tags":[477,32,168,34,252,77,374],"class_list":["post-167554","post","type-post","status-publish","format-standard","hentry","category-bad-oeynhausen","category-fraglich","category-politik","tag-alltagsradverkehr","tag-gewinner","tag-klimafreundliche-mobilitaet","tag-kommunikation","tag-stadtradeln","tag-stadtrat","tag-verkehrswende"],"share_on_mastodon":{"url":"","error":""},"_links":{"self":[{"href":"https:\/\/www.andreas-edler.de\/blog\/wp-json\/wp\/v2\/posts\/167554","targetHints":{"allow":["GET"]}}],"collection":[{"href":"https:\/\/www.andreas-edler.de\/blog\/wp-json\/wp\/v2\/posts"}],"about":[{"href":"https:\/\/www.andreas-edler.de\/blog\/wp-json\/wp\/v2\/types\/post"}],"author":[{"embeddable":true,"href":"https:\/\/www.andreas-edler.de\/blog\/wp-json\/wp\/v2\/users\/1"}],"replies":[{"embeddable":true,"href":"https:\/\/www.andreas-edler.de\/blog\/wp-json\/wp\/v2\/comments?post=167554"}],"version-history":[{"count":0,"href":"https:\/\/www.andreas-edler.de\/blog\/wp-json\/wp\/v2\/posts\/167554\/revisions"}],"wp:attachment":[{"href":"https:\/\/www.andreas-edler.de\/blog\/wp-json\/wp\/v2\/media?parent=167554"}],"wp:term":[{"taxonomy":"category","embeddable":true,"href":"https:\/\/www.andreas-edler.de\/blog\/wp-json\/wp\/v2\/categories?post=167554"},{"taxonomy":"post_tag","embeddable":true,"href":"https:\/\/www.andreas-edler.de\/blog\/wp-json\/wp\/v2\/tags?post=167554"}],"curies":[{"name":"wp","href":"https:\/\/api.w.org\/{rel}","templated":true}]}}