{"id":167544,"date":"2021-05-16T20:02:09","date_gmt":"2021-05-16T18:02:09","guid":{"rendered":"https:\/\/www.andreas-edler.de\/blog\/?p=167544"},"modified":"2021-05-16T20:02:09","modified_gmt":"2021-05-16T18:02:09","slug":"parallele-radrouten","status":"publish","type":"post","link":"https:\/\/www.andreas-edler.de\/blog\/2021\/05\/parallele-radrouten\/","title":{"rendered":"Parallele Radrouten"},"content":{"rendered":"<p>Zeichnet man eine Linie und daneben eine zweite, die \u00fcberall den gleichen Abstand zur ersten Linie hat, dann ist dies eine Parallele.<br \/>\n<figure id=\"attachment_167545\" aria-describedby=\"caption-attachment-167545\" style=\"width: 470px\" class=\"wp-caption aligncenter\"><a href=\"https:\/\/www.andreas-edler.de\/blog\/wp-content\/uploads\/2021\/05\/20210516_paralellen.png\"><img loading=\"lazy\" decoding=\"async\" src=\"https:\/\/www.andreas-edler.de\/blog\/wp-content\/uploads\/2021\/05\/20210516_paralellen.png\" alt=\"\" width=\"470\" height=\"100\" class=\"size-full wp-image-167545\" srcset=\"https:\/\/www.andreas-edler.de\/blog\/wp-content\/uploads\/2021\/05\/20210516_paralellen.png 470w, https:\/\/www.andreas-edler.de\/blog\/wp-content\/uploads\/2021\/05\/20210516_paralellen-250x53.png 250w, https:\/\/www.andreas-edler.de\/blog\/wp-content\/uploads\/2021\/05\/20210516_paralellen-100x21.png 100w, https:\/\/www.andreas-edler.de\/blog\/wp-content\/uploads\/2021\/05\/20210516_paralellen-150x32.png 150w, https:\/\/www.andreas-edler.de\/blog\/wp-content\/uploads\/2021\/05\/20210516_paralellen-200x43.png 200w, https:\/\/www.andreas-edler.de\/blog\/wp-content\/uploads\/2021\/05\/20210516_paralellen-300x64.png 300w, https:\/\/www.andreas-edler.de\/blog\/wp-content\/uploads\/2021\/05\/20210516_paralellen-450x96.png 450w\" sizes=\"auto, (max-width: 470px) 100vw, 470px\" \/><\/a><figcaption id=\"caption-attachment-167545\" class=\"wp-caption-text\">Parallelen<\/figcaption><\/figure> <!--more--><\/p>\n<p>Wenn man von Parallelrouten spricht, im Besonderen solche welche dem Radverkehr dienen sollen, dann ist das allerdings nicht immer so. Die Eidinghausener Stra\u00dfe ist z.B. eine ziemlich gerade Stra\u00dfe und die Hauptverbindung auf der Nord-S\u00fcd-Achse in Bad Oeynhausen. Die <a href=\"https:\/\/www.andreas-edler.de\/blog\/tag\/eidinghausener-strasse\/\" rel=\"noopener\" target=\"_blank\">benutzungspflichtigen Radwege dieser Stra\u00dfe waren hier im Blog dutzendfach Thema<\/a>. Und die Verwaltung hat Recht wenn sie sagt, dass der Baulastr\u00e4ger Stra\u00dfen.NRW ist. Das hindert aber m.M.n. nicht, beim Baulasttr\u00e4ger auf Verbesserung zu dr\u00e4ngen, vielleicht sogar erstmal auf Instandsetzung, mir w\u00fcrde &#8222;sicher benutzbar&#8220; sogar f\u00fcrs Erste reichen. Lieber denkt man sich &#8211; nicht nur bei uns &#8211; Parallelen zu Stra\u00dfen aus. Das bedeutet, ebenfalls nicht nur hier in Bad Oeynhausen, dass der Radverkehr irgendwo anders entlang gef\u00fchrt wird. Wo es sch\u00f6ner ist. Wo weniger Verkehr ist. Wo noch weniger bis gar nicht (so steht es auf den enstprechenden Schildern) im Winter daf\u00fcr gesorgt wird, dort auch fahren zu k\u00f6nnen. Und wo die Strecke l\u00e4nger ist. &#8222;Du kannst doch mit dem Fahrrad auch mal ein bisschen Umweg fahren!&#8220; habe ich dann schon oft zu h\u00f6ren bekommen. <a href=\"https:\/\/www.andreas-edler.de\/blog\/2021\/04\/neue-bruecke-fuer-den-radverkehr-ueber-die-werre\/\" rel=\"noopener\" target=\"_blank\">Und so bauen wir eine neue Br\u00fccke<\/a>. Eine weitere Br\u00fcck kann ich mir auch gut vorstellen. Finde sie sogar n\u00f6tig, <a href=\"https:\/\/www.andreas-edler.de\/blog\/2020\/09\/fahrradbruecken-ueber-die-werre\/\" rel=\"noopener\" target=\"_blank\">aber halt an anderer Stelle<\/a>!<\/p>\n<figure id=\"attachment_167547\" aria-describedby=\"caption-attachment-167547\" style=\"width: 470px\" class=\"wp-caption aligncenter\"><a href=\"https:\/\/www.andreas-edler.de\/blog\/wp-content\/uploads\/2021\/05\/2021-05-16_parallelroute_eidinghausener_strasse.png\"><img loading=\"lazy\" decoding=\"async\" src=\"https:\/\/www.andreas-edler.de\/blog\/wp-content\/uploads\/2021\/05\/2021-05-16_parallelroute_eidinghausener_strasse-470x361.png\" alt=\"\" width=\"470\" height=\"361\" class=\"size-large wp-image-167547\" srcset=\"https:\/\/www.andreas-edler.de\/blog\/wp-content\/uploads\/2021\/05\/2021-05-16_parallelroute_eidinghausener_strasse-470x361.png 470w, https:\/\/www.andreas-edler.de\/blog\/wp-content\/uploads\/2021\/05\/2021-05-16_parallelroute_eidinghausener_strasse-250x192.png 250w, https:\/\/www.andreas-edler.de\/blog\/wp-content\/uploads\/2021\/05\/2021-05-16_parallelroute_eidinghausener_strasse-768x590.png 768w, https:\/\/www.andreas-edler.de\/blog\/wp-content\/uploads\/2021\/05\/2021-05-16_parallelroute_eidinghausener_strasse-100x77.png 100w, https:\/\/www.andreas-edler.de\/blog\/wp-content\/uploads\/2021\/05\/2021-05-16_parallelroute_eidinghausener_strasse-150x115.png 150w, https:\/\/www.andreas-edler.de\/blog\/wp-content\/uploads\/2021\/05\/2021-05-16_parallelroute_eidinghausener_strasse-200x154.png 200w, https:\/\/www.andreas-edler.de\/blog\/wp-content\/uploads\/2021\/05\/2021-05-16_parallelroute_eidinghausener_strasse-300x231.png 300w, https:\/\/www.andreas-edler.de\/blog\/wp-content\/uploads\/2021\/05\/2021-05-16_parallelroute_eidinghausener_strasse-450x346.png 450w, https:\/\/www.andreas-edler.de\/blog\/wp-content\/uploads\/2021\/05\/2021-05-16_parallelroute_eidinghausener_strasse-600x461.png 600w, https:\/\/www.andreas-edler.de\/blog\/wp-content\/uploads\/2021\/05\/2021-05-16_parallelroute_eidinghausener_strasse.png 898w\" sizes=\"auto, (max-width: 470px) 100vw, 470px\" \/><\/a><figcaption id=\"caption-attachment-167547\" class=\"wp-caption-text\">Parallelroute zur Eidinghausener Stra\u00dfe<\/figcaption><\/figure>\n<p>Die im Bild blau markierte Parallele bedeutet einen Umweg von 1,5 Kilometern zur Verbindung \u00fcber die rot markierte Eidinghausener Stra\u00dfe. Zumindest dann, wenn man die Werrequerung (2) als Startpunkt nimmt. Und das wurde bei der Vorstellung der Route so benannt. Die Br\u00fccke an der Stelle sei viel zu gef\u00e4hrlich und zu eng. Darum muss hier also eine Ampelquerung der Eidinghausener eingerichtet werden und bei (3) eine neue Br\u00fccke und ein neuer Radweg gebaut werden. Diese Strecke ist dann 1.500 Meter l\u00e4nger, als w\u00fcrde man einfach die Eidinghausener hoch fahren. Ich \u00fcberlege gerade, ob ich als Sch\u00fcler jeden Tag drei Kilometer zus\u00e4tzlich mit dem Fahrrad zzgl. der Wartezeit an einer Bettelampel in Kauf genommen h\u00e4tte, nur damit ich eine vermeintlich weniger gef\u00e4hrlich Strecke fahren konnte. F\u00fcr alle Menschen die von im Bild rechts oben, also aus Eidinghausen kommen so wie ich, k\u00f6nnte das sogar funktionieren. Solange die Flutmulde kein Wasser hat. Aber Kilmawandel sei dank, kommt das vielleicht in Zukunft seltener vor.<\/p>\n<p>Unter (1) ist \u00fcbrigens eine Br\u00fccke, welche man prima benutzen kann, wenn man in die Innenstadt m\u00f6chte. Biegt man dort am Ende der Br\u00fccke nicht nach rechts ab, sondern f\u00e4hrt am Freibad vorbei, betr\u00e4gt der Umweg ebenfalls unter Umgehung der Eidinghausener Stra\u00dfe bis zur Einm\u00fcndung der K\u00f6nigstra\u00dfe in die Steinstra\u00dfe nur knapp 1.050 Meter. Ganz ohne Neubau &#8211; nur durch Ausweisung der Route. Wenn wir schon \u00fcber parallele Verkehrsf\u00fchrung reden, dann doch bitte die k\u00fcrzeste Strecke.<\/p>\n","protected":false},"excerpt":{"rendered":"<p>Zeichnet man eine Linie und daneben eine zweite, die \u00fcberall den gleichen Abstand zur ersten Linie hat, dann ist dies eine Parallele.<\/p>\n","protected":false},"author":1,"featured_media":0,"comment_status":"open","ping_status":"open","sticky":false,"template":"","format":"standard","meta":{"ngg_post_thumbnail":0,"activitypub_content_warning":"","activitypub_content_visibility":"","activitypub_max_image_attachments":2,"activitypub_interaction_policy_quote":"anyone","activitypub_status":"","footnotes":""},"categories":[14,15,45,13],"tags":[237,381,419,262,158,510,474,508],"class_list":["post-167544","post","type-post","status-publish","format-standard","hentry","category-bad-oeynhausen","category-fahrrad","category-politik","category-verkehr","tag-ausschuss-fuer-stadtentwicklung","tag-bruecken","tag-eidinghausen","tag-eidinghausener-strasse","tag-mit-dem-rad-zur-arbeit","tag-mit-dem-rad-zur-schule","tag-schulweg","tag-werre"],"share_on_mastodon":{"url":"","error":""},"_links":{"self":[{"href":"https:\/\/www.andreas-edler.de\/blog\/wp-json\/wp\/v2\/posts\/167544","targetHints":{"allow":["GET"]}}],"collection":[{"href":"https:\/\/www.andreas-edler.de\/blog\/wp-json\/wp\/v2\/posts"}],"about":[{"href":"https:\/\/www.andreas-edler.de\/blog\/wp-json\/wp\/v2\/types\/post"}],"author":[{"embeddable":true,"href":"https:\/\/www.andreas-edler.de\/blog\/wp-json\/wp\/v2\/users\/1"}],"replies":[{"embeddable":true,"href":"https:\/\/www.andreas-edler.de\/blog\/wp-json\/wp\/v2\/comments?post=167544"}],"version-history":[{"count":0,"href":"https:\/\/www.andreas-edler.de\/blog\/wp-json\/wp\/v2\/posts\/167544\/revisions"}],"wp:attachment":[{"href":"https:\/\/www.andreas-edler.de\/blog\/wp-json\/wp\/v2\/media?parent=167544"}],"wp:term":[{"taxonomy":"category","embeddable":true,"href":"https:\/\/www.andreas-edler.de\/blog\/wp-json\/wp\/v2\/categories?post=167544"},{"taxonomy":"post_tag","embeddable":true,"href":"https:\/\/www.andreas-edler.de\/blog\/wp-json\/wp\/v2\/tags?post=167544"}],"curies":[{"name":"wp","href":"https:\/\/api.w.org\/{rel}","templated":true}]}}