{"id":167501,"date":"2021-04-24T09:08:37","date_gmt":"2021-04-24T07:08:37","guid":{"rendered":"https:\/\/www.andreas-edler.de\/blog\/?p=167501"},"modified":"2021-04-24T09:08:37","modified_gmt":"2021-04-24T07:08:37","slug":"markierung-der-radwegefurt-im-kreisel-in-eidinghausen","status":"publish","type":"post","link":"https:\/\/www.andreas-edler.de\/blog\/2021\/04\/markierung-der-radwegefurt-im-kreisel-in-eidinghausen\/","title":{"rendered":"Markierung der Radwegefurt im Kreisel in Eidinghausen"},"content":{"rendered":"<p><cite>[Sehr geehrte Damen und Herren,]<br \/>\n<br \/>\nder Kreisel in Eidinghausen ist &#8222;eigentlich&#8220; ordentlich gebaut. Die Beschilderung ist eindeutig und \u00fcbersichtlich ist er auch. Leider sind etliche Teilnehmer des motorisierten Individualverkehrs nicht besonders regelfest. Dies, gepaart mit einer Portion Egoismus, Ignoranz und Aggressivit\u00e4t, f\u00fchrt dazu, dass es dort regelm\u00e4\u00dfig zu gef\u00e4hrlichen Situationen kommt.<br \/>\n<br \/>\nSiehe auch: &#8222;<a href=\"https:\/\/www.andreas-edler.de\/blog\/2021\/04\/vorfahrt-im-kreisel-in-eidinghausen\/\" rel=\"noopener\" target=\"_blank\">Vorfahrt im Kreisel in Eidinghausen<\/a>&#8222;. \u00c4hnliche Begebenheiten wurden mir auch von Dritten schon mehrfach geschildert.<br \/>\n<br \/>\nEin probates Mittel, um die Situation noch eindeutiger zu machen, w\u00e4re die Einf\u00e4rbung der Radverkehrsfurten im Kreisel in roter Farbe. Merkw\u00fcrdigerweise ist dies im gesamten Verlauf der Eidinghausener Stra\u00dfe an allen Einm\u00fcndungen bereits in den vergangenen zwei Jahren geschehen, selbst dort, wo gar keine Benutzungspflicht mehr besteht. Lediglich der Kreisel wurde ausgenommen.<br \/>\n<br \/>\nIch bitte darum, hier eine entsprechende farbliche Markierung vorzusehen um die Stetigkeit der Radverkehrsinfrastruktur verdeutlichen und die Ma\u00dfnahme zeitnah umzusetzen. Dies ist ein zentraler Knotenpunkt auch f\u00fcr den Schulverkehr auf dem Weg zur wenige hundert Meter entfernten Grundschule in Eidinghausen.<br \/>\n<br \/>\nMit freundlichen Gr\u00fc\u00dfen<br \/>\n<br \/>\nAndreas Edler<\/cite><\/p>\n","protected":false},"excerpt":{"rendered":"<p>[Sehr geehrte Damen und Herren,] der Kreisel in Eidinghausen ist &#8222;eigentlich&#8220; ordentlich gebaut. Die Beschilderung ist eindeutig und \u00fcbersichtlich ist er auch. Leider sind etliche Teilnehmer des motorisierten Individualverkehrs nicht besonders regelfest. Dies, gepaart mit einer Portion Egoismus, Ignoranz und &hellip;<\/p>\n<p class=\"read-more\"> <a class=\"more-link\" href=\"https:\/\/www.andreas-edler.de\/blog\/2021\/04\/markierung-der-radwegefurt-im-kreisel-in-eidinghausen\/\"> <span class=\"screen-reader-text\">Markierung der Radwegefurt im Kreisel in Eidinghausen<\/span> Weiterlesen &raquo;<\/a><\/p>\n","protected":false},"author":1,"featured_media":0,"comment_status":"open","ping_status":"open","sticky":false,"template":"","format":"standard","meta":{"ngg_post_thumbnail":0,"activitypub_content_warning":"","activitypub_content_visibility":"","activitypub_max_image_attachments":2,"activitypub_interaction_policy_quote":"anyone","activitypub_status":"","footnotes":""},"categories":[14,15,45,13],"tags":[109,477,413,419,262,110,478,352,251,361,168,241,474,374],"class_list":["post-167501","post","type-post","status-publish","format-standard","hentry","category-bad-oeynhausen","category-fahrrad","category-politik","category-verkehr","tag-adfc","tag-alltagsradverkehr","tag-alter-postweg","tag-eidinghausen","tag-eidinghausener-strasse","tag-fahrradfreundliche-stadt","tag-grundschule","tag-gruene","tag-infrastruktur","tag-kirchbreite","tag-klimafreundliche-mobilitaet","tag-radverkehrsanlagen","tag-schulweg","tag-verkehrswende"],"share_on_mastodon":{"url":"","error":""},"_links":{"self":[{"href":"https:\/\/www.andreas-edler.de\/blog\/wp-json\/wp\/v2\/posts\/167501","targetHints":{"allow":["GET"]}}],"collection":[{"href":"https:\/\/www.andreas-edler.de\/blog\/wp-json\/wp\/v2\/posts"}],"about":[{"href":"https:\/\/www.andreas-edler.de\/blog\/wp-json\/wp\/v2\/types\/post"}],"author":[{"embeddable":true,"href":"https:\/\/www.andreas-edler.de\/blog\/wp-json\/wp\/v2\/users\/1"}],"replies":[{"embeddable":true,"href":"https:\/\/www.andreas-edler.de\/blog\/wp-json\/wp\/v2\/comments?post=167501"}],"version-history":[{"count":0,"href":"https:\/\/www.andreas-edler.de\/blog\/wp-json\/wp\/v2\/posts\/167501\/revisions"}],"wp:attachment":[{"href":"https:\/\/www.andreas-edler.de\/blog\/wp-json\/wp\/v2\/media?parent=167501"}],"wp:term":[{"taxonomy":"category","embeddable":true,"href":"https:\/\/www.andreas-edler.de\/blog\/wp-json\/wp\/v2\/categories?post=167501"},{"taxonomy":"post_tag","embeddable":true,"href":"https:\/\/www.andreas-edler.de\/blog\/wp-json\/wp\/v2\/tags?post=167501"}],"curies":[{"name":"wp","href":"https:\/\/api.w.org\/{rel}","templated":true}]}}