{"id":167393,"date":"2021-03-16T13:48:09","date_gmt":"2021-03-16T12:48:09","guid":{"rendered":"https:\/\/www.andreas-edler.de\/blog\/?p=167393"},"modified":"2021-03-16T13:48:09","modified_gmt":"2021-03-16T12:48:09","slug":"ergebnisse-des-fahrradklimatest-2020-fuer-bad-oeynhausen","status":"publish","type":"post","link":"https:\/\/www.andreas-edler.de\/blog\/2021\/03\/ergebnisse-des-fahrradklimatest-2020-fuer-bad-oeynhausen\/","title":{"rendered":"Ergebnisse des Fahrradklimatest 2020 f\u00fcr Bad Oeynhausen"},"content":{"rendered":"<p>Alle zwei Jahre befragt der <a href=\"https:\/\/www.adfc.de\/\" rel=\"noopener\" target=\"_blank\">ADFC<\/a> die Fahrradfahrenden im Land nach deren Meinung zum Radverkehr in ihren Kommunen und ver\u00f6ffentlicht die Ergebnisse in Form eines <a href=\"https:\/\/fahrradklima-test.adfc.de\/\" rel=\"noopener\" target=\"_blank\">Fahrradklimatests<\/a>. Auch in diesem Jahr waren wir wieder aufgefordert, unsere Meinung kund zu tun. Aus Bad Oeynhausen haben sich 70 Personen an dieser Umfrage beteiligt. In der Vergangenheit f\u00fchrte die Zahl der Teilnehmenden dann durchaus schon mal zu spitzen Bemerkungen seitens der Radverkehrsbeauftragten, welche die Relevanz der Befragung anzweifelte. Kann man so sehen &#8230; vor allen Dingen in dem Job. <!--more--><br \/>\n<figure id=\"attachment_167394\" aria-describedby=\"caption-attachment-167394\" style=\"width: 466px\" class=\"wp-caption aligncenter\"><a href=\"https:\/\/www.andreas-edler.de\/blog\/wp-content\/uploads\/2021\/03\/2021-03-16_fahrradklimatest.png\"><img loading=\"lazy\" decoding=\"async\" src=\"https:\/\/www.andreas-edler.de\/blog\/wp-content\/uploads\/2021\/03\/2021-03-16_fahrradklimatest.png\" alt=\"\" width=\"466\" height=\"52\" class=\"size-full wp-image-167394\" srcset=\"https:\/\/www.andreas-edler.de\/blog\/wp-content\/uploads\/2021\/03\/2021-03-16_fahrradklimatest.png 466w, https:\/\/www.andreas-edler.de\/blog\/wp-content\/uploads\/2021\/03\/2021-03-16_fahrradklimatest-250x28.png 250w, https:\/\/www.andreas-edler.de\/blog\/wp-content\/uploads\/2021\/03\/2021-03-16_fahrradklimatest-100x11.png 100w, https:\/\/www.andreas-edler.de\/blog\/wp-content\/uploads\/2021\/03\/2021-03-16_fahrradklimatest-150x17.png 150w, https:\/\/www.andreas-edler.de\/blog\/wp-content\/uploads\/2021\/03\/2021-03-16_fahrradklimatest-200x22.png 200w, https:\/\/www.andreas-edler.de\/blog\/wp-content\/uploads\/2021\/03\/2021-03-16_fahrradklimatest-300x33.png 300w, https:\/\/www.andreas-edler.de\/blog\/wp-content\/uploads\/2021\/03\/2021-03-16_fahrradklimatest-450x50.png 450w\" sizes=\"auto, (max-width: 466px) 100vw, 466px\" \/><\/a><figcaption id=\"caption-attachment-167394\" class=\"wp-caption-text\">Ergebnis des Fahrradklimatest 2020<\/figcaption><\/figure><br \/>\n<a href=\"https:\/\/www.andreas-edler.de\/blog\/2019\/04\/adfc-fahrradklimatest-2018-fuer-bad-oeynhausen\/\" rel=\"noopener\" target=\"_blank\">Beim letzten Mal<\/a> haben wir mit einer Gesamtnote von 4,24 besser abeschnitten, als im Jahr 2016, als wir eine 4,32 erzielten.<br \/>\n<br \/>\nDiese Aufw\u00e4rtsrally konnten wir zwei Jahre sp\u00e4ter fortsetzen und finden uns nun auf Platz 319 von 415 in der Gr\u00f6\u00dfenordnung der St\u00e4dte bis 50.000 Einwohner! Dazu reichte uns eine Gesamtnote von 4,18 &#8230; ich bin begeistert! Nicht.<br \/>\n<br \/>\nWie erwartet und jeder sehen kann, der als Alltagsradfahrender durch Bad Oeynhausen f\u00e4hrt, hat sich genau gar nichts verbessert. Es wird aber &#8211; au\u00dfer Abstellanlagen in der Innenstadt &#8211; nichts getan. Einzig &#8222;positive&#8220; Note ist eine 3,2 f\u00fcr \u00f6ffentlich zur Verf\u00fcgung stehende Fahrr\u00e4der. Der Rest ist durchg\u00e4ngig mies bewertet worden. Leider habe ich mit nichts anderem gerechnet :-(<br \/>\n<br \/>\nDie Nachbarstadt Vlotho liegt \u00fcbrigens mit einer 3,58 deutlich vor uns. Und auch L\u00f6hne ist mit 4,0 zwar nicht weit, so doch sichtbar vor uns platziert. Insgesamt sind die Ergebnisse aber mehrheitlich alles andere als gut. Nichts, auf dem sich selbst die Siegerkommunen ausruhen sollten. Liest und schreibt man in der Fahrradbubble in den sozialen Medien mit, so ist auch das allerdings keine \u00dcberraschung.<\/p>\n","protected":false},"excerpt":{"rendered":"<p>Alle zwei Jahre befragt der ADFC die Fahrradfahrenden im Land nach deren Meinung zum Radverkehr in ihren Kommunen und ver\u00f6ffentlicht die Ergebnisse in Form eines Fahrradklimatests. Auch in diesem Jahr waren wir wieder aufgefordert, unsere Meinung kund zu tun. Aus &hellip;<\/p>\n<p class=\"read-more\"> <a class=\"more-link\" href=\"https:\/\/www.andreas-edler.de\/blog\/2021\/03\/ergebnisse-des-fahrradklimatest-2020-fuer-bad-oeynhausen\/\"> <span class=\"screen-reader-text\">Ergebnisse des Fahrradklimatest 2020 f\u00fcr Bad Oeynhausen<\/span> Weiterlesen &raquo;<\/a><\/p>\n","protected":false},"author":1,"featured_media":0,"comment_status":"open","ping_status":"open","sticky":false,"template":"","format":"standard","meta":{"ngg_post_thumbnail":0,"activitypub_content_warning":"","activitypub_content_visibility":"","activitypub_max_image_attachments":2,"activitypub_interaction_policy_quote":"anyone","activitypub_status":"","footnotes":""},"categories":[14,15,45,13],"tags":[109,110,406,251,33,77,72],"class_list":["post-167393","post","type-post","status-publish","format-standard","hentry","category-bad-oeynhausen","category-fahrrad","category-politik","category-verkehr","tag-adfc","tag-fahrradfreundliche-stadt","tag-fahrradklimatest","tag-infrastruktur","tag-service","tag-stadtrat","tag-verwaltung"],"share_on_mastodon":{"url":"","error":""},"_links":{"self":[{"href":"https:\/\/www.andreas-edler.de\/blog\/wp-json\/wp\/v2\/posts\/167393","targetHints":{"allow":["GET"]}}],"collection":[{"href":"https:\/\/www.andreas-edler.de\/blog\/wp-json\/wp\/v2\/posts"}],"about":[{"href":"https:\/\/www.andreas-edler.de\/blog\/wp-json\/wp\/v2\/types\/post"}],"author":[{"embeddable":true,"href":"https:\/\/www.andreas-edler.de\/blog\/wp-json\/wp\/v2\/users\/1"}],"replies":[{"embeddable":true,"href":"https:\/\/www.andreas-edler.de\/blog\/wp-json\/wp\/v2\/comments?post=167393"}],"version-history":[{"count":0,"href":"https:\/\/www.andreas-edler.de\/blog\/wp-json\/wp\/v2\/posts\/167393\/revisions"}],"wp:attachment":[{"href":"https:\/\/www.andreas-edler.de\/blog\/wp-json\/wp\/v2\/media?parent=167393"}],"wp:term":[{"taxonomy":"category","embeddable":true,"href":"https:\/\/www.andreas-edler.de\/blog\/wp-json\/wp\/v2\/categories?post=167393"},{"taxonomy":"post_tag","embeddable":true,"href":"https:\/\/www.andreas-edler.de\/blog\/wp-json\/wp\/v2\/tags?post=167393"}],"curies":[{"name":"wp","href":"https:\/\/api.w.org\/{rel}","templated":true}]}}