{"id":167318,"date":"2021-02-20T10:17:57","date_gmt":"2021-02-20T09:17:57","guid":{"rendered":"https:\/\/www.andreas-edler.de\/blog\/?p=167318"},"modified":"2021-02-20T10:17:57","modified_gmt":"2021-02-20T09:17:57","slug":"praesenzunterricht-am-immanuel-kant-gymnasium","status":"publish","type":"post","link":"https:\/\/www.andreas-edler.de\/blog\/2021\/02\/praesenzunterricht-am-immanuel-kant-gymnasium\/","title":{"rendered":"Pr\u00e4senzunterricht am Immanuel-Kant-Gymnasium"},"content":{"rendered":"<p><cite>Hallo und guten Morgen,<br \/>\nAm Fr., 19. Feb. 2021 um 12:31 Uhr schrieb xxxxxxx xxxxxxx (Stadt Bad Oeynhausen) <xxxxxxxxx@badoeynhausen.de>:<br \/>\n<br \/>\n> &#8230;\u00a0 durften wir am Montag mitteilen, dass ihr Pr\u00e4senzunterricht<br \/>\n> ab dem kommenden Montag beginnt.<br \/>\n> Das hat bei uns, aber ganz sicher auch bei Ihren Kindern und bei<br \/>\n> Ihnen f\u00fcr Freude gesorgt.<br \/>\n<br \/>\nIch habe tats\u00e4chlich noch niemanden getroffen, der aufgrund des erneuten Beginns von Pr\u00e4senzunterricht in dieser pandemischen Situation so etwas wie &#8222;Freude&#8220; empfindet. Im Gegenteil, eigentlich erlebe ich lediglich verst\u00e4ndnisloses Kopfsch\u00fctteln. Beim lesen ihrer Zeilen in der Elternmail musste ich ganz sch\u00f6n die Stirn runzeln.<br \/>\n<br \/>\nMit freundlichen Gr\u00fc\u00dfen<br \/>\n<br \/>\nAndreas Edler<\/cite> <!--more--><\/p>\n<p>Es ist sicher so, dass es f\u00fcr viele Menschen schwierig ist, die Kinderbetreuung zu organisieren und ganz sicher ist es auch so, dass durch den Beginn des Pr\u00e4senzunterrichts viele Menschen wieder die M\u00f6glichkeit haben zur Arbeit zu gehen und sehr wahrscheinlich sind auch soziale Kontakte f\u00fcr viele Menschen sehr, sehr hilfreich.<\/p>\n<p>Aber &#8222;Freude&#8220; angesichts der Tatsache, sich wieder auf engem Raum mit vielen Menschen zu knubbeln, Kontaktvermeidung auszuhebeln w\u00e4hrend gleichzeitig hochansteckende Mutationen eines Virus auf dem Vormarsch sind, kann ich &#8211; und wom\u00f6glich auch viele andere &#8211; nicht empfinden.<\/p>\n<p>Diese Formulierung h\u00e4tte weg gelassen werden sollen!<\/p>\n","protected":false},"excerpt":{"rendered":"<p>Hallo und guten Morgen, Am Fr., 19. Feb. 2021 um 12:31 Uhr schrieb xxxxxxx xxxxxxx (Stadt Bad Oeynhausen) : > &#8230;\u00a0 durften wir am Montag mitteilen, dass ihr Pr\u00e4senzunterricht > ab dem kommenden Montag beginnt. > Das hat bei uns, &hellip;<\/p>\n<p class=\"read-more\"> <a class=\"more-link\" href=\"https:\/\/www.andreas-edler.de\/blog\/2021\/02\/praesenzunterricht-am-immanuel-kant-gymnasium\/\"> <span class=\"screen-reader-text\">Pr\u00e4senzunterricht am Immanuel-Kant-Gymnasium<\/span> Weiterlesen &raquo;<\/a><\/p>\n","protected":false},"author":1,"featured_media":0,"comment_status":"open","ping_status":"open","sticky":false,"template":"","format":"standard","meta":{"ngg_post_thumbnail":0,"activitypub_content_warning":"","activitypub_content_visibility":"","activitypub_max_image_attachments":2,"activitypub_interaction_policy_quote":"anyone","activitypub_status":"","footnotes":""},"categories":[14,18],"tags":[469,7,34,78],"class_list":["post-167318","post","type-post","status-publish","format-standard","hentry","category-bad-oeynhausen","category-fraglich","tag-corona","tag-gesundheit","tag-kommunikation","tag-schule"],"share_on_mastodon":{"url":"","error":""},"_links":{"self":[{"href":"https:\/\/www.andreas-edler.de\/blog\/wp-json\/wp\/v2\/posts\/167318","targetHints":{"allow":["GET"]}}],"collection":[{"href":"https:\/\/www.andreas-edler.de\/blog\/wp-json\/wp\/v2\/posts"}],"about":[{"href":"https:\/\/www.andreas-edler.de\/blog\/wp-json\/wp\/v2\/types\/post"}],"author":[{"embeddable":true,"href":"https:\/\/www.andreas-edler.de\/blog\/wp-json\/wp\/v2\/users\/1"}],"replies":[{"embeddable":true,"href":"https:\/\/www.andreas-edler.de\/blog\/wp-json\/wp\/v2\/comments?post=167318"}],"version-history":[{"count":0,"href":"https:\/\/www.andreas-edler.de\/blog\/wp-json\/wp\/v2\/posts\/167318\/revisions"}],"wp:attachment":[{"href":"https:\/\/www.andreas-edler.de\/blog\/wp-json\/wp\/v2\/media?parent=167318"}],"wp:term":[{"taxonomy":"category","embeddable":true,"href":"https:\/\/www.andreas-edler.de\/blog\/wp-json\/wp\/v2\/categories?post=167318"},{"taxonomy":"post_tag","embeddable":true,"href":"https:\/\/www.andreas-edler.de\/blog\/wp-json\/wp\/v2\/tags?post=167318"}],"curies":[{"name":"wp","href":"https:\/\/api.w.org\/{rel}","templated":true}]}}