{"id":167260,"date":"2021-01-31T14:39:12","date_gmt":"2021-01-31T13:39:12","guid":{"rendered":"https:\/\/www.andreas-edler.de\/blog\/?p=167260"},"modified":"2021-01-31T14:50:20","modified_gmt":"2021-01-31T13:50:20","slug":"gehweg-am-grossen-weserbogen","status":"publish","type":"post","link":"https:\/\/www.andreas-edler.de\/blog\/2021\/01\/gehweg-am-grossen-weserbogen\/","title":{"rendered":"Gehweg Am Gro\u00dfen Weserbogen"},"content":{"rendered":"<p>Am 29.04.2018 habe ich dr\u00fcben bei den Gr\u00fcnen unseren Antrag auf Erstellung eines Gehwegs an der Stra\u00dfe Am Gro\u00dfen Weserbogen gepostet.<\/p>\n<p><cite><strong><a href=\"https:\/\/www.gruene-badoeynhausen.de\/wp\/2018\/04\/antrag-gehweg-an-der-strasse-am-grossen-weserbogen\/\">Beschlussvorschlag<\/a><\/strong><br \/>\nDie Verwaltung pr\u00fcft die Anlage eines Gehwegs in der Stra\u00dfe Am Gro\u00dfen Weserbogen auf dem Teilst\u00fcck zwischen den Stra\u00dfen Zur Werrem\u00fcndung und Dehmer Stra\u00dfe und stellt die Kostensch\u00e4tzung im n\u00e4chsten Ausschuss vor. <\/cite><\/p>\n<p>Nicht ganz ein halbes Jahr sp\u00e4ter wurde es auch schon im Ausschuss f\u00fcr Stadtentwicklung vorgestellt, wenn auch nicht sofort in G\u00e4nze beschlossen.<\/p>\n<p><cite><strong><a href=\"https:\/\/www.sitzungsdienst-bad-oeynhausen.de\/bi\/to020.asp?TOLFDNR=18760\">Die Verwaltung soll erst noch eine detailliertere Kostensch\u00e4tzung vorlegen<\/a><\/strong><br \/>\nDie Verwaltung wird beauftragt, einen Gehweg auf der Nordseite entlang der Stra\u00dfe \u201eAm gro\u00dfen Weserbogen\u201c zwischen der Stra\u00dfe \u201eZur Werrem\u00fcndung\u201c und \u201eDehmer Stra\u00dfe\u201c im Rahmen der Schulwegsicherung zu errichten. Erforderliche Abstimmungen mit Stra\u00dfen.NRW sind zu f\u00fchren. Vor Umsetzung der Ma\u00dfnahme ist seitens der Verwaltung eine Kostensch\u00e4tzung durchzuf\u00fchren und diese dem Ausschuss vorzustellen.<\/cite><\/p>\n<p>Nur ein und einviertel Jahr sp\u00e4ter gab es im Ausschuss f\u00fcr Stadtentwicklung eine kurze Bekanntgabe.<\/p>\n<p><cite><strong><a href=\"https:\/\/www.sitzungsdienst-bad-oeynhausen.de\/bi\/vo020.asp?VOLFDNR=10117\">An der im Sachverhalt geschilderten Situation hat sich nichts ver\u00e4ndert.<\/a><\/strong><br \/>\nDie Autobahnniederlassung hat zwischenzeitlich ihre Zustimmung zu dem Gehweg auf dem Autobahntunnel erkl\u00e4rt. Eine \u00dcberpr\u00fcfung der Planung hat eine Kostenbedarf von ca. 50.000 \u20ac ergeben. Die Ausschreibung der Arbeiten soll in 2019 und die Umsetzung &#8211; wie bereits in der Vorlagen vom 13.09.2018 vorgesehen \u2013 2020 erfolgen. Fragen zur Kostensch\u00e4tzung k\u00f6nnen in der Sitzung gestellt werden. <\/cite><\/p>\n<p>Das sind ca. 19.000 Euro mehr, als die Verwaltung mehr als ein Jahr vorher selbst gesch\u00e4tzt hat und die Statdwerke zusicherten, es f\u00fcr den Preis herstellen zu k\u00f6nnen. Es ging rasant weiter. Nur ein weiteres Jahr sp\u00e4ter wurde im Ausschuss genaueres verlautbart.<\/p>\n<p><cite><strong><a href=\"https:\/\/www.sitzungsdienst-bad-oeynhausen.de\/bi\/vo020.asp?VOLFDNR=10455\">Die Arbeiten zur Errichtung eines Gehweges an der Stra\u00dfe \u201eAm Gro\u00dfen Weserbogen\u201c wurden im Oktober 2020 ausgeschrieben.<\/a><\/strong><br \/>\nZum Submissionstermin lagen f\u00fcnf wertbare Angebote vor. Das wirtschaftlichste Angebot endet mit 44.642,23 \u20ac (brutto), das teuerste Angebot mit 61.072,75 \u20ac (brutto).<br \/>\nDie Vergabe liegt derzeit beim RPA zur Zustimmung. Je nach Witterung ist mit einer kurzfristigen Fertigstellung des Gehweges im Fr\u00fchjahr 2021 zu rechnen.<\/cite><\/p>\n<p>\u00dcber zwei Jahre nach unserem Antrag eine Kostensteigerung von lediglich 13.000 Euro &#8230; da haben wir schon ganz andere Brummer im Ausschuss gehabt. Nunja, es sollte also losgehen.<\/p>\n<figure id=\"attachment_167262\" aria-describedby=\"caption-attachment-167262\" style=\"width: 470px\" class=\"wp-caption aligncenter\"><a href=\"https:\/\/www.andreas-edler.de\/blog\/wp-content\/uploads\/2021\/01\/2021-01-23-16.33.32.jpg\"><img loading=\"lazy\" decoding=\"async\" src=\"https:\/\/www.andreas-edler.de\/blog\/wp-content\/uploads\/2021\/01\/2021-01-23-16.33.32-470x113.jpg\" alt=\"\" width=\"470\" height=\"113\" class=\"size-large wp-image-167262\" srcset=\"https:\/\/www.andreas-edler.de\/blog\/wp-content\/uploads\/2021\/01\/2021-01-23-16.33.32-470x113.jpg 470w, https:\/\/www.andreas-edler.de\/blog\/wp-content\/uploads\/2021\/01\/2021-01-23-16.33.32-250x60.jpg 250w, https:\/\/www.andreas-edler.de\/blog\/wp-content\/uploads\/2021\/01\/2021-01-23-16.33.32-768x184.jpg 768w, https:\/\/www.andreas-edler.de\/blog\/wp-content\/uploads\/2021\/01\/2021-01-23-16.33.32-100x24.jpg 100w, https:\/\/www.andreas-edler.de\/blog\/wp-content\/uploads\/2021\/01\/2021-01-23-16.33.32-150x36.jpg 150w, https:\/\/www.andreas-edler.de\/blog\/wp-content\/uploads\/2021\/01\/2021-01-23-16.33.32-200x48.jpg 200w, https:\/\/www.andreas-edler.de\/blog\/wp-content\/uploads\/2021\/01\/2021-01-23-16.33.32-300x72.jpg 300w, https:\/\/www.andreas-edler.de\/blog\/wp-content\/uploads\/2021\/01\/2021-01-23-16.33.32-450x108.jpg 450w, https:\/\/www.andreas-edler.de\/blog\/wp-content\/uploads\/2021\/01\/2021-01-23-16.33.32-600x144.jpg 600w, https:\/\/www.andreas-edler.de\/blog\/wp-content\/uploads\/2021\/01\/2021-01-23-16.33.32-900x216.jpg 900w, https:\/\/www.andreas-edler.de\/blog\/wp-content\/uploads\/2021\/01\/2021-01-23-16.33.32.jpg 1280w\" sizes=\"auto, (max-width: 470px) 100vw, 470px\" \/><\/a><figcaption id=\"caption-attachment-167262\" class=\"wp-caption-text\">Neuer Gehweg Am Gro\u00dfen Weserbogen<\/figcaption><\/figure>\n<p>Habe ich richtig gerechnet? Dreiundrei\u00dfig Monate nachdem wir den Antrag eingereicht haben, ist der Gehweg schon so gut wie fertig! Ich war ganz \u00fcberrascht, als ich da vor ein paar Tagen mit dem Fahrrad lang bin. Es ist doch noch gar nicht Fr\u00fchjahr! Sehr sch\u00f6n :-) Leider ist auch nicht mehr 2020 und schon gar nicht 2019.<\/p>\n","protected":false},"excerpt":{"rendered":"<p>Am 29.04.2018 habe ich dr\u00fcben bei den Gr\u00fcnen unseren Antrag auf Erstellung eines Gehwegs an der Stra\u00dfe Am Gro\u00dfen Weserbogen gepostet. Beschlussvorschlag Die Verwaltung pr\u00fcft die Anlage eines Gehwegs in der Stra\u00dfe Am Gro\u00dfen Weserbogen auf dem Teilst\u00fcck zwischen den &hellip;<\/p>\n<p class=\"read-more\"> <a class=\"more-link\" href=\"https:\/\/www.andreas-edler.de\/blog\/2021\/01\/gehweg-am-grossen-weserbogen\/\"> <span class=\"screen-reader-text\">Gehweg Am Gro\u00dfen Weserbogen<\/span> Weiterlesen &raquo;<\/a><\/p>\n","protected":false},"author":1,"featured_media":0,"comment_status":"open","ping_status":"open","sticky":false,"template":"","format":"standard","meta":{"ngg_post_thumbnail":0,"activitypub_content_warning":"","activitypub_content_visibility":"","activitypub_max_image_attachments":2,"activitypub_interaction_policy_quote":"anyone","activitypub_status":"","footnotes":""},"categories":[14,45,13],"tags":[368,237,124,369,208,251,64,474,77],"class_list":["post-167260","post","type-post","status-publish","format-standard","hentry","category-bad-oeynhausen","category-politik","category-verkehr","tag-am-grossen-weserbogen","tag-ausschuss-fuer-stadtentwicklung","tag-datensicherheit","tag-gehweg","tag-haushalt","tag-infrastruktur","tag-konsum","tag-schulweg","tag-stadtrat"],"share_on_mastodon":{"url":"","error":""},"_links":{"self":[{"href":"https:\/\/www.andreas-edler.de\/blog\/wp-json\/wp\/v2\/posts\/167260","targetHints":{"allow":["GET"]}}],"collection":[{"href":"https:\/\/www.andreas-edler.de\/blog\/wp-json\/wp\/v2\/posts"}],"about":[{"href":"https:\/\/www.andreas-edler.de\/blog\/wp-json\/wp\/v2\/types\/post"}],"author":[{"embeddable":true,"href":"https:\/\/www.andreas-edler.de\/blog\/wp-json\/wp\/v2\/users\/1"}],"replies":[{"embeddable":true,"href":"https:\/\/www.andreas-edler.de\/blog\/wp-json\/wp\/v2\/comments?post=167260"}],"version-history":[{"count":0,"href":"https:\/\/www.andreas-edler.de\/blog\/wp-json\/wp\/v2\/posts\/167260\/revisions"}],"wp:attachment":[{"href":"https:\/\/www.andreas-edler.de\/blog\/wp-json\/wp\/v2\/media?parent=167260"}],"wp:term":[{"taxonomy":"category","embeddable":true,"href":"https:\/\/www.andreas-edler.de\/blog\/wp-json\/wp\/v2\/categories?post=167260"},{"taxonomy":"post_tag","embeddable":true,"href":"https:\/\/www.andreas-edler.de\/blog\/wp-json\/wp\/v2\/tags?post=167260"}],"curies":[{"name":"wp","href":"https:\/\/api.w.org\/{rel}","templated":true}]}}