{"id":167223,"date":"2021-01-17T23:12:15","date_gmt":"2021-01-17T22:12:15","guid":{"rendered":"https:\/\/www.andreas-edler.de\/blog\/?p=167223"},"modified":"2021-01-17T23:12:15","modified_gmt":"2021-01-17T22:12:15","slug":"wijld-kleidung-aus-holz","status":"publish","type":"post","link":"https:\/\/www.andreas-edler.de\/blog\/2021\/01\/wijld-kleidung-aus-holz\/","title":{"rendered":"Wijld &#8211; Kleidung aus Holz"},"content":{"rendered":"<p>Vor etlichen Wochen unterhielten wir uns in einer Fraktionssitzung nebenbei \u00fcber nachhaltige und \u00f6kologische Kleidung, Unverpacktl\u00e4den und solche Sachen. Unter anderem schw\u00e4rmte ein Kollege von &#8222;<a href=\"https:\/\/www.wijld.com\/\" rel=\"noopener\" target=\"_blank\">Wijld<\/a>&#8220; und deren Klamotten. Das besondere daran ist das Material, es ist n\u00e4mlich zu 70% aus Holzfasern hergestellt. <!--more--><\/p>\n<p>Kratzt das nicht? Ich bin bei Wolle zum Beispiel extrem empfindlich, das kratzt f\u00fcrchterlich und ich drehe durch. Das kann ich nichtmal als Socken ertragen. Auch reine Synthetik ist auf dem Fahrrad f\u00fcr eine begrenzte Zeit OK, aber so richtig gem\u00fctlich ist auch anders. Deswegen hatte ich den Namen zwar gespeichert, aber nie richtig geschaut.<\/p>\n<p>Im Herbst wollte der Nachwuchs dann einen neuen Hoodie haben und da fiel mir die Firma wieder ein. Aufgerufen, geschaut, war dem Jungen vom Aussehen her nach der M\u00fctze, also bestellt. Zugegebenerma\u00dfen ist die Kleidung nicht ganz billig &#8211; aber hoffentlich den Preis wert. Geliefert wurde z\u00fcgig in einer Verpackung ohne Plastik und mit pers\u00f6nlichem Gru\u00df. Das machte einen guten Eindruck.<\/p>\n<figure id=\"attachment_167224\" aria-describedby=\"caption-attachment-167224\" style=\"width: 470px\" class=\"wp-caption aligncenter\"><a href=\"https:\/\/www.andreas-edler.de\/blog\/wp-content\/uploads\/2021\/01\/2021-01-17-17.45.12.jpg\"><img loading=\"lazy\" decoding=\"async\" src=\"https:\/\/www.andreas-edler.de\/blog\/wp-content\/uploads\/2021\/01\/2021-01-17-17.45.12-470x210.jpg\" alt=\"\" width=\"470\" height=\"210\" class=\"size-large wp-image-167224\" srcset=\"https:\/\/www.andreas-edler.de\/blog\/wp-content\/uploads\/2021\/01\/2021-01-17-17.45.12-470x210.jpg 470w, https:\/\/www.andreas-edler.de\/blog\/wp-content\/uploads\/2021\/01\/2021-01-17-17.45.12-250x112.jpg 250w, https:\/\/www.andreas-edler.de\/blog\/wp-content\/uploads\/2021\/01\/2021-01-17-17.45.12-768x343.jpg 768w, https:\/\/www.andreas-edler.de\/blog\/wp-content\/uploads\/2021\/01\/2021-01-17-17.45.12-100x45.jpg 100w, https:\/\/www.andreas-edler.de\/blog\/wp-content\/uploads\/2021\/01\/2021-01-17-17.45.12-150x67.jpg 150w, https:\/\/www.andreas-edler.de\/blog\/wp-content\/uploads\/2021\/01\/2021-01-17-17.45.12-200x89.jpg 200w, https:\/\/www.andreas-edler.de\/blog\/wp-content\/uploads\/2021\/01\/2021-01-17-17.45.12-300x134.jpg 300w, https:\/\/www.andreas-edler.de\/blog\/wp-content\/uploads\/2021\/01\/2021-01-17-17.45.12-450x201.jpg 450w, https:\/\/www.andreas-edler.de\/blog\/wp-content\/uploads\/2021\/01\/2021-01-17-17.45.12-600x268.jpg 600w, https:\/\/www.andreas-edler.de\/blog\/wp-content\/uploads\/2021\/01\/2021-01-17-17.45.12-900x401.jpg 900w, https:\/\/www.andreas-edler.de\/blog\/wp-content\/uploads\/2021\/01\/2021-01-17-17.45.12.jpg 1280w\" sizes=\"auto, (max-width: 470px) 100vw, 470px\" \/><\/a><figcaption id=\"caption-attachment-167224\" class=\"wp-caption-text\">T-Shirt, Longsleeves und Strickpulli von Wijld aus Holz<\/figcaption><\/figure>\n<p>Der Hoodie war erstaunlich schwer, erstaunlich fluffig und tr\u00e4gt sich ausgezeichnet. Ich hatte in XL bestellt, damit fahre ich meist sehr gut und der Junge ist zwar etwas gr\u00f6\u00dfer, aber nicht etwas rundlicher. Mal sehen. Passte auch ganz gut. Mir war der Hoodie am Bauch sehr stramm, dem Jungen waren die \u00c4rmel minimal zu kurz. Hat das Kleidungsst\u00fcck aber f\u00fcr gut befunden.<\/p>\n<p>Ich habe daraufhin erstmal ein Longsleeve &#8211; auch in XL &#8211; bestellt. Und was soll ich sagen, das sitzt super. Und f\u00fchlt sich genauso super an. Total leicht und weich, flie\u00dft quasi \u00fcber den Kopf. Gef\u00e4llt mir sehr. Es folgten dann noch zwei T-Shirts, ein Longsleeve und zuletzt ein Strickpullover. Es ist &#8211; neben den <a href=\"https:\/\/www.wijld.com\/nachhaltige-mode\" rel=\"noopener\" target=\"_blank\">Produktionsversprechen<\/a> &#8211; einfach die Tragequalit\u00e4t und die Optik. Falls jemand also nachhaltige, <a href=\"https:\/\/www.wijld.com\/de\/faire-kleidung-und-bio-t-shirts\" rel=\"noopener\" target=\"_blank\">faire Kleidung<\/a> sucht, die sich angenehm tr\u00e4gt und unaufdringlich aussieht: ruhig mal bei Wijld vorbei schauen.<\/p>\n<p><span style=\"font-size:xx-small;\">Anmerkung: Ich habe die Kleidung komplett selbst bezahlt, keinen Kontakt zu der Firma, der \u00fcber die Bestellformulare hinaus geht und bekomme auch nichts f\u00fcr diesen Beitrag. Tats\u00e4chlich wissen die nicht mal, dass ich den schreibe ;-)<\/span><\/p>\n","protected":false},"excerpt":{"rendered":"<p>Vor etlichen Wochen unterhielten wir uns in einer Fraktionssitzung nebenbei \u00fcber nachhaltige und \u00f6kologische Kleidung, Unverpacktl\u00e4den und solche Sachen. Unter anderem schw\u00e4rmte ein Kollege von &#8222;Wijld&#8220; und deren Klamotten. Das besondere daran ist das Material, es ist n\u00e4mlich zu 70% &hellip;<\/p>\n<p class=\"read-more\"> <a class=\"more-link\" href=\"https:\/\/www.andreas-edler.de\/blog\/2021\/01\/wijld-kleidung-aus-holz\/\"> <span class=\"screen-reader-text\">Wijld &#8211; Kleidung aus Holz<\/span> Weiterlesen &raquo;<\/a><\/p>\n","protected":false},"author":1,"featured_media":167224,"comment_status":"open","ping_status":"open","sticky":false,"template":"","format":"standard","meta":{"ngg_post_thumbnail":0,"activitypub_content_warning":"","activitypub_content_visibility":"","activitypub_max_image_attachments":2,"activitypub_interaction_policy_quote":"anyone","activitypub_status":"","footnotes":""},"categories":[1],"tags":[501,49,56,64,28,70],"class_list":["post-167223","post","type-post","status-publish","format-standard","has-post-thumbnail","hentry","category-allgemein","tag-fair","tag-hardware","tag-kleidung","tag-konsum","tag-test","tag-umwelt"],"share_on_mastodon":{"url":"","error":""},"_links":{"self":[{"href":"https:\/\/www.andreas-edler.de\/blog\/wp-json\/wp\/v2\/posts\/167223","targetHints":{"allow":["GET"]}}],"collection":[{"href":"https:\/\/www.andreas-edler.de\/blog\/wp-json\/wp\/v2\/posts"}],"about":[{"href":"https:\/\/www.andreas-edler.de\/blog\/wp-json\/wp\/v2\/types\/post"}],"author":[{"embeddable":true,"href":"https:\/\/www.andreas-edler.de\/blog\/wp-json\/wp\/v2\/users\/1"}],"replies":[{"embeddable":true,"href":"https:\/\/www.andreas-edler.de\/blog\/wp-json\/wp\/v2\/comments?post=167223"}],"version-history":[{"count":0,"href":"https:\/\/www.andreas-edler.de\/blog\/wp-json\/wp\/v2\/posts\/167223\/revisions"}],"wp:featuredmedia":[{"embeddable":true,"href":"https:\/\/www.andreas-edler.de\/blog\/wp-json\/wp\/v2\/media\/167224"}],"wp:attachment":[{"href":"https:\/\/www.andreas-edler.de\/blog\/wp-json\/wp\/v2\/media?parent=167223"}],"wp:term":[{"taxonomy":"category","embeddable":true,"href":"https:\/\/www.andreas-edler.de\/blog\/wp-json\/wp\/v2\/categories?post=167223"},{"taxonomy":"post_tag","embeddable":true,"href":"https:\/\/www.andreas-edler.de\/blog\/wp-json\/wp\/v2\/tags?post=167223"}],"curies":[{"name":"wp","href":"https:\/\/api.w.org\/{rel}","templated":true}]}}