{"id":167216,"date":"2021-01-17T11:50:16","date_gmt":"2021-01-17T10:50:16","guid":{"rendered":"https:\/\/www.andreas-edler.de\/blog\/?p=167216"},"modified":"2021-01-17T11:50:16","modified_gmt":"2021-01-17T10:50:16","slug":"verkehrsmittel-und-wetterlage-dezember-2020","status":"publish","type":"post","link":"https:\/\/www.andreas-edler.de\/blog\/2021\/01\/verkehrsmittel-und-wetterlage-dezember-2020\/","title":{"rendered":"Verkehrsmittel und Wetterlage Dezember 2020"},"content":{"rendered":"<p><a href=\"https:\/\/www.andreas-edler.de\/blog\/wp-content\/uploads\/2021\/01\/20201231_statistik.png\"><img loading=\"lazy\" decoding=\"async\" src=\"https:\/\/www.andreas-edler.de\/blog\/wp-content\/uploads\/2021\/01\/20201231_statistik-250x84.png\" alt=\"Die Zahlen von Januar bis Dezember 2020\" width=\"250\" height=\"84\" class=\"alignright size-medium wp-image-167220\" srcset=\"https:\/\/www.andreas-edler.de\/blog\/wp-content\/uploads\/2021\/01\/20201231_statistik-250x84.png 250w, https:\/\/www.andreas-edler.de\/blog\/wp-content\/uploads\/2021\/01\/20201231_statistik-470x158.png 470w, https:\/\/www.andreas-edler.de\/blog\/wp-content\/uploads\/2021\/01\/20201231_statistik-768x258.png 768w, https:\/\/www.andreas-edler.de\/blog\/wp-content\/uploads\/2021\/01\/20201231_statistik-100x34.png 100w, https:\/\/www.andreas-edler.de\/blog\/wp-content\/uploads\/2021\/01\/20201231_statistik-150x50.png 150w, https:\/\/www.andreas-edler.de\/blog\/wp-content\/uploads\/2021\/01\/20201231_statistik-200x67.png 200w, https:\/\/www.andreas-edler.de\/blog\/wp-content\/uploads\/2021\/01\/20201231_statistik-300x101.png 300w, https:\/\/www.andreas-edler.de\/blog\/wp-content\/uploads\/2021\/01\/20201231_statistik-450x151.png 450w, https:\/\/www.andreas-edler.de\/blog\/wp-content\/uploads\/2021\/01\/20201231_statistik-600x201.png 600w, https:\/\/www.andreas-edler.de\/blog\/wp-content\/uploads\/2021\/01\/20201231_statistik-900x302.png 900w, https:\/\/www.andreas-edler.de\/blog\/wp-content\/uploads\/2021\/01\/20201231_statistik.png 906w\" sizes=\"auto, (max-width: 250px) 100vw, 250px\" \/><\/a> Das neue Jahr ist schon wieder fast drei Wochen alt und ich habe noch nicht die Statistik f\u00fcr die Verkehrsmittel und Wetterlage ver\u00f6ffentlicht &#8211; dabei ist das doch sogar die Jahresabrechnung. Dann mal schnell ein paar Screenshots gemacht. Trotz d\u00fcnner Schneedecke drau\u00dfen, habe ich n\u00e4mlich gerade keine Lust eine Runde in der kalten Luft zu drehen. Eigentlich h\u00e4tte 2020 ein super Jahr werden k\u00f6nnen, was mein Verh\u00e4ltnis von Fahrten ins B\u00fcro mit dem Auto im Vergleich zu denen mit dem Fahrrad angeht. Eine Biopsie der Prostata im Juni sorgte aber &#8211; neben eher m\u00e4\u00dfiger Stimmung in den Monaten davor &#8211; f\u00fcr ein zweiw\u00f6chiges Fahrradverbot im Juni. Ziehe ich also von den 14 Fahrten mit dem Auto zum Arbeitsplatz die krankheitsbedingten acht Fahrten ab, bleiben nur noch 6 \u00fcbrig. Aber auch 14 mal hinters Steuer setzen und 219 mal den Lenker nehmen ist auch OK. <!--more--><\/p>\n<p><a href=\"https:\/\/www.andreas-edler.de\/blog\/wp-content\/uploads\/2021\/01\/20201231_verkehrsmittel.png\"><img loading=\"lazy\" decoding=\"async\" src=\"https:\/\/www.andreas-edler.de\/blog\/wp-content\/uploads\/2021\/01\/20201231_verkehrsmittel-470x303.png\" alt=\"Die genutzten Verkehrsmittel von Januar bis Dezember 2020\" width=\"470\" height=\"303\" class=\"aligncenter size-large wp-image-167218\" srcset=\"https:\/\/www.andreas-edler.de\/blog\/wp-content\/uploads\/2021\/01\/20201231_verkehrsmittel-470x303.png 470w, https:\/\/www.andreas-edler.de\/blog\/wp-content\/uploads\/2021\/01\/20201231_verkehrsmittel-250x161.png 250w, https:\/\/www.andreas-edler.de\/blog\/wp-content\/uploads\/2021\/01\/20201231_verkehrsmittel-100x65.png 100w, https:\/\/www.andreas-edler.de\/blog\/wp-content\/uploads\/2021\/01\/20201231_verkehrsmittel-150x97.png 150w, https:\/\/www.andreas-edler.de\/blog\/wp-content\/uploads\/2021\/01\/20201231_verkehrsmittel-200x129.png 200w, https:\/\/www.andreas-edler.de\/blog\/wp-content\/uploads\/2021\/01\/20201231_verkehrsmittel-300x194.png 300w, https:\/\/www.andreas-edler.de\/blog\/wp-content\/uploads\/2021\/01\/20201231_verkehrsmittel-450x291.png 450w, https:\/\/www.andreas-edler.de\/blog\/wp-content\/uploads\/2021\/01\/20201231_verkehrsmittel-600x387.png 600w, https:\/\/www.andreas-edler.de\/blog\/wp-content\/uploads\/2021\/01\/20201231_verkehrsmittel.png 666w\" sizes=\"auto, (max-width: 470px) 100vw, 470px\" \/><\/a><\/p>\n<p>Das Verh\u00e4ltnis ist also 6,4% zu 93,6% zugunsten des Fahrrad. Das war im letzten Jahr tats\u00e4chlich besser. Ich bin angesichts der Umst\u00e4nde aber zufrieden. Ich f\u00fchle mich an den Tagen, an denen ich mit dem Auto ins B\u00fcro oder auch nur eine Kleinigkeit einkaufen fahre, sogar ein bisschen schlecht. Im Sinne von schlechtes Gewissen. Dann \u00e4rgere ich mich, aus Bequemlichkeit doch nicht das Rad genommen zu haben. Und \u00e4rgere mich gleichzeitig, einen Parkplatz suchen zu m\u00fcssen und eventuell im Stau zu stehen, weil der Verkehr vom Parkplatz am Werrepark nicht abflie\u00dft. Ich vermute, das ist bei den allermeisten anderen Verkehrsteilnehmern nicht so. Somit also der Grund, warum sich nicht signifikant etwas \u00e4ndert. Den meisten ist es egal.<\/p>\n<p><a href=\"https:\/\/www.andreas-edler.de\/blog\/wp-content\/uploads\/2021\/01\/20201231_wegstrecke.png\"><img loading=\"lazy\" decoding=\"async\" src=\"https:\/\/www.andreas-edler.de\/blog\/wp-content\/uploads\/2021\/01\/20201231_wegstrecke-470x300.png\" alt=\"Zur\u00fcckgelegte Wegstrecken von Januar bis Dezember 2020\" width=\"470\" height=\"300\" class=\"aligncenter size-large wp-image-167217\" srcset=\"https:\/\/www.andreas-edler.de\/blog\/wp-content\/uploads\/2021\/01\/20201231_wegstrecke-470x300.png 470w, https:\/\/www.andreas-edler.de\/blog\/wp-content\/uploads\/2021\/01\/20201231_wegstrecke-250x160.png 250w, https:\/\/www.andreas-edler.de\/blog\/wp-content\/uploads\/2021\/01\/20201231_wegstrecke-100x64.png 100w, https:\/\/www.andreas-edler.de\/blog\/wp-content\/uploads\/2021\/01\/20201231_wegstrecke-150x96.png 150w, https:\/\/www.andreas-edler.de\/blog\/wp-content\/uploads\/2021\/01\/20201231_wegstrecke-200x128.png 200w, https:\/\/www.andreas-edler.de\/blog\/wp-content\/uploads\/2021\/01\/20201231_wegstrecke-300x192.png 300w, https:\/\/www.andreas-edler.de\/blog\/wp-content\/uploads\/2021\/01\/20201231_wegstrecke-450x287.png 450w, https:\/\/www.andreas-edler.de\/blog\/wp-content\/uploads\/2021\/01\/20201231_wegstrecke-600x383.png 600w, https:\/\/www.andreas-edler.de\/blog\/wp-content\/uploads\/2021\/01\/20201231_wegstrecke.png 667w\" sizes=\"auto, (max-width: 470px) 100vw, 470px\" \/><\/a><\/p>\n<p>Bei den gefahrenen Kilometern sieht es aufgrund der kurzen Wegstrecke auf niedrigem Niveau \u00e4hnlich aus, wie beim Verh\u00e4ltnis der reinen Fahrten. Eher sind die Kilometer f\u00fcr das Auto sogar etwas &#8222;zu hoch&#8220;, weil ich es ja gerade dann nutze, wenn ich weitere Strecken fahre. So sind zwei Filialfahrten mit jeweils \u00fcber 40 Kilometern in den 138,5 Kilometern enthalten, welche die gefahrenen KFZ-Strecken nach mehr aussehen lassen, als sie anteilsm\u00e4\u00dfig gewesen w\u00e4ren.<\/p>\n<p><a href=\"https:\/\/www.andreas-edler.de\/blog\/wp-content\/uploads\/2021\/01\/20201231_wetterlage.png\"><img loading=\"lazy\" decoding=\"async\" src=\"https:\/\/www.andreas-edler.de\/blog\/wp-content\/uploads\/2021\/01\/20201231_wetterlage-470x227.png\" alt=\"Das Wetter von Januar bis Dezember 2020\" width=\"470\" height=\"227\" class=\"aligncenter size-large wp-image-167219\" srcset=\"https:\/\/www.andreas-edler.de\/blog\/wp-content\/uploads\/2021\/01\/20201231_wetterlage-470x227.png 470w, https:\/\/www.andreas-edler.de\/blog\/wp-content\/uploads\/2021\/01\/20201231_wetterlage-250x120.png 250w, https:\/\/www.andreas-edler.de\/blog\/wp-content\/uploads\/2021\/01\/20201231_wetterlage-100x48.png 100w, https:\/\/www.andreas-edler.de\/blog\/wp-content\/uploads\/2021\/01\/20201231_wetterlage-150x72.png 150w, https:\/\/www.andreas-edler.de\/blog\/wp-content\/uploads\/2021\/01\/20201231_wetterlage-200x96.png 200w, https:\/\/www.andreas-edler.de\/blog\/wp-content\/uploads\/2021\/01\/20201231_wetterlage-300x145.png 300w, https:\/\/www.andreas-edler.de\/blog\/wp-content\/uploads\/2021\/01\/20201231_wetterlage-450x217.png 450w, https:\/\/www.andreas-edler.de\/blog\/wp-content\/uploads\/2021\/01\/20201231_wetterlage-600x289.png 600w, https:\/\/www.andreas-edler.de\/blog\/wp-content\/uploads\/2021\/01\/20201231_wetterlage.png 666w\" sizes=\"auto, (max-width: 470px) 100vw, 470px\" \/><\/a><\/p>\n<p>Joa, das Wetter war wie immer, meistens trocken. Und ich habe schon mehrfach erkl\u00e4rt, wie ich &#8222;trocken&#8220; f\u00fcr mich und diese Auswertung definiere: ich bleibe trocken! Es z\u00e4hlt das Wetter, wenn ich mit dem Fahrrad auf dem Weg ins B\u00fcro bin. Regnet es dann, dann kreuze ich Regen an. Wenn der Nebel etwas dicker ist, die Klamotten davon aber nicht ernsthaft nass werden, dann ist es Nebel. Alles andere ist trocken. Es kann also sein, dass ich trocken ins B\u00fcro und zur\u00fcck gefahren bin, obwohl es 3\/4 des Tages Katzen geregnet hat. In einem kleinen Fenster kann ich mir aussuchen, wann ich ins B\u00fcro und zur\u00fcck fahre. Trotz Gleitzeit kann ich nicht einfach &#8217;ne Stunde sp\u00e4ter kommen oder fr\u00fcher fahren. Wenn es also darum geht, Wetterl\u00fccken abzupassen, dann reden wir hier von einigen Minuten bis zu einer halben Stunde. Mehr aber auch wirklich nicht. Dies zur Erkl\u00e4rung, weil ich schon mehrfach gesagt bekommen habe, ich k\u00f6nnte ja fahren wann ich will.<\/p>\n<p>Insgesamt behauptet Garmin-Connect, ich sei vom 01.01.2020 bis zum 31.12.2020 ganze 2.946,53 Kilometer mit dem Fahrrad gefahren. Ins B\u00fcro, zum Einkaufen, aus Jux &#8230; alle Fahrten. Mit dem Skoda Yeti habe ich in dem Zeitraum laut <a href=\"https:\/\/www.spritmonitor.de\/de\/detailansicht\/821418.html\" rel=\"noopener\" target=\"_blank\">spritmonitor.de<\/a> 5.091 Kilometer zur\u00fcck gelegt. Davon sind laut meiner parallel gef\u00fchrten eigenen Tabelle 2.522 Kilometer auf dem Weg nach Kroatien gesammelt worden. Bleiben also 2.569 Kilometer f\u00fcr Alltagsverkehr. Alex hat mit dem Fiat 500l (ebenfalls laut <a href=\"https:\/\/www.spritmonitor.de\/de\/detailansicht\/566633.html\" rel=\"noopener\" target=\"_blank\">spritmonitor<\/a>) 2.617 Kilometer gesammelt. Macht zusammen 7.708 Kilometer mit Verbrennungsmotoren in unserem Haushalt.<\/p>\n<p>Da ich in diesem Jahr keine mehrt\u00e4gige Radreise gemacht habe und meine Ausflugstouren auch an einer Hand abzuz\u00e4hlen waren, bin ich mehr Alltagsstrecke mit dem Rad, als mit dem Auto gefahren. Auch ganz gut finde ich. Die wenigen Autokilometer waren sicher auch ein bisschen corona-bedingt. Wir waren nicht im Zoo und haben auch sonst keine weiten Ausfl\u00fcge gemacht. Ob das 2021 wieder so wird, wei\u00df ich nicht. Aber wom\u00f6glich kann man die Alltagskilometerrelation noch ein wenig zugunsten der Pedalkraft verschieben.<\/p>\n","protected":false},"excerpt":{"rendered":"<p>Das neue Jahr ist schon wieder fast drei Wochen alt und ich habe noch nicht die Statistik f\u00fcr die Verkehrsmittel und Wetterlage ver\u00f6ffentlicht &#8211; dabei ist das doch sogar die Jahresabrechnung. Dann mal schnell ein paar Screenshots gemacht. Trotz d\u00fcnner &hellip;<\/p>\n<p class=\"read-more\"> <a class=\"more-link\" href=\"https:\/\/www.andreas-edler.de\/blog\/2021\/01\/verkehrsmittel-und-wetterlage-dezember-2020\/\"> <span class=\"screen-reader-text\">Verkehrsmittel und Wetterlage Dezember 2020<\/span> Weiterlesen &raquo;<\/a><\/p>\n","protected":false},"author":1,"featured_media":0,"comment_status":"open","ping_status":"open","sticky":false,"template":"","format":"standard","meta":{"ngg_post_thumbnail":0,"activitypub_content_warning":"","activitypub_content_visibility":"","activitypub_max_image_attachments":2,"activitypub_interaction_policy_quote":"anyone","activitypub_status":"","footnotes":""},"categories":[15,45,13],"tags":[37,110,433,251,168,412,158,209,244],"class_list":["post-167216","post","type-post","status-publish","format-standard","hentry","category-fahrrad","category-politik","category-verkehr","tag-auto","tag-fahrradfreundliche-stadt","tag-fiat","tag-infrastruktur","tag-klimafreundliche-mobilitaet","tag-mdrza","tag-mit-dem-rad-zur-arbeit","tag-skoda-yeti","tag-verkehrsmittel-und-wetterlage"],"share_on_mastodon":{"url":"","error":""},"_links":{"self":[{"href":"https:\/\/www.andreas-edler.de\/blog\/wp-json\/wp\/v2\/posts\/167216","targetHints":{"allow":["GET"]}}],"collection":[{"href":"https:\/\/www.andreas-edler.de\/blog\/wp-json\/wp\/v2\/posts"}],"about":[{"href":"https:\/\/www.andreas-edler.de\/blog\/wp-json\/wp\/v2\/types\/post"}],"author":[{"embeddable":true,"href":"https:\/\/www.andreas-edler.de\/blog\/wp-json\/wp\/v2\/users\/1"}],"replies":[{"embeddable":true,"href":"https:\/\/www.andreas-edler.de\/blog\/wp-json\/wp\/v2\/comments?post=167216"}],"version-history":[{"count":0,"href":"https:\/\/www.andreas-edler.de\/blog\/wp-json\/wp\/v2\/posts\/167216\/revisions"}],"wp:attachment":[{"href":"https:\/\/www.andreas-edler.de\/blog\/wp-json\/wp\/v2\/media?parent=167216"}],"wp:term":[{"taxonomy":"category","embeddable":true,"href":"https:\/\/www.andreas-edler.de\/blog\/wp-json\/wp\/v2\/categories?post=167216"},{"taxonomy":"post_tag","embeddable":true,"href":"https:\/\/www.andreas-edler.de\/blog\/wp-json\/wp\/v2\/tags?post=167216"}],"curies":[{"name":"wp","href":"https:\/\/api.w.org\/{rel}","templated":true}]}}