{"id":167097,"date":"2020-11-28T10:56:03","date_gmt":"2020-11-28T09:56:03","guid":{"rendered":"https:\/\/www.andreas-edler.de\/blog\/?p=167097"},"modified":"2020-12-06T18:12:10","modified_gmt":"2020-12-06T17:12:10","slug":"kein-weiterer-buergerradweg-an-der-weserstrasse","status":"publish","type":"post","link":"https:\/\/www.andreas-edler.de\/blog\/2020\/11\/kein-weiterer-buergerradweg-an-der-weserstrasse\/","title":{"rendered":"Kein weiterer B\u00fcrgerradweg an der Weserstra\u00dfe"},"content":{"rendered":"<p>Die Neue Westf\u00e4lische berichtet heute vom ehemals geplanten B\u00fcrger- bzw. auch &#8222;richtigen&#8220; Geh- und Radweg an der Weserstra\u00dfe zwischen der H\u00fcffe und der Vlothoer Stra\u00dfe. Im wesentlichen geht es um das absch\u00fcssige St\u00fcck zwischen der H\u00fcffer Stra\u00dfe und dem Borweg (und auch einer Stra\u00dfe weiter, der Oberbecksener Stra\u00dfe).<\/p>\n<p><cite>Neue Westf\u00e4lische vom 28.11.2020: <strong><a href=\"https:\/\/www.nw.de\/lokal\/kreis_minden_luebbecke\/bad_oeynhausen\/22907384_Buergerradweg-an-der-Weserstrasse-nicht-realisierbar.html\">B\u00fcrgerradweg an der Weserstra\u00dfe nicht realisierbar<\/a><\/strong><br \/>\n&#8230; Fu\u00dfg\u00e4nger und Radfahrer leben dort gef\u00e4hrlich. Von der H\u00fcffe bis zum Borweg m\u00fcssen sie gemeinsam mit t\u00e4glich mehr als 6.000 Autos die kurvige, nur 6,50 Meter breite Fahrbahn benutzen &#8230;<\/cite> <!--more--><\/p>\n<p>Tats\u00e4chlich ist es dort nicht die Stra\u00dfe die gef\u00e4hrlich ist &#8211; im Gegenteil: sehr sch\u00f6ner Asphalt &#8211; <a href=\"https:\/\/www.andreas-edler.de\/blog\/2009\/03\/weserstrae-ohne-gehweg\/\" rel=\"noopener noreferrer\" target=\"_blank\">sondern die motorisierten Verkehrsteilnehmer<\/a>. Dieser Aspekt kommt mir in den ganzen Diskussionen immer zu kurz. Auch der ADFC spricht meist von &#8222;gef\u00e4hrlichen Stra\u00dfen&#8220; &#8211; wir sollten dazu \u00fcbergehen, das Kind beim Namen zu nennen. Wenn sich alle an die Regeln hielten (50 Km\/h und min. 1,50 Meter \u00dcberholabstand), ist da nichts gef\u00e4hrlich. Das ist das Problem. Der Auto- und LKW-Fahrende, welcher sich nicht an die Regeln h\u00e4lt, ist gef\u00e4hrlich.<\/p>\n<p>Das bringt in dem Fall nat\u00fcrlich keine akute Besserung, es hilft aber auf Dauer, endlich den Diskurs dahin zu verschieben, wo er hingeh\u00f6rt!<\/p>\n<figure id=\"attachment_167099\" aria-describedby=\"caption-attachment-167099\" style=\"width: 470px\" class=\"wp-caption aligncenter\"><a href=\"https:\/\/www.andreas-edler.de\/blog\/wp-content\/uploads\/2020\/11\/2020-03-07-11.54.32-radfahrer-serpentiinen-weserstrasse.jpg\"><img loading=\"lazy\" decoding=\"async\" src=\"https:\/\/www.andreas-edler.de\/blog\/wp-content\/uploads\/2020\/11\/2020-03-07-11.54.32-radfahrer-serpentiinen-weserstrasse-470x224.jpg\" alt=\"\" width=\"470\" height=\"224\" class=\"size-large wp-image-167099\" srcset=\"https:\/\/www.andreas-edler.de\/blog\/wp-content\/uploads\/2020\/11\/2020-03-07-11.54.32-radfahrer-serpentiinen-weserstrasse-470x224.jpg 470w, https:\/\/www.andreas-edler.de\/blog\/wp-content\/uploads\/2020\/11\/2020-03-07-11.54.32-radfahrer-serpentiinen-weserstrasse-250x119.jpg 250w, https:\/\/www.andreas-edler.de\/blog\/wp-content\/uploads\/2020\/11\/2020-03-07-11.54.32-radfahrer-serpentiinen-weserstrasse-768x365.jpg 768w, https:\/\/www.andreas-edler.de\/blog\/wp-content\/uploads\/2020\/11\/2020-03-07-11.54.32-radfahrer-serpentiinen-weserstrasse-100x48.jpg 100w, https:\/\/www.andreas-edler.de\/blog\/wp-content\/uploads\/2020\/11\/2020-03-07-11.54.32-radfahrer-serpentiinen-weserstrasse-150x71.jpg 150w, https:\/\/www.andreas-edler.de\/blog\/wp-content\/uploads\/2020\/11\/2020-03-07-11.54.32-radfahrer-serpentiinen-weserstrasse-200x95.jpg 200w, https:\/\/www.andreas-edler.de\/blog\/wp-content\/uploads\/2020\/11\/2020-03-07-11.54.32-radfahrer-serpentiinen-weserstrasse-300x143.jpg 300w, https:\/\/www.andreas-edler.de\/blog\/wp-content\/uploads\/2020\/11\/2020-03-07-11.54.32-radfahrer-serpentiinen-weserstrasse-450x214.jpg 450w, https:\/\/www.andreas-edler.de\/blog\/wp-content\/uploads\/2020\/11\/2020-03-07-11.54.32-radfahrer-serpentiinen-weserstrasse-600x285.jpg 600w, https:\/\/www.andreas-edler.de\/blog\/wp-content\/uploads\/2020\/11\/2020-03-07-11.54.32-radfahrer-serpentiinen-weserstrasse-900x428.jpg 900w, https:\/\/www.andreas-edler.de\/blog\/wp-content\/uploads\/2020\/11\/2020-03-07-11.54.32-radfahrer-serpentiinen-weserstrasse.jpg 1280w\" sizes=\"auto, (max-width: 470px) 100vw, 470px\" \/><\/a><figcaption id=\"caption-attachment-167099\" class=\"wp-caption-text\">Bergauf kann es m\u00fchsam werden, dann m\u00fcssen Autofahrende einfach warten!<\/figcaption><\/figure>\n<p>Die Fahrbahn taugt tats\u00e4chlich nicht zum \u00dcberholen von Zweir\u00e4dern in dem Bereich. Die durchgezogene Linie verhindert das &#8211; es ist schlicht nicht genug Platz. Dann muss man einfach mal den Fu\u00df vom Gas nehmen und hinter dem Zweirad bleiben. Ich habe das schon getan, ich lebe noch. Bei den wenigen 6.000 KFZ am Tag, sollte das jedem m\u00f6glich sein, welcher zuf\u00e4llig mal einen Fahrradfahrenden an der Stelle vor sich hat. Bergab ist es gar kein Problem, da die Strecke stark absch\u00fcssig ist und man geh\u00f6rig Tempo drauf bekommt.<br \/>\n<\/p>\n<div style=\"text-align: center;\"><em>Aber halten sich die Radfahrenden denn immer an die Regeln?<\/em><\/diV><\/p>\n<p>Diese Frage &#8211; welche eben in einer WhatsApp-Gruppe von Aktiven in dem Kontext auftauchte &#8211; ist auch ein Framing, welches den Diskurs von den Problemen ablenkt. Nat\u00fcrlich gibt es bei Fahrradfahrenden genauso viele Menschen, die sich nicht an Regeln halten. Ist dadurch das Fehlverhalten der motorisierten Verkehrsteilnehmer legitimiert? Sollen wir erst alles Fehlverhalten der Fahrradfahrenden &#8222;ausmerzen&#8220; bevor man sagen darf, was das Problem im Stra\u00dfenverkehr ist? Wieviele LKW-Fahrer wurden durch rechtsabbiegende Fahrradfahrer get\u00f6tet?<\/p>\n<p>Diese Frage ist ein Totschlagargument, welches ich in Rat und Ausschuss st\u00e4ndig h\u00f6re und mit dem alle Diskussionen abgew\u00fcrgt werden. Die Radfahrer sind auch doof &#8230; prima, wir m\u00fcssen nichts machen. <\/p>\n<p>Das sollten sich Fahrradfahrende nicht zu eigen machen. Und nat\u00fcrlich halte ich hier einen Gehweg f\u00fcr dringend geboten, bergauf darf der dann auch gerne f\u00fcr Radfahrende frei gegeben sein, wenn er auf der Bahnseite angelegt wird. Und nat\u00fcrlich nicht benutzungpflichtig, das ist dann wieder <a href=\"https:\/\/www.andreas-edler.de\/blog\/2016\/02\/schutzstreifen-an-der-weserstrasse\/\" rel=\"noopener noreferrer\" target=\"_blank\">viel zu gef\u00e4hrlich<\/a>.<\/p>\n","protected":false},"excerpt":{"rendered":"<p>Die Neue Westf\u00e4lische berichtet heute vom ehemals geplanten B\u00fcrger- bzw. auch &#8222;richtigen&#8220; Geh- und Radweg an der Weserstra\u00dfe zwischen der H\u00fcffe und der Vlothoer Stra\u00dfe. Im wesentlichen geht es um das absch\u00fcssige St\u00fcck zwischen der H\u00fcffer Stra\u00dfe und dem Borweg &hellip;<\/p>\n<p class=\"read-more\"> <a class=\"more-link\" href=\"https:\/\/www.andreas-edler.de\/blog\/2020\/11\/kein-weiterer-buergerradweg-an-der-weserstrasse\/\"> <span class=\"screen-reader-text\">Kein weiterer B\u00fcrgerradweg an der Weserstra\u00dfe<\/span> Weiterlesen &raquo;<\/a><\/p>\n","protected":false},"author":1,"featured_media":0,"comment_status":"open","ping_status":"open","sticky":false,"template":"","format":"standard","meta":{"ngg_post_thumbnail":0,"activitypub_content_warning":"","activitypub_content_visibility":"","activitypub_max_image_attachments":2,"activitypub_interaction_policy_quote":"anyone","activitypub_status":"","footnotes":""},"categories":[14,15,13],"tags":[497,423,110,365,251,168,207,498,72,336],"class_list":["post-167097","post","type-post","status-publish","format-standard","hentry","category-bad-oeynhausen","category-fahrrad","category-verkehr","tag-borweg","tag-buergerradweg","tag-fahrradfreundliche-stadt","tag-hueffer-strasse","tag-infrastruktur","tag-klimafreundliche-mobilitaet","tag-radweg","tag-strassen-nrw","tag-verwaltung","tag-weserstrasse"],"share_on_mastodon":{"url":"","error":""},"_links":{"self":[{"href":"https:\/\/www.andreas-edler.de\/blog\/wp-json\/wp\/v2\/posts\/167097","targetHints":{"allow":["GET"]}}],"collection":[{"href":"https:\/\/www.andreas-edler.de\/blog\/wp-json\/wp\/v2\/posts"}],"about":[{"href":"https:\/\/www.andreas-edler.de\/blog\/wp-json\/wp\/v2\/types\/post"}],"author":[{"embeddable":true,"href":"https:\/\/www.andreas-edler.de\/blog\/wp-json\/wp\/v2\/users\/1"}],"replies":[{"embeddable":true,"href":"https:\/\/www.andreas-edler.de\/blog\/wp-json\/wp\/v2\/comments?post=167097"}],"version-history":[{"count":0,"href":"https:\/\/www.andreas-edler.de\/blog\/wp-json\/wp\/v2\/posts\/167097\/revisions"}],"wp:attachment":[{"href":"https:\/\/www.andreas-edler.de\/blog\/wp-json\/wp\/v2\/media?parent=167097"}],"wp:term":[{"taxonomy":"category","embeddable":true,"href":"https:\/\/www.andreas-edler.de\/blog\/wp-json\/wp\/v2\/categories?post=167097"},{"taxonomy":"post_tag","embeddable":true,"href":"https:\/\/www.andreas-edler.de\/blog\/wp-json\/wp\/v2\/tags?post=167097"}],"curies":[{"name":"wp","href":"https:\/\/api.w.org\/{rel}","templated":true}]}}