{"id":167062,"date":"2020-11-08T10:29:15","date_gmt":"2020-11-08T09:29:15","guid":{"rendered":"https:\/\/www.andreas-edler.de\/blog\/?p=167062"},"modified":"2020-11-08T10:58:49","modified_gmt":"2020-11-08T09:58:49","slug":"gesichtsvisiere-beim-baecker","status":"publish","type":"post","link":"https:\/\/www.andreas-edler.de\/blog\/2020\/11\/gesichtsvisiere-beim-baecker\/","title":{"rendered":"Gesichtsvisiere beim B\u00e4cker"},"content":{"rendered":"<p><cite>Sehr geehrte Damen und Herren,<br \/>\n<br \/>\nseit Jahren kaufen wir sehr zufrieden bei Ihnen ein und essen Ihre Br\u00f6tchen sehr gerne! Da gibt es auch kein aber.<br \/>\n<br \/>\nDie Abstandsregeln und Laufwege in den Filialen finde ich gut, es ist \u00fcbersichtlich und die Wartezeiten trotz mitunter langen Schlangen kurz. Bei den letzten Besuchen ist mir jedoch aufgefallen, dass teilweise Ihre Angestellten Gesichtsvisiere anstatt Mund-Nasen-Masken tragen. Diese Visiere sind zum Schutz vor und durch Aerosole g\u00e4nzlich ungeeignet und sch\u00fctzen weder den oder die Tr\u00e4ger*in, noch die Kunden.<br \/>\n<br \/>\nAuf Nachfrage sagte mir eine Angestellte, dass diese Visiere sogar durch den Arbeitgeber besorgt worden seien.<br \/>\n<br \/>\nIch sehe das tats\u00e4chlich als Affront an. Wir m\u00fcssen als Kunden die Angestellten sch\u00fctzen, das ist v\u00f6llig OK und ich mache es gerne. Denn der herk\u00f6mmliche MNS dient eher dazu nichts zu verbreiten, statt sich selbst zu sch\u00fctzen. Dieses Visier sch\u00fctzt nun weder Dritte noch den oder die Tr\u00e4ger*in. Da Sie dies bewusst machen, gehe ich davon aus, dass die Kunden Ihnen egal sind.<br \/>\n<br \/>\nLeider muss ich daher nun einen etwas weiteren Weg zum B\u00e4cker in Kauf nehmen. Aber solange in Ihrem Betrieb auf diese Art und Weise meine Gesundheit geachtet wird, kann ich hier leider nicht einkaufen.<br \/>\n<br \/>\nMit freundlichen, aber leider auch ein wenig entt\u00e4uschten Gr\u00fc\u00dfen<br \/>\n<br \/>\nAndreas Edler<\/cite><\/p>\n","protected":false},"excerpt":{"rendered":"<p>Sehr geehrte Damen und Herren, seit Jahren kaufen wir sehr zufrieden bei Ihnen ein und essen Ihre Br\u00f6tchen sehr gerne! Da gibt es auch kein aber. Die Abstandsregeln und Laufwege in den Filialen finde ich gut, es ist \u00fcbersichtlich und &hellip;<\/p>\n<p class=\"read-more\"> <a class=\"more-link\" href=\"https:\/\/www.andreas-edler.de\/blog\/2020\/11\/gesichtsvisiere-beim-baecker\/\"> <span class=\"screen-reader-text\">Gesichtsvisiere beim B\u00e4cker<\/span> Weiterlesen &raquo;<\/a><\/p>\n","protected":false},"author":1,"featured_media":0,"comment_status":"open","ping_status":"open","sticky":false,"template":"","format":"standard","meta":{"ngg_post_thumbnail":0,"activitypub_content_warning":"","activitypub_content_visibility":"","activitypub_max_image_attachments":2,"activitypub_interaction_policy_quote":"anyone","activitypub_status":"","footnotes":""},"categories":[1,18],"tags":[63,469,7,34,71,33],"class_list":["post-167062","post","type-post","status-publish","format-standard","hentry","category-allgemein","category-fraglich","tag-benehmen","tag-corona","tag-gesundheit","tag-kommunikation","tag-regeln","tag-service"],"share_on_mastodon":{"url":"","error":""},"_links":{"self":[{"href":"https:\/\/www.andreas-edler.de\/blog\/wp-json\/wp\/v2\/posts\/167062","targetHints":{"allow":["GET"]}}],"collection":[{"href":"https:\/\/www.andreas-edler.de\/blog\/wp-json\/wp\/v2\/posts"}],"about":[{"href":"https:\/\/www.andreas-edler.de\/blog\/wp-json\/wp\/v2\/types\/post"}],"author":[{"embeddable":true,"href":"https:\/\/www.andreas-edler.de\/blog\/wp-json\/wp\/v2\/users\/1"}],"replies":[{"embeddable":true,"href":"https:\/\/www.andreas-edler.de\/blog\/wp-json\/wp\/v2\/comments?post=167062"}],"version-history":[{"count":0,"href":"https:\/\/www.andreas-edler.de\/blog\/wp-json\/wp\/v2\/posts\/167062\/revisions"}],"wp:attachment":[{"href":"https:\/\/www.andreas-edler.de\/blog\/wp-json\/wp\/v2\/media?parent=167062"}],"wp:term":[{"taxonomy":"category","embeddable":true,"href":"https:\/\/www.andreas-edler.de\/blog\/wp-json\/wp\/v2\/categories?post=167062"},{"taxonomy":"post_tag","embeddable":true,"href":"https:\/\/www.andreas-edler.de\/blog\/wp-json\/wp\/v2\/tags?post=167062"}],"curies":[{"name":"wp","href":"https:\/\/api.w.org\/{rel}","templated":true}]}}