{"id":167018,"date":"2020-10-31T00:02:19","date_gmt":"2020-10-30T23:02:19","guid":{"rendered":"https:\/\/www.andreas-edler.de\/blog\/?p=167018"},"modified":"2020-10-31T00:02:19","modified_gmt":"2020-10-30T23:02:19","slug":"verkehrsmittel-und-wetterlage-september-2020","status":"publish","type":"post","link":"https:\/\/www.andreas-edler.de\/blog\/2020\/10\/verkehrsmittel-und-wetterlage-september-2020\/","title":{"rendered":"Verkehrsmittel und Wetterlage September 2020"},"content":{"rendered":"<p><figure id=\"attachment_167019\" aria-describedby=\"caption-attachment-167019\" style=\"width: 250px\" class=\"wp-caption alignright\"><a href=\"https:\/\/www.andreas-edler.de\/blog\/wp-content\/uploads\/2020\/10\/2020-09-31-statistik.png\"><img loading=\"lazy\" decoding=\"async\" src=\"https:\/\/www.andreas-edler.de\/blog\/wp-content\/uploads\/2020\/10\/2020-09-31-statistik-250x86.png\" alt=\"\" width=\"250\" height=\"86\" class=\"size-medium wp-image-167019\" srcset=\"https:\/\/www.andreas-edler.de\/blog\/wp-content\/uploads\/2020\/10\/2020-09-31-statistik-250x86.png 250w, https:\/\/www.andreas-edler.de\/blog\/wp-content\/uploads\/2020\/10\/2020-09-31-statistik-470x162.png 470w, https:\/\/www.andreas-edler.de\/blog\/wp-content\/uploads\/2020\/10\/2020-09-31-statistik-768x265.png 768w, https:\/\/www.andreas-edler.de\/blog\/wp-content\/uploads\/2020\/10\/2020-09-31-statistik-100x35.png 100w, https:\/\/www.andreas-edler.de\/blog\/wp-content\/uploads\/2020\/10\/2020-09-31-statistik-150x52.png 150w, https:\/\/www.andreas-edler.de\/blog\/wp-content\/uploads\/2020\/10\/2020-09-31-statistik-200x69.png 200w, https:\/\/www.andreas-edler.de\/blog\/wp-content\/uploads\/2020\/10\/2020-09-31-statistik-300x104.png 300w, https:\/\/www.andreas-edler.de\/blog\/wp-content\/uploads\/2020\/10\/2020-09-31-statistik-450x155.png 450w, https:\/\/www.andreas-edler.de\/blog\/wp-content\/uploads\/2020\/10\/2020-09-31-statistik-600x207.png 600w, https:\/\/www.andreas-edler.de\/blog\/wp-content\/uploads\/2020\/10\/2020-09-31-statistik-900x311.png 900w, https:\/\/www.andreas-edler.de\/blog\/wp-content\/uploads\/2020\/10\/2020-09-31-statistik.png 1138w\" sizes=\"auto, (max-width: 250px) 100vw, 250px\" \/><\/a><figcaption id=\"caption-attachment-167019\" class=\"wp-caption-text\">Die Zahlen von Januar bis September 2020<\/figcaption><\/figure> Ups, da habe ich wohl Ende letzten Monat vergessen, meine Statistik zu posten. Drei Mal bin ich im September mit dem Auto ins B\u00fcro gefahren. Zweimal, weil ich Filialtouren vor hatte und mir 40 Kilometer auf dem Fahrrad dann doch zu weit sind. Weiter hatte ich im September einen Tag Urlaub und war zwei Tage krank. An den restlichen Tagen kamen 88 Kilometer auf dem Fahrrad f\u00fcr die Arbeitswege zusammen. <!--more--><\/p>\n<p><figure id=\"attachment_167020\" aria-describedby=\"caption-attachment-167020\" style=\"width: 470px\" class=\"wp-caption aligncenter\"><a href=\"https:\/\/www.andreas-edler.de\/blog\/wp-content\/uploads\/2020\/10\/2020-09-31-wetterlage.png\"><img loading=\"lazy\" decoding=\"async\" src=\"https:\/\/www.andreas-edler.de\/blog\/wp-content\/uploads\/2020\/10\/2020-09-31-wetterlage-470x227.png\" alt=\"\" width=\"470\" height=\"227\" class=\"size-large wp-image-167020\" srcset=\"https:\/\/www.andreas-edler.de\/blog\/wp-content\/uploads\/2020\/10\/2020-09-31-wetterlage-470x227.png 470w, https:\/\/www.andreas-edler.de\/blog\/wp-content\/uploads\/2020\/10\/2020-09-31-wetterlage-250x121.png 250w, https:\/\/www.andreas-edler.de\/blog\/wp-content\/uploads\/2020\/10\/2020-09-31-wetterlage-768x371.png 768w, https:\/\/www.andreas-edler.de\/blog\/wp-content\/uploads\/2020\/10\/2020-09-31-wetterlage-100x48.png 100w, https:\/\/www.andreas-edler.de\/blog\/wp-content\/uploads\/2020\/10\/2020-09-31-wetterlage-150x72.png 150w, https:\/\/www.andreas-edler.de\/blog\/wp-content\/uploads\/2020\/10\/2020-09-31-wetterlage-200x97.png 200w, https:\/\/www.andreas-edler.de\/blog\/wp-content\/uploads\/2020\/10\/2020-09-31-wetterlage-300x145.png 300w, https:\/\/www.andreas-edler.de\/blog\/wp-content\/uploads\/2020\/10\/2020-09-31-wetterlage-450x217.png 450w, https:\/\/www.andreas-edler.de\/blog\/wp-content\/uploads\/2020\/10\/2020-09-31-wetterlage-600x290.png 600w, https:\/\/www.andreas-edler.de\/blog\/wp-content\/uploads\/2020\/10\/2020-09-31-wetterlage.png 832w\" sizes=\"auto, (max-width: 470px) 100vw, 470px\" \/><\/a><figcaption id=\"caption-attachment-167020\" class=\"wp-caption-text\">Das Wetter von Januar bis September 2020<\/figcaption><\/figure> Das Wetter war zum Fahrradfahren durchaus geeignet ;-) Ist es ja eigentlich immer. Zweimal hat es geregnet, zweimal gab es etwas Niesel w\u00e4hrend ich ins B\u00fcro oder nach Hause Gefahren bin.<br \/>\n<figure id=\"attachment_167021\" aria-describedby=\"caption-attachment-167021\" style=\"width: 470px\" class=\"wp-caption aligncenter\"><a href=\"https:\/\/www.andreas-edler.de\/blog\/wp-content\/uploads\/2020\/10\/2020-09-31-verkehrsmittel.png\"><img loading=\"lazy\" decoding=\"async\" src=\"https:\/\/www.andreas-edler.de\/blog\/wp-content\/uploads\/2020\/10\/2020-09-31-verkehrsmittel-470x304.png\" alt=\"\" width=\"470\" height=\"304\" class=\"size-large wp-image-167021\" srcset=\"https:\/\/www.andreas-edler.de\/blog\/wp-content\/uploads\/2020\/10\/2020-09-31-verkehrsmittel-470x304.png 470w, https:\/\/www.andreas-edler.de\/blog\/wp-content\/uploads\/2020\/10\/2020-09-31-verkehrsmittel-250x162.png 250w, https:\/\/www.andreas-edler.de\/blog\/wp-content\/uploads\/2020\/10\/2020-09-31-verkehrsmittel-768x497.png 768w, https:\/\/www.andreas-edler.de\/blog\/wp-content\/uploads\/2020\/10\/2020-09-31-verkehrsmittel-100x65.png 100w, https:\/\/www.andreas-edler.de\/blog\/wp-content\/uploads\/2020\/10\/2020-09-31-verkehrsmittel-150x97.png 150w, https:\/\/www.andreas-edler.de\/blog\/wp-content\/uploads\/2020\/10\/2020-09-31-verkehrsmittel-200x129.png 200w, https:\/\/www.andreas-edler.de\/blog\/wp-content\/uploads\/2020\/10\/2020-09-31-verkehrsmittel-300x194.png 300w, https:\/\/www.andreas-edler.de\/blog\/wp-content\/uploads\/2020\/10\/2020-09-31-verkehrsmittel-450x291.png 450w, https:\/\/www.andreas-edler.de\/blog\/wp-content\/uploads\/2020\/10\/2020-09-31-verkehrsmittel-600x388.png 600w, https:\/\/www.andreas-edler.de\/blog\/wp-content\/uploads\/2020\/10\/2020-09-31-verkehrsmittel.png 832w\" sizes=\"auto, (max-width: 470px) 100vw, 470px\" \/><\/a><figcaption id=\"caption-attachment-167021\" class=\"wp-caption-text\">Die genutzten Verkerhsmittel von Januar bis September 2020<\/figcaption><\/figure> Durch die drei Autotage ist meine Autoquot nat\u00fcrlich nicht deutlich besser geworden. Auf das ganze Jahr verteilt, sind es nun knapp unter 8% aller Arbeitstage, an denen ich nicht mit dem Fahrrad zur Arbeit gefahren bin.<br \/>\n<figure id=\"attachment_167022\" aria-describedby=\"caption-attachment-167022\" style=\"width: 470px\" class=\"wp-caption aligncenter\"><a href=\"https:\/\/www.andreas-edler.de\/blog\/wp-content\/uploads\/2020\/10\/2020-09-31-wegstrecke.png\"><img loading=\"lazy\" decoding=\"async\" src=\"https:\/\/www.andreas-edler.de\/blog\/wp-content\/uploads\/2020\/10\/2020-09-31-wegstrecke-470x300.png\" alt=\"\" width=\"470\" height=\"300\" class=\"size-large wp-image-167022\" srcset=\"https:\/\/www.andreas-edler.de\/blog\/wp-content\/uploads\/2020\/10\/2020-09-31-wegstrecke-470x300.png 470w, https:\/\/www.andreas-edler.de\/blog\/wp-content\/uploads\/2020\/10\/2020-09-31-wegstrecke-250x159.png 250w, https:\/\/www.andreas-edler.de\/blog\/wp-content\/uploads\/2020\/10\/2020-09-31-wegstrecke-768x490.png 768w, https:\/\/www.andreas-edler.de\/blog\/wp-content\/uploads\/2020\/10\/2020-09-31-wegstrecke-100x64.png 100w, https:\/\/www.andreas-edler.de\/blog\/wp-content\/uploads\/2020\/10\/2020-09-31-wegstrecke-150x96.png 150w, https:\/\/www.andreas-edler.de\/blog\/wp-content\/uploads\/2020\/10\/2020-09-31-wegstrecke-200x128.png 200w, https:\/\/www.andreas-edler.de\/blog\/wp-content\/uploads\/2020\/10\/2020-09-31-wegstrecke-300x191.png 300w, https:\/\/www.andreas-edler.de\/blog\/wp-content\/uploads\/2020\/10\/2020-09-31-wegstrecke-450x287.png 450w, https:\/\/www.andreas-edler.de\/blog\/wp-content\/uploads\/2020\/10\/2020-09-31-wegstrecke-600x383.png 600w, https:\/\/www.andreas-edler.de\/blog\/wp-content\/uploads\/2020\/10\/2020-09-31-wegstrecke.png 834w\" sizes=\"auto, (max-width: 470px) 100vw, 470px\" \/><\/a><figcaption id=\"caption-attachment-167022\" class=\"wp-caption-text\">Zur\u00fcckgelegte Wegstrecken von Januar bis September 2020<\/figcaption><\/figure> Bei dem gro\u00dfen Gesch\u00e4ftsgebiet machen zwei Fahrten durch die Gegend schon fast die H\u00e4lfte aller zur\u00fcckgelegten Autokilomter aus. Der Anteil per Bioantrieb zur\u00fcckgelegter Wegstrecke ist allerdings immer noch deutlich gr\u00f6\u00dfer.<\/p>\n<p>Ende September endete au\u00dferdem die Aktion &#8222;Mit dem Rad zur Arbeit&#8220;, <a href=\"https:\/\/www.andreas-edler.de\/blog\/2016\/04\/mit-dem-rad-zur-arbeit-ohne-mich\/\" target=\"_new\" rel=\"noopener noreferrer\">bei der ich schon seit Jahren nicht mehr mitmache<\/a>. Im Aktionszeitraum bin ich an 52 Tagen <a rel=\"tag\" class=\"hashtag u-tag u-category\" href=\"https:\/\/www.andreas-edler.de\/blog\/tag\/mdrza\/\">#mdRzA<\/a> gefahren und habe dabei 309,20 Km zur\u00fcck gelegt.<\/p>\n","protected":false},"excerpt":{"rendered":"<p>Ups, da habe ich wohl Ende letzten Monat vergessen, meine Statistik zu posten. Drei Mal bin ich im September mit dem Auto ins B\u00fcro gefahren. Zweimal, weil ich Filialtouren vor hatte und mir 40 Kilometer auf dem Fahrrad dann doch &hellip;<\/p>\n<p class=\"read-more\"> <a class=\"more-link\" href=\"https:\/\/www.andreas-edler.de\/blog\/2020\/10\/verkehrsmittel-und-wetterlage-september-2020\/\"> <span class=\"screen-reader-text\">Verkehrsmittel und Wetterlage September 2020<\/span> Weiterlesen &raquo;<\/a><\/p>\n","protected":false},"author":1,"featured_media":0,"comment_status":"open","ping_status":"open","sticky":false,"template":"","format":"standard","meta":{"ngg_post_thumbnail":0,"activitypub_content_warning":"","activitypub_content_visibility":"","activitypub_max_image_attachments":2,"activitypub_interaction_policy_quote":"anyone","activitypub_status":"","footnotes":""},"categories":[15],"tags":[477,168,412,158,244],"class_list":["post-167018","post","type-post","status-publish","format-standard","hentry","category-fahrrad","tag-alltagsradverkehr","tag-klimafreundliche-mobilitaet","tag-mdrza","tag-mit-dem-rad-zur-arbeit","tag-verkehrsmittel-und-wetterlage"],"share_on_mastodon":{"url":"","error":""},"_links":{"self":[{"href":"https:\/\/www.andreas-edler.de\/blog\/wp-json\/wp\/v2\/posts\/167018","targetHints":{"allow":["GET"]}}],"collection":[{"href":"https:\/\/www.andreas-edler.de\/blog\/wp-json\/wp\/v2\/posts"}],"about":[{"href":"https:\/\/www.andreas-edler.de\/blog\/wp-json\/wp\/v2\/types\/post"}],"author":[{"embeddable":true,"href":"https:\/\/www.andreas-edler.de\/blog\/wp-json\/wp\/v2\/users\/1"}],"replies":[{"embeddable":true,"href":"https:\/\/www.andreas-edler.de\/blog\/wp-json\/wp\/v2\/comments?post=167018"}],"version-history":[{"count":0,"href":"https:\/\/www.andreas-edler.de\/blog\/wp-json\/wp\/v2\/posts\/167018\/revisions"}],"wp:attachment":[{"href":"https:\/\/www.andreas-edler.de\/blog\/wp-json\/wp\/v2\/media?parent=167018"}],"wp:term":[{"taxonomy":"category","embeddable":true,"href":"https:\/\/www.andreas-edler.de\/blog\/wp-json\/wp\/v2\/categories?post=167018"},{"taxonomy":"post_tag","embeddable":true,"href":"https:\/\/www.andreas-edler.de\/blog\/wp-json\/wp\/v2\/tags?post=167018"}],"curies":[{"name":"wp","href":"https:\/\/api.w.org\/{rel}","templated":true}]}}