{"id":166974,"date":"2020-10-18T12:42:39","date_gmt":"2020-10-18T10:42:39","guid":{"rendered":"https:\/\/www.andreas-edler.de\/blog\/?p=166974"},"modified":"2020-10-18T12:42:39","modified_gmt":"2020-10-18T10:42:39","slug":"endlich-wieder-halbwegs-ordentlich","status":"publish","type":"post","link":"https:\/\/www.andreas-edler.de\/blog\/2020\/10\/endlich-wieder-halbwegs-ordentlich\/","title":{"rendered":"Endlich wieder halbwegs ordentlich"},"content":{"rendered":"<p><figure id=\"attachment_166371\" aria-describedby=\"caption-attachment-166371\" style=\"width: 250px\" class=\"wp-caption alignright\"><a href=\"https:\/\/www.andreas-edler.de\/blog\/wp-content\/uploads\/2020\/04\/2020-04-11-16.20.46.jpg\"><img loading=\"lazy\" decoding=\"async\" src=\"https:\/\/www.andreas-edler.de\/blog\/wp-content\/uploads\/2020\/04\/2020-04-11-16.20.46-250x134.jpg\" alt=\"\" width=\"250\" height=\"134\" class=\"size-medium wp-image-166371\" srcset=\"https:\/\/www.andreas-edler.de\/blog\/wp-content\/uploads\/2020\/04\/2020-04-11-16.20.46-250x134.jpg 250w, https:\/\/www.andreas-edler.de\/blog\/wp-content\/uploads\/2020\/04\/2020-04-11-16.20.46-470x253.jpg 470w, https:\/\/www.andreas-edler.de\/blog\/wp-content\/uploads\/2020\/04\/2020-04-11-16.20.46-768x413.jpg 768w, https:\/\/www.andreas-edler.de\/blog\/wp-content\/uploads\/2020\/04\/2020-04-11-16.20.46-100x54.jpg 100w, https:\/\/www.andreas-edler.de\/blog\/wp-content\/uploads\/2020\/04\/2020-04-11-16.20.46-150x81.jpg 150w, https:\/\/www.andreas-edler.de\/blog\/wp-content\/uploads\/2020\/04\/2020-04-11-16.20.46-200x108.jpg 200w, https:\/\/www.andreas-edler.de\/blog\/wp-content\/uploads\/2020\/04\/2020-04-11-16.20.46-300x161.jpg 300w, https:\/\/www.andreas-edler.de\/blog\/wp-content\/uploads\/2020\/04\/2020-04-11-16.20.46-450x242.jpg 450w, https:\/\/www.andreas-edler.de\/blog\/wp-content\/uploads\/2020\/04\/2020-04-11-16.20.46-600x323.jpg 600w, https:\/\/www.andreas-edler.de\/blog\/wp-content\/uploads\/2020\/04\/2020-04-11-16.20.46-900x484.jpg 900w, https:\/\/www.andreas-edler.de\/blog\/wp-content\/uploads\/2020\/04\/2020-04-11-16.20.46.jpg 1280w\" sizes=\"auto, (max-width: 250px) 100vw, 250px\" \/><\/a><figcaption id=\"caption-attachment-166371\" class=\"wp-caption-text\">Leck in der Leitung<\/figcaption><\/figure> Vor drei Jahren entdeckten wir beim Renovieren des Flurs <a href=\"https:\/\/www.andreas-edler.de\/blog\/2017\/04\/vier-wochen-baustelle\/ target=\"_blank\"\">einen veritablen Wasserschaden<\/a>. Im April diesen Jahres hatte das gleiche Rohr nur 30 Zentimeter weiter <a href=\"https:\/\/www.andreas-edler.de\/blog\/2020\/04\/schon-wieder-eine-nasse-wand\/\" rel=\"noopener noreferrer\" target=\"_blank\">erneut ein Loch<\/a>! Kerl, war ich sauer. Die Reparatur ging aber schnell vonstatten. Noch am gleichen Tag war ein Handwerker vor Ort, der die Fliesen aufmachte, den Schaden fand und das schadhafte St\u00fcck ausbesserte. Nach ein paar Tagen sah man nichts mehr. <!--more--><\/p>\n<p>Bis ich dann Anfang August im B\u00fcro etwas erledigte und ein leises Tropfen h\u00f6rte. War mir schon ein paar Tage vorher im Waschkeller aufgefallen, dachte aber, dass es die Dusche oder ein \u00dcberlauf der Heizung sei.<br \/>\n<figure id=\"attachment_166976\" aria-describedby=\"caption-attachment-166976\" style=\"width: 470px\" class=\"wp-caption aligncenter\"><a href=\"https:\/\/www.andreas-edler.de\/blog\/wp-content\/uploads\/2020\/10\/2020-08-07-18.20.18.jpg\"><img loading=\"lazy\" decoding=\"async\" src=\"https:\/\/www.andreas-edler.de\/blog\/wp-content\/uploads\/2020\/10\/2020-08-07-18.20.18-470x260.jpg\" alt=\"\" width=\"470\" height=\"260\" class=\"size-large wp-image-166976\" srcset=\"https:\/\/www.andreas-edler.de\/blog\/wp-content\/uploads\/2020\/10\/2020-08-07-18.20.18-470x260.jpg 470w, https:\/\/www.andreas-edler.de\/blog\/wp-content\/uploads\/2020\/10\/2020-08-07-18.20.18-250x138.jpg 250w, https:\/\/www.andreas-edler.de\/blog\/wp-content\/uploads\/2020\/10\/2020-08-07-18.20.18-768x425.jpg 768w, https:\/\/www.andreas-edler.de\/blog\/wp-content\/uploads\/2020\/10\/2020-08-07-18.20.18-100x55.jpg 100w, https:\/\/www.andreas-edler.de\/blog\/wp-content\/uploads\/2020\/10\/2020-08-07-18.20.18-150x83.jpg 150w, https:\/\/www.andreas-edler.de\/blog\/wp-content\/uploads\/2020\/10\/2020-08-07-18.20.18-200x111.jpg 200w, https:\/\/www.andreas-edler.de\/blog\/wp-content\/uploads\/2020\/10\/2020-08-07-18.20.18-300x166.jpg 300w, https:\/\/www.andreas-edler.de\/blog\/wp-content\/uploads\/2020\/10\/2020-08-07-18.20.18-450x249.jpg 450w, https:\/\/www.andreas-edler.de\/blog\/wp-content\/uploads\/2020\/10\/2020-08-07-18.20.18-600x332.jpg 600w, https:\/\/www.andreas-edler.de\/blog\/wp-content\/uploads\/2020\/10\/2020-08-07-18.20.18-900x498.jpg 900w, https:\/\/www.andreas-edler.de\/blog\/wp-content\/uploads\/2020\/10\/2020-08-07-18.20.18.jpg 1280w\" sizes=\"auto, (max-width: 470px) 100vw, 470px\" \/><\/a><figcaption id=\"caption-attachment-166976\" class=\"wp-caption-text\">Das tropfte schon etwas l\u00e4nger &#8230;<\/figcaption><\/figure> In der Rumpelecke im Keller hinter einem Sofa standen nur Sachen, an die man nie ran muss. Ein paar alte Rollos, ein Gitarrenst\u00e4nder &#8230; und in einem Jutebeutel, der Bauordner vom Haus meiner Tante, mit allen Antr\u00e4gen, Zeichnungen und Beschreibungen aus den 1970ern zum Haus. Das Wasser tropfte von oben sch\u00f6n leise auf den Stoff, die Ordner haben sich ordentlich vollgesogen, lehnten an der Schornsteinwand und haben den Putz aufgeweicht. Die Unterlagen waren auch quasi schon fast Pappmach\u00e9. Die Ecke leerger\u00e4umt und sondiert. Die Decke war oben am Schornstein auch klatschnass. Dort gehen Kalt- und Warmwasserleitungen sowie die Heizungsrohre nach oben und sind in dickem Filz eingewickelt gewesen &#8211; der nat\u00fcrlich auch ein einziger, nasser Schwamm war. Da es sp\u00e4t am Abend war, haben wir erstmal versucht die Unterlagen zu retten.<br \/>\n<figure id=\"attachment_166977\" aria-describedby=\"caption-attachment-166977\" style=\"width: 470px\" class=\"wp-caption aligncenter\"><a href=\"https:\/\/www.andreas-edler.de\/blog\/wp-content\/uploads\/2020\/10\/2020-08-07-21.39.10.jpg\"><img loading=\"lazy\" decoding=\"async\" src=\"https:\/\/www.andreas-edler.de\/blog\/wp-content\/uploads\/2020\/10\/2020-08-07-21.39.10-470x214.jpg\" alt=\"\" width=\"470\" height=\"214\" class=\"size-large wp-image-166977\" srcset=\"https:\/\/www.andreas-edler.de\/blog\/wp-content\/uploads\/2020\/10\/2020-08-07-21.39.10-470x214.jpg 470w, https:\/\/www.andreas-edler.de\/blog\/wp-content\/uploads\/2020\/10\/2020-08-07-21.39.10-250x114.jpg 250w, https:\/\/www.andreas-edler.de\/blog\/wp-content\/uploads\/2020\/10\/2020-08-07-21.39.10-768x350.jpg 768w, https:\/\/www.andreas-edler.de\/blog\/wp-content\/uploads\/2020\/10\/2020-08-07-21.39.10-100x46.jpg 100w, https:\/\/www.andreas-edler.de\/blog\/wp-content\/uploads\/2020\/10\/2020-08-07-21.39.10-150x68.jpg 150w, https:\/\/www.andreas-edler.de\/blog\/wp-content\/uploads\/2020\/10\/2020-08-07-21.39.10-200x91.jpg 200w, https:\/\/www.andreas-edler.de\/blog\/wp-content\/uploads\/2020\/10\/2020-08-07-21.39.10-300x137.jpg 300w, https:\/\/www.andreas-edler.de\/blog\/wp-content\/uploads\/2020\/10\/2020-08-07-21.39.10-450x205.jpg 450w, https:\/\/www.andreas-edler.de\/blog\/wp-content\/uploads\/2020\/10\/2020-08-07-21.39.10-600x274.jpg 600w, https:\/\/www.andreas-edler.de\/blog\/wp-content\/uploads\/2020\/10\/2020-08-07-21.39.10-900x411.jpg 900w, https:\/\/www.andreas-edler.de\/blog\/wp-content\/uploads\/2020\/10\/2020-08-07-21.39.10.jpg 1280w\" sizes=\"auto, (max-width: 470px) 100vw, 470px\" \/><\/a><figcaption id=\"caption-attachment-166977\" class=\"wp-caption-text\">Trockenversuche<\/figcaption><\/figure> Das klappte auch ganz gut. Nur wenige der Bl\u00e4tter waren unrettbar verloren. Die extrem trockene und warme Witterung Anfang August kam uns zugute, denn die Zettel trockneten beim Zugucken. Am n\u00e4chsten Tag war dann der Leckageorter im Haus und hat den Fehler gesucht. Er war gl\u00fccklicherweise nicht wieder im Flur &#8230; sondern unter dem Parkett im Wohnzimmer. Ich kotzte!<br \/>\n<figure id=\"attachment_166978\" aria-describedby=\"caption-attachment-166978\" style=\"width: 470px\" class=\"wp-caption aligncenter\"><a href=\"https:\/\/www.andreas-edler.de\/blog\/wp-content\/uploads\/2020\/10\/2020-08-14-13.30.01.jpg\"><img loading=\"lazy\" decoding=\"async\" src=\"https:\/\/www.andreas-edler.de\/blog\/wp-content\/uploads\/2020\/10\/2020-08-14-13.30.01-470x255.jpg\" alt=\"\" width=\"470\" height=\"255\" class=\"size-large wp-image-166978\" srcset=\"https:\/\/www.andreas-edler.de\/blog\/wp-content\/uploads\/2020\/10\/2020-08-14-13.30.01-470x255.jpg 470w, https:\/\/www.andreas-edler.de\/blog\/wp-content\/uploads\/2020\/10\/2020-08-14-13.30.01-250x136.jpg 250w, https:\/\/www.andreas-edler.de\/blog\/wp-content\/uploads\/2020\/10\/2020-08-14-13.30.01-768x417.jpg 768w, https:\/\/www.andreas-edler.de\/blog\/wp-content\/uploads\/2020\/10\/2020-08-14-13.30.01-100x54.jpg 100w, https:\/\/www.andreas-edler.de\/blog\/wp-content\/uploads\/2020\/10\/2020-08-14-13.30.01-150x81.jpg 150w, https:\/\/www.andreas-edler.de\/blog\/wp-content\/uploads\/2020\/10\/2020-08-14-13.30.01-200x109.jpg 200w, https:\/\/www.andreas-edler.de\/blog\/wp-content\/uploads\/2020\/10\/2020-08-14-13.30.01-300x163.jpg 300w, https:\/\/www.andreas-edler.de\/blog\/wp-content\/uploads\/2020\/10\/2020-08-14-13.30.01-450x244.jpg 450w, https:\/\/www.andreas-edler.de\/blog\/wp-content\/uploads\/2020\/10\/2020-08-14-13.30.01-600x326.jpg 600w, https:\/\/www.andreas-edler.de\/blog\/wp-content\/uploads\/2020\/10\/2020-08-14-13.30.01-900x489.jpg 900w, https:\/\/www.andreas-edler.de\/blog\/wp-content\/uploads\/2020\/10\/2020-08-14-13.30.01.jpg 1280w\" sizes=\"auto, (max-width: 470px) 100vw, 470px\" \/><\/a><figcaption id=\"caption-attachment-166978\" class=\"wp-caption-text\">Verteilung der Wasserleitung im Erdgeschoss<\/figcaption><\/figure> Das Loch wurde erstmal provisorisch geflickt und wir sind in uns gegangen. Der dritte Schaden an quasi der gleichen Stelle in drei Jahren. Noch dazu zweimal innerhalb weniger Monate. Ich hatte von Anfang an den Gedanken, da etwas gr\u00f6\u00dfer zu sanieren. Die Verteilung zum G\u00e4ste-WC liegt komplett unter dem Flur entlang. Wie wir feststellten, lagen die Wasserleitungen ins Obergeschoss in einem kleinen Schacht neben dem Schornstein. Da bot es sich an, bis oben hin alles neu zu machen!<figure id=\"attachment_166980\" aria-describedby=\"caption-attachment-166980\" style=\"width: 470px\" class=\"wp-caption aligncenter\"><a href=\"https:\/\/www.andreas-edler.de\/blog\/wp-content\/uploads\/2020\/10\/2020-08-18-16.27.41.jpg\"><img loading=\"lazy\" decoding=\"async\" src=\"https:\/\/www.andreas-edler.de\/blog\/wp-content\/uploads\/2020\/10\/2020-08-18-16.27.41-470x174.jpg\" alt=\"\" width=\"470\" height=\"174\" class=\"size-large wp-image-166980\" srcset=\"https:\/\/www.andreas-edler.de\/blog\/wp-content\/uploads\/2020\/10\/2020-08-18-16.27.41-470x174.jpg 470w, https:\/\/www.andreas-edler.de\/blog\/wp-content\/uploads\/2020\/10\/2020-08-18-16.27.41-250x92.jpg 250w, https:\/\/www.andreas-edler.de\/blog\/wp-content\/uploads\/2020\/10\/2020-08-18-16.27.41-768x284.jpg 768w, https:\/\/www.andreas-edler.de\/blog\/wp-content\/uploads\/2020\/10\/2020-08-18-16.27.41-100x37.jpg 100w, https:\/\/www.andreas-edler.de\/blog\/wp-content\/uploads\/2020\/10\/2020-08-18-16.27.41-150x55.jpg 150w, https:\/\/www.andreas-edler.de\/blog\/wp-content\/uploads\/2020\/10\/2020-08-18-16.27.41-200x74.jpg 200w, https:\/\/www.andreas-edler.de\/blog\/wp-content\/uploads\/2020\/10\/2020-08-18-16.27.41-300x111.jpg 300w, https:\/\/www.andreas-edler.de\/blog\/wp-content\/uploads\/2020\/10\/2020-08-18-16.27.41-450x166.jpg 450w, https:\/\/www.andreas-edler.de\/blog\/wp-content\/uploads\/2020\/10\/2020-08-18-16.27.41-600x222.jpg 600w, https:\/\/www.andreas-edler.de\/blog\/wp-content\/uploads\/2020\/10\/2020-08-18-16.27.41-900x333.jpg 900w, https:\/\/www.andreas-edler.de\/blog\/wp-content\/uploads\/2020\/10\/2020-08-18-16.27.41.jpg 1280w\" sizes=\"auto, (max-width: 470px) 100vw, 470px\" \/><\/a><figcaption id=\"caption-attachment-166980\" class=\"wp-caption-text\">Unter dem G\u00e4ste-WC<\/figcaption><\/figure> Im Keller haben wir alle Wasserleitungen unter der Decke verlegen lassen. Das G\u00e4ste-WC wurde durch eine Lochbohrung in der Decke direkt angeschlossen. Wenn hier mal renoviert werden sollte, kann der Rest der Leitungen in der Wand und unter den Fliesen des G\u00e4ste-WC erneuert werden. Auch die K\u00fcche wurde direkt durch den Keller angebunden. F\u00fcr Kaltwasser war das schon vor drei Jahren geschehen, so dass hier nur noch die Warmwasserleitung durchgebohrt werden musste.<br \/>\n<figure id=\"attachment_166982\" aria-describedby=\"caption-attachment-166982\" style=\"width: 470px\" class=\"wp-caption aligncenter\"><a href=\"https:\/\/www.andreas-edler.de\/blog\/wp-content\/uploads\/2020\/10\/2020-08-18-08.52.08.jpg\"><img loading=\"lazy\" decoding=\"async\" src=\"https:\/\/www.andreas-edler.de\/blog\/wp-content\/uploads\/2020\/10\/2020-08-18-08.52.08-470x214.jpg\" alt=\"\" width=\"470\" height=\"214\" class=\"size-large wp-image-166982\" srcset=\"https:\/\/www.andreas-edler.de\/blog\/wp-content\/uploads\/2020\/10\/2020-08-18-08.52.08-470x214.jpg 470w, https:\/\/www.andreas-edler.de\/blog\/wp-content\/uploads\/2020\/10\/2020-08-18-08.52.08-250x114.jpg 250w, https:\/\/www.andreas-edler.de\/blog\/wp-content\/uploads\/2020\/10\/2020-08-18-08.52.08-768x350.jpg 768w, https:\/\/www.andreas-edler.de\/blog\/wp-content\/uploads\/2020\/10\/2020-08-18-08.52.08-100x46.jpg 100w, https:\/\/www.andreas-edler.de\/blog\/wp-content\/uploads\/2020\/10\/2020-08-18-08.52.08-150x68.jpg 150w, https:\/\/www.andreas-edler.de\/blog\/wp-content\/uploads\/2020\/10\/2020-08-18-08.52.08-200x91.jpg 200w, https:\/\/www.andreas-edler.de\/blog\/wp-content\/uploads\/2020\/10\/2020-08-18-08.52.08-300x137.jpg 300w, https:\/\/www.andreas-edler.de\/blog\/wp-content\/uploads\/2020\/10\/2020-08-18-08.52.08-450x205.jpg 450w, https:\/\/www.andreas-edler.de\/blog\/wp-content\/uploads\/2020\/10\/2020-08-18-08.52.08-600x274.jpg 600w, https:\/\/www.andreas-edler.de\/blog\/wp-content\/uploads\/2020\/10\/2020-08-18-08.52.08-900x411.jpg 900w, https:\/\/www.andreas-edler.de\/blog\/wp-content\/uploads\/2020\/10\/2020-08-18-08.52.08.jpg 1280w\" sizes=\"auto, (max-width: 470px) 100vw, 470px\" \/><\/a><figcaption id=\"caption-attachment-166982\" class=\"wp-caption-text\">Kleine Ecke im &#8222;Kinderzimmer&#8220;<\/figcaption><\/figure> Da die Rohre nach oben so bequem in einem Schacht lagen, haben wir diese bis in das Obergeschoss ebenfalls erneuern lassen! Die alten Rohre raus ziehen und neu rein. Dazu musste im Zimmer von Nachwuchs 1.0 nur eine kleine Ecke im Boden aufgestemmt werden. Hier kann dann &#8211; so denn irgendwann das Bad oben neu gemacht wird &#8211; angesetzt werden und auch im Obergeschoss die alten Kupferleitungen gegen neue Kunststoffrohre getauscht werden. Damit ist das Ergeschoss &#8222;trocken&#8220; :-)<br \/>\n<figure id=\"attachment_166983\" aria-describedby=\"caption-attachment-166983\" style=\"width: 470px\" class=\"wp-caption aligncenter\"><a href=\"https:\/\/www.andreas-edler.de\/blog\/wp-content\/uploads\/2020\/10\/2020-08-19-17.26.58.jpg\"><img loading=\"lazy\" decoding=\"async\" src=\"https:\/\/www.andreas-edler.de\/blog\/wp-content\/uploads\/2020\/10\/2020-08-19-17.26.58-470x277.jpg\" alt=\"\" width=\"470\" height=\"277\" class=\"size-large wp-image-166983\" srcset=\"https:\/\/www.andreas-edler.de\/blog\/wp-content\/uploads\/2020\/10\/2020-08-19-17.26.58-470x277.jpg 470w, https:\/\/www.andreas-edler.de\/blog\/wp-content\/uploads\/2020\/10\/2020-08-19-17.26.58-250x147.jpg 250w, https:\/\/www.andreas-edler.de\/blog\/wp-content\/uploads\/2020\/10\/2020-08-19-17.26.58-768x453.jpg 768w, https:\/\/www.andreas-edler.de\/blog\/wp-content\/uploads\/2020\/10\/2020-08-19-17.26.58-100x59.jpg 100w, https:\/\/www.andreas-edler.de\/blog\/wp-content\/uploads\/2020\/10\/2020-08-19-17.26.58-150x88.jpg 150w, https:\/\/www.andreas-edler.de\/blog\/wp-content\/uploads\/2020\/10\/2020-08-19-17.26.58-200x118.jpg 200w, https:\/\/www.andreas-edler.de\/blog\/wp-content\/uploads\/2020\/10\/2020-08-19-17.26.58-300x177.jpg 300w, https:\/\/www.andreas-edler.de\/blog\/wp-content\/uploads\/2020\/10\/2020-08-19-17.26.58-450x265.jpg 450w, https:\/\/www.andreas-edler.de\/blog\/wp-content\/uploads\/2020\/10\/2020-08-19-17.26.58-600x354.jpg 600w, https:\/\/www.andreas-edler.de\/blog\/wp-content\/uploads\/2020\/10\/2020-08-19-17.26.58-900x531.jpg 900w, https:\/\/www.andreas-edler.de\/blog\/wp-content\/uploads\/2020\/10\/2020-08-19-17.26.58.jpg 1280w\" sizes=\"auto, (max-width: 470px) 100vw, 470px\" \/><\/a><figcaption id=\"caption-attachment-166983\" class=\"wp-caption-text\">Anschluss der neuen Leitungen in der Wand des G\u00e4ste-WC vom Flur aus. Die Rohre kommen nun von unten.<\/figcaption><\/figure> Das war am 19 August, knapp zwei Wochen nach dem Rohrbruch erledigt. So lange lag alles offen rum. Drei Wochen sp\u00e4ter kamen dann die Maurer und machten die L\u00f6cher im Boden und im Schacht neben dem Schornstein (die Rohre mussten hier mit Schellen fixiert werden) wieder zu. Eineinhalb Monate mit den L\u00f6chern im Boden. Ich hatte echt die Nase voll! <figure id=\"attachment_166985\" aria-describedby=\"caption-attachment-166985\" style=\"width: 470px\" class=\"wp-caption aligncenter\"><a href=\"https:\/\/www.andreas-edler.de\/blog\/wp-content\/uploads\/2020\/10\/2020-09-09-12.48.27.jpg\"><img loading=\"lazy\" decoding=\"async\" src=\"https:\/\/www.andreas-edler.de\/blog\/wp-content\/uploads\/2020\/10\/2020-09-09-12.48.27-470x225.jpg\" alt=\"\" width=\"470\" height=\"225\" class=\"size-large wp-image-166985\" srcset=\"https:\/\/www.andreas-edler.de\/blog\/wp-content\/uploads\/2020\/10\/2020-09-09-12.48.27-470x225.jpg 470w, https:\/\/www.andreas-edler.de\/blog\/wp-content\/uploads\/2020\/10\/2020-09-09-12.48.27-250x120.jpg 250w, https:\/\/www.andreas-edler.de\/blog\/wp-content\/uploads\/2020\/10\/2020-09-09-12.48.27-768x367.jpg 768w, https:\/\/www.andreas-edler.de\/blog\/wp-content\/uploads\/2020\/10\/2020-09-09-12.48.27-100x48.jpg 100w, https:\/\/www.andreas-edler.de\/blog\/wp-content\/uploads\/2020\/10\/2020-09-09-12.48.27-150x72.jpg 150w, https:\/\/www.andreas-edler.de\/blog\/wp-content\/uploads\/2020\/10\/2020-09-09-12.48.27-200x96.jpg 200w, https:\/\/www.andreas-edler.de\/blog\/wp-content\/uploads\/2020\/10\/2020-09-09-12.48.27-300x143.jpg 300w, https:\/\/www.andreas-edler.de\/blog\/wp-content\/uploads\/2020\/10\/2020-09-09-12.48.27-450x215.jpg 450w, https:\/\/www.andreas-edler.de\/blog\/wp-content\/uploads\/2020\/10\/2020-09-09-12.48.27-600x287.jpg 600w, https:\/\/www.andreas-edler.de\/blog\/wp-content\/uploads\/2020\/10\/2020-09-09-12.48.27-900x430.jpg 900w, https:\/\/www.andreas-edler.de\/blog\/wp-content\/uploads\/2020\/10\/2020-09-09-12.48.27.jpg 1280w\" sizes=\"auto, (max-width: 470px) 100vw, 470px\" \/><\/a><figcaption id=\"caption-attachment-166985\" class=\"wp-caption-text\">Wohnzimmer verputzt<\/figcaption><\/figure> Klitzkleiner positiver Nebeneffekt war, dass ich nun jeweils ein Ethernetkabel aus dem Keller in den Flur und eins ganz hoch bis in das Zimmer vom Nachwuchs habe. Das konnte man super bequem durch die offenen Kan\u00e4le schieben. Kann man nie wissen, wozu man es mal braucht &#8230; bzw. habe ich schon einen Verwendungszweck f\u00fcr das Kabel im Flur.<br \/>\n<figure id=\"attachment_166987\" aria-describedby=\"caption-attachment-166987\" style=\"width: 470px\" class=\"wp-caption aligncenter\"><a href=\"https:\/\/www.andreas-edler.de\/blog\/wp-content\/uploads\/2020\/10\/2020-10-12-11.23.57.jpg\"><img loading=\"lazy\" decoding=\"async\" src=\"https:\/\/www.andreas-edler.de\/blog\/wp-content\/uploads\/2020\/10\/2020-10-12-11.23.57-470x180.jpg\" alt=\"\" width=\"470\" height=\"180\" class=\"size-large wp-image-166987\" srcset=\"https:\/\/www.andreas-edler.de\/blog\/wp-content\/uploads\/2020\/10\/2020-10-12-11.23.57-470x180.jpg 470w, https:\/\/www.andreas-edler.de\/blog\/wp-content\/uploads\/2020\/10\/2020-10-12-11.23.57-250x96.jpg 250w, https:\/\/www.andreas-edler.de\/blog\/wp-content\/uploads\/2020\/10\/2020-10-12-11.23.57-768x293.jpg 768w, https:\/\/www.andreas-edler.de\/blog\/wp-content\/uploads\/2020\/10\/2020-10-12-11.23.57-100x38.jpg 100w, https:\/\/www.andreas-edler.de\/blog\/wp-content\/uploads\/2020\/10\/2020-10-12-11.23.57-150x57.jpg 150w, https:\/\/www.andreas-edler.de\/blog\/wp-content\/uploads\/2020\/10\/2020-10-12-11.23.57-200x76.jpg 200w, https:\/\/www.andreas-edler.de\/blog\/wp-content\/uploads\/2020\/10\/2020-10-12-11.23.57-300x115.jpg 300w, https:\/\/www.andreas-edler.de\/blog\/wp-content\/uploads\/2020\/10\/2020-10-12-11.23.57-450x172.jpg 450w, https:\/\/www.andreas-edler.de\/blog\/wp-content\/uploads\/2020\/10\/2020-10-12-11.23.57-600x229.jpg 600w, https:\/\/www.andreas-edler.de\/blog\/wp-content\/uploads\/2020\/10\/2020-10-12-11.23.57-900x344.jpg 900w, https:\/\/www.andreas-edler.de\/blog\/wp-content\/uploads\/2020\/10\/2020-10-12-11.23.57.jpg 1280w\" sizes=\"auto, (max-width: 470px) 100vw, 470px\" \/><\/a><figcaption id=\"caption-attachment-166987\" class=\"wp-caption-text\">Feuchtigkeit z\u00fcchtet Schimmel.<\/figcaption><\/figure> Den Maler hatten wir zwischendurch bereits im Haus, damit er sich anschaut was auf ihn zukommt. Der war allerdings auch mit Terminen schon so zu, dass er erst in der Woche ab dem 12.10. Zeit hatte. Nochmal einen Monat warten. Die Tapeten im Flur mussten runter. Im Wohnzimmer auf der gegen\u00fcberliegenden Seite auch. An den anderen Stellen im Flur wurde etwas zwischengeflickt. Das liegt gl\u00fccklicherweise in der Garderobe. Letzten Dienstag sollte es los gehen.<br \/>\n<figure id=\"attachment_166988\" aria-describedby=\"caption-attachment-166988\" style=\"width: 470px\" class=\"wp-caption aligncenter\"><a href=\"https:\/\/www.andreas-edler.de\/blog\/wp-content\/uploads\/2020\/10\/2020-10-12-17.06.58.jpg\"><img loading=\"lazy\" decoding=\"async\" src=\"https:\/\/www.andreas-edler.de\/blog\/wp-content\/uploads\/2020\/10\/2020-10-12-17.06.58-470x134.jpg\" alt=\"\" width=\"470\" height=\"134\" class=\"size-large wp-image-166988\" srcset=\"https:\/\/www.andreas-edler.de\/blog\/wp-content\/uploads\/2020\/10\/2020-10-12-17.06.58-470x134.jpg 470w, https:\/\/www.andreas-edler.de\/blog\/wp-content\/uploads\/2020\/10\/2020-10-12-17.06.58-250x71.jpg 250w, https:\/\/www.andreas-edler.de\/blog\/wp-content\/uploads\/2020\/10\/2020-10-12-17.06.58-768x220.jpg 768w, https:\/\/www.andreas-edler.de\/blog\/wp-content\/uploads\/2020\/10\/2020-10-12-17.06.58-100x29.jpg 100w, https:\/\/www.andreas-edler.de\/blog\/wp-content\/uploads\/2020\/10\/2020-10-12-17.06.58-150x43.jpg 150w, https:\/\/www.andreas-edler.de\/blog\/wp-content\/uploads\/2020\/10\/2020-10-12-17.06.58-200x57.jpg 200w, https:\/\/www.andreas-edler.de\/blog\/wp-content\/uploads\/2020\/10\/2020-10-12-17.06.58-300x86.jpg 300w, https:\/\/www.andreas-edler.de\/blog\/wp-content\/uploads\/2020\/10\/2020-10-12-17.06.58-450x129.jpg 450w, https:\/\/www.andreas-edler.de\/blog\/wp-content\/uploads\/2020\/10\/2020-10-12-17.06.58-600x172.jpg 600w, https:\/\/www.andreas-edler.de\/blog\/wp-content\/uploads\/2020\/10\/2020-10-12-17.06.58-900x257.jpg 900w, https:\/\/www.andreas-edler.de\/blog\/wp-content\/uploads\/2020\/10\/2020-10-12-17.06.58.jpg 1280w\" sizes=\"auto, (max-width: 470px) 100vw, 470px\" \/><\/a><figcaption id=\"caption-attachment-166988\" class=\"wp-caption-text\">Wohnzimmer leer ger\u00e4umt.<\/figcaption><\/figure> Wir haben dann ab dem letzten Freitag schon angefangen alles leer zu r\u00e4umen. Unser B\u00fccherregal im Flur hatte Alex schon vor einem Monat abgebaut und die B\u00fccher in Kartons im Keller verstaut. <figure id=\"attachment_166989\" aria-describedby=\"caption-attachment-166989\" style=\"width: 250px\" class=\"wp-caption alignright\"><a href=\"https:\/\/www.andreas-edler.de\/blog\/wp-content\/uploads\/2020\/10\/2020-10-12-15.18.39.jpg\"><img loading=\"lazy\" decoding=\"async\" src=\"https:\/\/www.andreas-edler.de\/blog\/wp-content\/uploads\/2020\/10\/2020-10-12-15.18.39-250x237.jpg\" alt=\"\" width=\"250\" height=\"237\" class=\"size-medium wp-image-166989\" srcset=\"https:\/\/www.andreas-edler.de\/blog\/wp-content\/uploads\/2020\/10\/2020-10-12-15.18.39-250x237.jpg 250w, https:\/\/www.andreas-edler.de\/blog\/wp-content\/uploads\/2020\/10\/2020-10-12-15.18.39-470x446.jpg 470w, https:\/\/www.andreas-edler.de\/blog\/wp-content\/uploads\/2020\/10\/2020-10-12-15.18.39-768x729.jpg 768w, https:\/\/www.andreas-edler.de\/blog\/wp-content\/uploads\/2020\/10\/2020-10-12-15.18.39-100x95.jpg 100w, https:\/\/www.andreas-edler.de\/blog\/wp-content\/uploads\/2020\/10\/2020-10-12-15.18.39-150x142.jpg 150w, https:\/\/www.andreas-edler.de\/blog\/wp-content\/uploads\/2020\/10\/2020-10-12-15.18.39-200x190.jpg 200w, https:\/\/www.andreas-edler.de\/blog\/wp-content\/uploads\/2020\/10\/2020-10-12-15.18.39-300x285.jpg 300w, https:\/\/www.andreas-edler.de\/blog\/wp-content\/uploads\/2020\/10\/2020-10-12-15.18.39-450x427.jpg 450w, https:\/\/www.andreas-edler.de\/blog\/wp-content\/uploads\/2020\/10\/2020-10-12-15.18.39-600x570.jpg 600w, https:\/\/www.andreas-edler.de\/blog\/wp-content\/uploads\/2020\/10\/2020-10-12-15.18.39-900x854.jpg 900w, https:\/\/www.andreas-edler.de\/blog\/wp-content\/uploads\/2020\/10\/2020-10-12-15.18.39.jpg 1280w\" sizes=\"auto, (max-width: 250px) 100vw, 250px\" \/><\/a><figcaption id=\"caption-attachment-166989\" class=\"wp-caption-text\">Alles im Wintergarten<\/figcaption><\/figure> Die Wohnzimmer- und Esszimmerm\u00f6bel passten gestapelt alle in den Wintergarten. Auch die Unterhaltungselektronik fand dort ein Pl\u00e4tzchen. Am Samstag sind wir sehr kurzentschlossen zu Porta-M\u00f6bel gefahren, nachdem ich Freitagsp\u00e4tabends am Rechner tats\u00e4chlich noch Schr\u00e4nke gefunden habe, die uns allen gefielen. Wir suchen ja auch erst etwas \u00fcber ein Jahrzehnt. Da kommt das selbstgebaute Hifi-Lowboard wohl weg.<\/p>\n<p>Dauerte nur eine knappe Stunde, bis wir den Kaufvertrag unterschrieben hatten &#8211; Lieferzeit allerdings ca. 9 Wochen. Montag bis Freitag hatten wir alle Urlaub. Ich war an den ersten beiden Tagen allerdings morgens noch ein paar Stunden im B\u00fcro und als ich am Dienstag am fr\u00fchen Nachmittag leicht angenervt nach Hause kam, meinte Alex ich solle dann besser nicht ins Wohnzimmer gehen.<br \/>\n<figure id=\"attachment_166994\" aria-describedby=\"caption-attachment-166994\" style=\"width: 470px\" class=\"wp-caption aligncenter\"><a href=\"https:\/\/www.andreas-edler.de\/blog\/wp-content\/uploads\/2020\/10\/2020-10-13-13.33.46.jpg\"><img loading=\"lazy\" decoding=\"async\" src=\"https:\/\/www.andreas-edler.de\/blog\/wp-content\/uploads\/2020\/10\/2020-10-13-13.33.46-470x174.jpg\" alt=\"\" width=\"470\" height=\"174\" class=\"size-large wp-image-166994\" srcset=\"https:\/\/www.andreas-edler.de\/blog\/wp-content\/uploads\/2020\/10\/2020-10-13-13.33.46-470x174.jpg 470w, https:\/\/www.andreas-edler.de\/blog\/wp-content\/uploads\/2020\/10\/2020-10-13-13.33.46-250x92.jpg 250w, https:\/\/www.andreas-edler.de\/blog\/wp-content\/uploads\/2020\/10\/2020-10-13-13.33.46-768x284.jpg 768w, https:\/\/www.andreas-edler.de\/blog\/wp-content\/uploads\/2020\/10\/2020-10-13-13.33.46-100x37.jpg 100w, https:\/\/www.andreas-edler.de\/blog\/wp-content\/uploads\/2020\/10\/2020-10-13-13.33.46-150x55.jpg 150w, https:\/\/www.andreas-edler.de\/blog\/wp-content\/uploads\/2020\/10\/2020-10-13-13.33.46-200x74.jpg 200w, https:\/\/www.andreas-edler.de\/blog\/wp-content\/uploads\/2020\/10\/2020-10-13-13.33.46-300x111.jpg 300w, https:\/\/www.andreas-edler.de\/blog\/wp-content\/uploads\/2020\/10\/2020-10-13-13.33.46-450x166.jpg 450w, https:\/\/www.andreas-edler.de\/blog\/wp-content\/uploads\/2020\/10\/2020-10-13-13.33.46-600x222.jpg 600w, https:\/\/www.andreas-edler.de\/blog\/wp-content\/uploads\/2020\/10\/2020-10-13-13.33.46-900x333.jpg 900w, https:\/\/www.andreas-edler.de\/blog\/wp-content\/uploads\/2020\/10\/2020-10-13-13.33.46.jpg 1280w\" sizes=\"auto, (max-width: 470px) 100vw, 470px\" \/><\/a><figcaption id=\"caption-attachment-166994\" class=\"wp-caption-text\">Decke schon wieder feucht!<\/figcaption><\/figure> VERDAMMTE SCHEI\u00dfE! Da war doch schon wieder was undicht. Ganz offensichtlich die Stelle bei Tim im Zimmer, wo die neuen an die alten Rohre angeschlossen worden sind. Eigentlich war das genau so nicht geplant!<br \/>\n<figure id=\"attachment_166995\" aria-describedby=\"caption-attachment-166995\" style=\"width: 470px\" class=\"wp-caption aligncenter\"><a href=\"https:\/\/www.andreas-edler.de\/blog\/wp-content\/uploads\/2020\/10\/2020-10-13-13.34.06.jpg\"><img loading=\"lazy\" decoding=\"async\" src=\"https:\/\/www.andreas-edler.de\/blog\/wp-content\/uploads\/2020\/10\/2020-10-13-13.34.06-470x212.jpg\" alt=\"\" width=\"470\" height=\"212\" class=\"size-large wp-image-166995\" srcset=\"https:\/\/www.andreas-edler.de\/blog\/wp-content\/uploads\/2020\/10\/2020-10-13-13.34.06-470x212.jpg 470w, https:\/\/www.andreas-edler.de\/blog\/wp-content\/uploads\/2020\/10\/2020-10-13-13.34.06-250x113.jpg 250w, https:\/\/www.andreas-edler.de\/blog\/wp-content\/uploads\/2020\/10\/2020-10-13-13.34.06-768x346.jpg 768w, https:\/\/www.andreas-edler.de\/blog\/wp-content\/uploads\/2020\/10\/2020-10-13-13.34.06-100x45.jpg 100w, https:\/\/www.andreas-edler.de\/blog\/wp-content\/uploads\/2020\/10\/2020-10-13-13.34.06-150x68.jpg 150w, https:\/\/www.andreas-edler.de\/blog\/wp-content\/uploads\/2020\/10\/2020-10-13-13.34.06-200x90.jpg 200w, https:\/\/www.andreas-edler.de\/blog\/wp-content\/uploads\/2020\/10\/2020-10-13-13.34.06-300x135.jpg 300w, https:\/\/www.andreas-edler.de\/blog\/wp-content\/uploads\/2020\/10\/2020-10-13-13.34.06-450x203.jpg 450w, https:\/\/www.andreas-edler.de\/blog\/wp-content\/uploads\/2020\/10\/2020-10-13-13.34.06-600x270.jpg 600w, https:\/\/www.andreas-edler.de\/blog\/wp-content\/uploads\/2020\/10\/2020-10-13-13.34.06-900x405.jpg 900w, https:\/\/www.andreas-edler.de\/blog\/wp-content\/uploads\/2020\/10\/2020-10-13-13.34.06.jpg 1280w\" sizes=\"auto, (max-width: 470px) 100vw, 470px\" \/><\/a><figcaption id=\"caption-attachment-166995\" class=\"wp-caption-text\">Der frische Putz ist schon wieder feucht.<\/figcaption><\/figure> Ich war echt geladen. Unter dem PVC bei Tim war der frische Putz sichtbar nass. Wir haben sofort die Firma angerufen, die dann auch kurz darauf vorbei schaute und notgedrungen alles wieder auf machte. Morgen kommt der Maler! Tats\u00e4chlich stellte sich heraus, dass 10 Zentimeter neben der Stelle, an welcher Kunstoff- und Kupferrohre verpresst worden waren, ein Loch war. Leider war die &#8222;Sanierung&#8220; nicht ganz so vorgenommen worden, wie wir das gesagt hatten. Es war n\u00e4mlich so wenig Material verbaut worden, dass man nicht erneut eine Kunststoffmuffe setzen konnte. Der Monteur war ebenfalls leicht anges\u00e4uert. Mit viel Gl\u00fcck konnten wir die Rohre aus dem Keller ein wenig hoch schieben und dadurch Material zum erneuten verbinden schaffen. W\u00e4re das gleich so erledigt worden, w\u00e4re das neuerliche Loch von vornhein mit ersetzt worden! Was ein \u00c4rger! Nun ist der Boden bei Tim wieder auf und ich \u00fcberlege, das nicht mehr mit Estrich, sondern mit einer dicken MDF-Platte zu verschlie\u00dfen und einen Wassermelder in den Hohlraum zu legen!<br \/>\n<figure id=\"attachment_166996\" aria-describedby=\"caption-attachment-166996\" style=\"width: 470px\" class=\"wp-caption aligncenter\"><a href=\"https:\/\/www.andreas-edler.de\/blog\/wp-content\/uploads\/2020\/10\/2020-10-15-21.06.13.jpg\"><img loading=\"lazy\" decoding=\"async\" src=\"https:\/\/www.andreas-edler.de\/blog\/wp-content\/uploads\/2020\/10\/2020-10-15-21.06.13-470x123.jpg\" alt=\"\" width=\"470\" height=\"123\" class=\"size-large wp-image-166996\" srcset=\"https:\/\/www.andreas-edler.de\/blog\/wp-content\/uploads\/2020\/10\/2020-10-15-21.06.13-470x123.jpg 470w, https:\/\/www.andreas-edler.de\/blog\/wp-content\/uploads\/2020\/10\/2020-10-15-21.06.13-250x65.jpg 250w, https:\/\/www.andreas-edler.de\/blog\/wp-content\/uploads\/2020\/10\/2020-10-15-21.06.13-768x200.jpg 768w, https:\/\/www.andreas-edler.de\/blog\/wp-content\/uploads\/2020\/10\/2020-10-15-21.06.13-100x26.jpg 100w, https:\/\/www.andreas-edler.de\/blog\/wp-content\/uploads\/2020\/10\/2020-10-15-21.06.13-150x39.jpg 150w, https:\/\/www.andreas-edler.de\/blog\/wp-content\/uploads\/2020\/10\/2020-10-15-21.06.13-200x52.jpg 200w, https:\/\/www.andreas-edler.de\/blog\/wp-content\/uploads\/2020\/10\/2020-10-15-21.06.13-300x78.jpg 300w, https:\/\/www.andreas-edler.de\/blog\/wp-content\/uploads\/2020\/10\/2020-10-15-21.06.13-450x117.jpg 450w, https:\/\/www.andreas-edler.de\/blog\/wp-content\/uploads\/2020\/10\/2020-10-15-21.06.13-600x157.jpg 600w, https:\/\/www.andreas-edler.de\/blog\/wp-content\/uploads\/2020\/10\/2020-10-15-21.06.13-900x235.jpg 900w, https:\/\/www.andreas-edler.de\/blog\/wp-content\/uploads\/2020\/10\/2020-10-15-21.06.13.jpg 1280w\" sizes=\"auto, (max-width: 470px) 100vw, 470px\" \/><\/a><figcaption id=\"caption-attachment-166996\" class=\"wp-caption-text\">Alles neu gestrichen<\/figcaption><\/figure> Die Wand habe ich mit einem Heizl\u00fcfter halbwegs getrocknet. Gipsputz wird schnell nass, trocknet aber auch schnell ab. Der Maler wollte die Stelle zun\u00e4chst auslassen und ein paar Wochen sp\u00e4ter neu machen &#8211; als wir irgendwann mal um die Ecke schauten, hatte er es aber schon neu tapeziert und kurz darauf auch gestrichen. Der Flur wurde zwei Tage sp\u00e4ter gemacht und wir haben seit gestern die M\u00f6bel wieder im Wohnzimmer. Jetzt noch zwei Monate auf die neuen Schr\u00e4nke warten.<\/p>\n<p>Ich habe die Schnauze echt voll.<\/p>\n","protected":false},"excerpt":{"rendered":"<p>Vor drei Jahren entdeckten wir beim Renovieren des Flurs einen veritablen Wasserschaden. Im April diesen Jahres hatte das gleiche Rohr nur 30 Zentimeter weiter erneut ein Loch! Kerl, war ich sauer. Die Reparatur ging aber schnell vonstatten. Noch am gleichen &hellip;<\/p>\n<p class=\"read-more\"> <a class=\"more-link\" href=\"https:\/\/www.andreas-edler.de\/blog\/2020\/10\/endlich-wieder-halbwegs-ordentlich\/\"> <span class=\"screen-reader-text\">Endlich wieder halbwegs ordentlich<\/span> Weiterlesen &raquo;<\/a><\/p>\n","protected":false},"author":1,"featured_media":0,"comment_status":"open","ping_status":"open","sticky":false,"template":"","format":"standard","meta":{"ngg_post_thumbnail":0,"activitypub_content_warning":"","activitypub_content_visibility":"","activitypub_max_image_attachments":2,"activitypub_interaction_policy_quote":"anyone","activitypub_status":"","footnotes":""},"categories":[22],"tags":[48,143,362,38,181,169,64,263,122,33,102],"class_list":["post-166974","post","type-post","status-publish","format-standard","hentry","category-basteln","tag-arbeit","tag-aufraeumen","tag-doergen","tag-haus","tag-hifi","tag-kellerkind","tag-konsum","tag-orrrr","tag-renovieren","tag-service","tag-urlaub"],"share_on_mastodon":{"url":"","error":""},"_links":{"self":[{"href":"https:\/\/www.andreas-edler.de\/blog\/wp-json\/wp\/v2\/posts\/166974","targetHints":{"allow":["GET"]}}],"collection":[{"href":"https:\/\/www.andreas-edler.de\/blog\/wp-json\/wp\/v2\/posts"}],"about":[{"href":"https:\/\/www.andreas-edler.de\/blog\/wp-json\/wp\/v2\/types\/post"}],"author":[{"embeddable":true,"href":"https:\/\/www.andreas-edler.de\/blog\/wp-json\/wp\/v2\/users\/1"}],"replies":[{"embeddable":true,"href":"https:\/\/www.andreas-edler.de\/blog\/wp-json\/wp\/v2\/comments?post=166974"}],"version-history":[{"count":0,"href":"https:\/\/www.andreas-edler.de\/blog\/wp-json\/wp\/v2\/posts\/166974\/revisions"}],"wp:attachment":[{"href":"https:\/\/www.andreas-edler.de\/blog\/wp-json\/wp\/v2\/media?parent=166974"}],"wp:term":[{"taxonomy":"category","embeddable":true,"href":"https:\/\/www.andreas-edler.de\/blog\/wp-json\/wp\/v2\/categories?post=166974"},{"taxonomy":"post_tag","embeddable":true,"href":"https:\/\/www.andreas-edler.de\/blog\/wp-json\/wp\/v2\/tags?post=166974"}],"curies":[{"name":"wp","href":"https:\/\/api.w.org\/{rel}","templated":true}]}}