{"id":166890,"date":"2020-09-20T09:09:39","date_gmt":"2020-09-20T07:09:39","guid":{"rendered":"https:\/\/www.andreas-edler.de\/blog\/?p=166890"},"modified":"2020-09-20T09:09:39","modified_gmt":"2020-09-20T07:09:39","slug":"fahrradbruecken-ueber-die-werre","status":"publish","type":"post","link":"https:\/\/www.andreas-edler.de\/blog\/2020\/09\/fahrradbruecken-ueber-die-werre\/","title":{"rendered":"Fahrradbr\u00fccken \u00fcber die Werre"},"content":{"rendered":"<p>Der B\u00fcrgermeister spricht im Interview mit der Neuen Westf\u00e4lischen auch \u00fcber den Radverkehr. Leider wieder nur aus der Sicht ingenieurstechnischer Leistung.<\/p>\n<p><cite>NW vom 12.09.2020: <b><a href=\"https:\/\/www.nw.de\/lokal\/kreis_minden_luebbecke\/bad_oeynhausen\/22860447_Wir-planen-zwei-neue-Radlerbruecken-ueber-die-Werre.html\">Ein sch\u00f6nes Paket f\u00fcr Radler. Da fehlen nur noch die Radwege innerhalb der Stadt. Was wird sich da tun?<\/a><\/b><br \/>\nDie Sielbr\u00fccke [&#8230;] soll im n\u00e4chsten Jahr durch eine kombinierte Fu\u00df- und Radbr\u00fccke ersetzt werden.<br \/>\n&#8230;<br \/>\nUnd eine weitere Br\u00fccke ist Richtung Ford Meyer geplant [&#8230;]. Am Alten Rehmer Weg werden wir einen Kreisverkehr bekommen, durch den die Radfahrer \u00fcber die Mindener Stra\u00dfe und dann weiter zu der neuen Br\u00fccke \u00fcber die Werre gef\u00fchrt werden sollen.<\/cite><!--more--><\/p>\n<p>Zwei &#8222;Fahrradbr\u00fccken&#8220; sind geplant. Nun, die eine ist quasi schon da. Die Sielwehrbr\u00fccke ist leider zu schmal und das Gel\u00e4nder zu niedrig, als dass sie f\u00fcr Fahrradfahrende freigegeben werden k\u00f6nnte. So zumindest die gegebenen Begr\u00fcndungen der Verwaltung auf entsprechende Nachfragen in den letzten Jahren. Wenn nun dort eine neue Br\u00fccke gebaut werden w\u00fcrde, die nicht von Fahrradfahrenden zu nutzen w\u00e4re, dann w\u00e4ren die Planer auch mit dem Klammerbeutel gepudert. Au\u00dferdem gibt es F\u00f6rdermittel, wenn man Radverkehr dran schreibt. Das ist also keine besondere Leistung.<\/p>\n<p>Die andere Br\u00fccke bei Ford Meyer erstaunt mit dann doch. Wo soll die enden? Und was soll die anbinden?<br \/>\n<figure id=\"attachment_166891\" aria-describedby=\"caption-attachment-166891\" style=\"width: 470px\" class=\"wp-caption aligncenter\"><a href=\"https:\/\/www.andreas-edler.de\/blog\/wp-content\/uploads\/2020\/09\/2020-09-20-radbruecke-ford-meyer.png\"><img loading=\"lazy\" decoding=\"async\" src=\"https:\/\/www.andreas-edler.de\/blog\/wp-content\/uploads\/2020\/09\/2020-09-20-radbruecke-ford-meyer-470x299.png\" alt=\"\" width=\"470\" height=\"299\" class=\"size-large wp-image-166891\" srcset=\"https:\/\/www.andreas-edler.de\/blog\/wp-content\/uploads\/2020\/09\/2020-09-20-radbruecke-ford-meyer-470x299.png 470w, https:\/\/www.andreas-edler.de\/blog\/wp-content\/uploads\/2020\/09\/2020-09-20-radbruecke-ford-meyer-250x159.png 250w, https:\/\/www.andreas-edler.de\/blog\/wp-content\/uploads\/2020\/09\/2020-09-20-radbruecke-ford-meyer-768x489.png 768w, https:\/\/www.andreas-edler.de\/blog\/wp-content\/uploads\/2020\/09\/2020-09-20-radbruecke-ford-meyer-100x64.png 100w, https:\/\/www.andreas-edler.de\/blog\/wp-content\/uploads\/2020\/09\/2020-09-20-radbruecke-ford-meyer-150x96.png 150w, https:\/\/www.andreas-edler.de\/blog\/wp-content\/uploads\/2020\/09\/2020-09-20-radbruecke-ford-meyer-200x127.png 200w, https:\/\/www.andreas-edler.de\/blog\/wp-content\/uploads\/2020\/09\/2020-09-20-radbruecke-ford-meyer-300x191.png 300w, https:\/\/www.andreas-edler.de\/blog\/wp-content\/uploads\/2020\/09\/2020-09-20-radbruecke-ford-meyer-450x287.png 450w, https:\/\/www.andreas-edler.de\/blog\/wp-content\/uploads\/2020\/09\/2020-09-20-radbruecke-ford-meyer-600x382.png 600w, https:\/\/www.andreas-edler.de\/blog\/wp-content\/uploads\/2020\/09\/2020-09-20-radbruecke-ford-meyer-900x573.png 900w, https:\/\/www.andreas-edler.de\/blog\/wp-content\/uploads\/2020\/09\/2020-09-20-radbruecke-ford-meyer.png 950w\" sizes=\"auto, (max-width: 470px) 100vw, 470px\" \/><\/a><figcaption id=\"caption-attachment-166891\" class=\"wp-caption-text\">Fahrradbr\u00fccke bei Ford Meyer<br \/>(Kartenmaterial von <a href=\"https:\/\/www.openstreetmap.org\/#map=15\/52.2137\/8.8003\" rel=\"noopener noreferrer\" target=\"_blank\">Openstreetmap<\/a>, rote Markierungen von mir)<\/figcaption><\/figure> Auf der gegen\u00fcberliegenden Seite der Werre liegt der Prinzenwinkel. Das Wohngebiet ist quasi eine Sackgasse. Von dort gelangt man ausschlie\u00dflich zur Eidinghausener Stra\u00dfe und dort gibt es &#8211; wenige Meter von Ford Meyer entfernt &#8211; bereits eine Br\u00fccke \u00fcber die Werre. Wenn man den Prinzenwinkel von Ford Meyer aus erreichbar macht, dann erschlie\u00dft man genau gar nichts.<\/p>\n<p>Darum wurde in den vergangenen Workshops zur klimafreundlichen Mobilit\u00e4t auch bereits \u00fcber das Thema gesprochen und damals noch mit dem alten Fachbereichsleiter Arnold Reeker eine Querung der Werre hinter der Volksbank als ideal ausgemacht.<br \/>\n<figure id=\"attachment_166892\" aria-describedby=\"caption-attachment-166892\" style=\"width: 470px\" class=\"wp-caption aligncenter\"><a href=\"https:\/\/www.andreas-edler.de\/blog\/wp-content\/uploads\/2020\/09\/2020-09-20-radbruecke-werrepark.png\"><img loading=\"lazy\" decoding=\"async\" src=\"https:\/\/www.andreas-edler.de\/blog\/wp-content\/uploads\/2020\/09\/2020-09-20-radbruecke-werrepark-470x287.png\" alt=\"\" width=\"470\" height=\"287\" class=\"size-large wp-image-166892\" srcset=\"https:\/\/www.andreas-edler.de\/blog\/wp-content\/uploads\/2020\/09\/2020-09-20-radbruecke-werrepark-470x287.png 470w, https:\/\/www.andreas-edler.de\/blog\/wp-content\/uploads\/2020\/09\/2020-09-20-radbruecke-werrepark-250x153.png 250w, https:\/\/www.andreas-edler.de\/blog\/wp-content\/uploads\/2020\/09\/2020-09-20-radbruecke-werrepark-768x469.png 768w, https:\/\/www.andreas-edler.de\/blog\/wp-content\/uploads\/2020\/09\/2020-09-20-radbruecke-werrepark-100x61.png 100w, https:\/\/www.andreas-edler.de\/blog\/wp-content\/uploads\/2020\/09\/2020-09-20-radbruecke-werrepark-150x92.png 150w, https:\/\/www.andreas-edler.de\/blog\/wp-content\/uploads\/2020\/09\/2020-09-20-radbruecke-werrepark-200x122.png 200w, https:\/\/www.andreas-edler.de\/blog\/wp-content\/uploads\/2020\/09\/2020-09-20-radbruecke-werrepark-300x183.png 300w, https:\/\/www.andreas-edler.de\/blog\/wp-content\/uploads\/2020\/09\/2020-09-20-radbruecke-werrepark-450x275.png 450w, https:\/\/www.andreas-edler.de\/blog\/wp-content\/uploads\/2020\/09\/2020-09-20-radbruecke-werrepark-600x366.png 600w, https:\/\/www.andreas-edler.de\/blog\/wp-content\/uploads\/2020\/09\/2020-09-20-radbruecke-werrepark-900x549.png 900w, https:\/\/www.andreas-edler.de\/blog\/wp-content\/uploads\/2020\/09\/2020-09-20-radbruecke-werrepark.png 977w\" sizes=\"auto, (max-width: 470px) 100vw, 470px\" \/><\/a><figcaption id=\"caption-attachment-166892\" class=\"wp-caption-text\">Radbr\u00fccke \u00fcber die Werre hinter der Volksbankfiliale an der Eidinghausener Stra\u00dfe<br \/>(Kartenmaterial von <a href=\"https:\/\/www.openstreetmap.org\/#map=15\/52.2137\/8.8003\" rel=\"noopener noreferrer\" target=\"_blank\">Openstreetmap<\/a>, rote Markierungen von mir)<\/figcaption><\/figure> Eine Br\u00fccke an der Stelle w\u00fcrde die Stadtteile Werste und Eidinghausen mit dem Else-Werre-Radweg verbinden und zus\u00e4tzlich den Werre-Park deutlich schneller f\u00fcr die B\u00fcrger dieser Stadtteile mit dem Fahrrad erreichbar machen. Zus\u00e4tzlich ist es dann eine wirkliche Alternative zur Eidinghausener Stra\u00dfe, wenn man mit dem Fahrrad aus dem Norden in den S\u00fcden der Stadt (oder umgekehrt) m\u00f6chte. Zus\u00e4tzlich ein kleiner Weg von der Werster Stra\u00dfe durch die Wiese zum Damm, auf dem sowieso schon ein Radweg gef\u00fchrt wird und man hat wirklich mal eine Abk\u00fcrzung f\u00fcr den Radverkehr geschaffen und keine Br\u00fccke, die in einer Sackgasse endet! Zudem l\u00e4ge die Br\u00fccke dort ziemlich in der Mitte zwischen zwei bestehenden Werrebr\u00fccken und nicht direkt neben einer anderen.<\/p>\n<p>Um das zu wissen, h\u00e4tte nur in die vorhandenen Unterlagen der bestehenen Konzepte geschaut werden m\u00fcssen. Leider erstellen wir immer nur neue, deckungsgleiche Konzepte, statt die bestehenden und beschlossenen abzuarbeiten. Aber vielleicht ist &#8222;in Richtung Ford Meyer&#8220; ja auch &#8222;in Richtung hinter dem Werrepark&#8220;. Der Kompass sagt, das passt.<\/p>\n","protected":false},"excerpt":{"rendered":"<p>Der B\u00fcrgermeister spricht im Interview mit der Neuen Westf\u00e4lischen auch \u00fcber den Radverkehr. Leider wieder nur aus der Sicht ingenieurstechnischer Leistung. NW vom 12.09.2020: Ein sch\u00f6nes Paket f\u00fcr Radler. Da fehlen nur noch die Radwege innerhalb der Stadt. Was wird &hellip;<\/p>\n<p class=\"read-more\"> <a class=\"more-link\" href=\"https:\/\/www.andreas-edler.de\/blog\/2020\/09\/fahrradbruecken-ueber-die-werre\/\"> <span class=\"screen-reader-text\">Fahrradbr\u00fccken \u00fcber die Werre<\/span> Weiterlesen &raquo;<\/a><\/p>\n","protected":false},"author":1,"featured_media":0,"comment_status":"open","ping_status":"open","sticky":false,"template":"","format":"standard","meta":{"ngg_post_thumbnail":0,"activitypub_content_warning":"","activitypub_content_visibility":"","activitypub_max_image_attachments":2,"activitypub_interaction_policy_quote":"anyone","activitypub_status":"","footnotes":""},"categories":[14,15,13],"tags":[109,193,262,306,110,352,326,251,168,483,333,72,139,482],"class_list":["post-166890","post","type-post","status-publish","format-standard","hentry","category-bad-oeynhausen","category-fahrrad","category-verkehr","tag-adfc","tag-buergermeister","tag-eidinghausener-strasse","tag-else-werre-radweg","tag-fahrradfreundliche-stadt","tag-gruene","tag-in-der-ahe","tag-infrastruktur","tag-klimafreundliche-mobilitaet","tag-prinzenwinkel","tag-radverkehrskonzept","tag-verwaltung","tag-werre-park","tag-workshop"],"share_on_mastodon":{"url":"","error":""},"_links":{"self":[{"href":"https:\/\/www.andreas-edler.de\/blog\/wp-json\/wp\/v2\/posts\/166890","targetHints":{"allow":["GET"]}}],"collection":[{"href":"https:\/\/www.andreas-edler.de\/blog\/wp-json\/wp\/v2\/posts"}],"about":[{"href":"https:\/\/www.andreas-edler.de\/blog\/wp-json\/wp\/v2\/types\/post"}],"author":[{"embeddable":true,"href":"https:\/\/www.andreas-edler.de\/blog\/wp-json\/wp\/v2\/users\/1"}],"replies":[{"embeddable":true,"href":"https:\/\/www.andreas-edler.de\/blog\/wp-json\/wp\/v2\/comments?post=166890"}],"version-history":[{"count":0,"href":"https:\/\/www.andreas-edler.de\/blog\/wp-json\/wp\/v2\/posts\/166890\/revisions"}],"wp:attachment":[{"href":"https:\/\/www.andreas-edler.de\/blog\/wp-json\/wp\/v2\/media?parent=166890"}],"wp:term":[{"taxonomy":"category","embeddable":true,"href":"https:\/\/www.andreas-edler.de\/blog\/wp-json\/wp\/v2\/categories?post=166890"},{"taxonomy":"post_tag","embeddable":true,"href":"https:\/\/www.andreas-edler.de\/blog\/wp-json\/wp\/v2\/tags?post=166890"}],"curies":[{"name":"wp","href":"https:\/\/api.w.org\/{rel}","templated":true}]}}