{"id":166846,"date":"2020-09-01T11:00:11","date_gmt":"2020-09-01T09:00:11","guid":{"rendered":"https:\/\/www.andreas-edler.de\/blog\/?p=166846"},"modified":"2020-09-01T11:00:11","modified_gmt":"2020-09-01T09:00:11","slug":"mit-dem-rad-zur-grundschule","status":"publish","type":"post","link":"https:\/\/www.andreas-edler.de\/blog\/2020\/09\/mit-dem-rad-zur-grundschule\/","title":{"rendered":"Mit dem Rad zur Grundschule"},"content":{"rendered":"<p>Seit dem Ende der Sommerferien ist Nachwuchs 2.0 nun kein &#8222;SchuKi&#8220; mehr, sondern richtiger Erstkl\u00e4ssler. Und er geht sogar in Eidinghausen noch in das alte Schulgeb\u00e4ude. Wird also &#8211; wenn der Bau in der geplanten Zeit fertiggestellt wird &#8211; sowohl den Altbau, als auch das neue Schulgeb\u00e4ude nutzen. Der kurze 1,3 Kilometer lange Schulweg wird so oft es geht mit dem Fahrrad zur\u00fcck gelegt. Meist Alex, manchmal auch ich, begleiten Ben dabei nat\u00fcrlich.<br \/>\n<figure id=\"attachment_166847\" aria-describedby=\"caption-attachment-166847\" style=\"width: 470px\" class=\"wp-caption aligncenter\"><a href=\"https:\/\/www.andreas-edler.de\/blog\/wp-content\/uploads\/2020\/09\/2020-08-28-07.45.35-muelltonnen-alter-postweg.png\"><img loading=\"lazy\" decoding=\"async\" src=\"https:\/\/www.andreas-edler.de\/blog\/wp-content\/uploads\/2020\/09\/2020-08-28-07.45.35-muelltonnen-alter-postweg-470x263.png\" alt=\"\" width=\"470\" height=\"263\" class=\"size-large wp-image-166847\" srcset=\"https:\/\/www.andreas-edler.de\/blog\/wp-content\/uploads\/2020\/09\/2020-08-28-07.45.35-muelltonnen-alter-postweg-470x263.png 470w, https:\/\/www.andreas-edler.de\/blog\/wp-content\/uploads\/2020\/09\/2020-08-28-07.45.35-muelltonnen-alter-postweg-250x140.png 250w, https:\/\/www.andreas-edler.de\/blog\/wp-content\/uploads\/2020\/09\/2020-08-28-07.45.35-muelltonnen-alter-postweg-768x430.png 768w, https:\/\/www.andreas-edler.de\/blog\/wp-content\/uploads\/2020\/09\/2020-08-28-07.45.35-muelltonnen-alter-postweg-100x56.png 100w, https:\/\/www.andreas-edler.de\/blog\/wp-content\/uploads\/2020\/09\/2020-08-28-07.45.35-muelltonnen-alter-postweg-150x84.png 150w, https:\/\/www.andreas-edler.de\/blog\/wp-content\/uploads\/2020\/09\/2020-08-28-07.45.35-muelltonnen-alter-postweg-200x112.png 200w, https:\/\/www.andreas-edler.de\/blog\/wp-content\/uploads\/2020\/09\/2020-08-28-07.45.35-muelltonnen-alter-postweg-300x168.png 300w, https:\/\/www.andreas-edler.de\/blog\/wp-content\/uploads\/2020\/09\/2020-08-28-07.45.35-muelltonnen-alter-postweg-450x252.png 450w, https:\/\/www.andreas-edler.de\/blog\/wp-content\/uploads\/2020\/09\/2020-08-28-07.45.35-muelltonnen-alter-postweg-600x336.png 600w, https:\/\/www.andreas-edler.de\/blog\/wp-content\/uploads\/2020\/09\/2020-08-28-07.45.35-muelltonnen-alter-postweg-900x504.png 900w, https:\/\/www.andreas-edler.de\/blog\/wp-content\/uploads\/2020\/09\/2020-08-28-07.45.35-muelltonnen-alter-postweg.png 983w\" sizes=\"auto, (max-width: 470px) 100vw, 470px\" \/><\/a><figcaption id=\"caption-attachment-166847\" class=\"wp-caption-text\">M\u00fclltonnen auf dem f\u00fcr Radfahrer in beide Richtungen freigegebenen Gehweg<\/figcaption><\/figure> <!--more--><\/p>\n<p>Leider wird das manchmal von Menschen nicht leicht gemacht. Auch mich st\u00f6ren auf dem Weg zur Arbeit die an bestimmten Wochentagen auf dem Radweg aufgestellten M\u00fclltonnen an der Eidinghausener Stra\u00dfe. Anderswo ist das leider nicht anders. Und nat\u00fcrlich interessiert das niemanden. &#8222;Wo sollen die denn sonst hin?&#8220; &#8211; ganz ehrlich? Nicht auf den Radweg.<br \/>\n<figure id=\"attachment_166848\" aria-describedby=\"caption-attachment-166848\" style=\"width: 470px\" class=\"wp-caption aligncenter\"><a href=\"https:\/\/www.andreas-edler.de\/blog\/wp-content\/uploads\/2020\/09\/2020-08-28-07.46.16-frau-haelt-auf-radfurt-kreisel-eidinghausen.png\"><img loading=\"lazy\" decoding=\"async\" src=\"https:\/\/www.andreas-edler.de\/blog\/wp-content\/uploads\/2020\/09\/2020-08-28-07.46.16-frau-haelt-auf-radfurt-kreisel-eidinghausen-470x263.png\" alt=\"\" width=\"470\" height=\"263\" class=\"size-large wp-image-166848\" srcset=\"https:\/\/www.andreas-edler.de\/blog\/wp-content\/uploads\/2020\/09\/2020-08-28-07.46.16-frau-haelt-auf-radfurt-kreisel-eidinghausen-470x263.png 470w, https:\/\/www.andreas-edler.de\/blog\/wp-content\/uploads\/2020\/09\/2020-08-28-07.46.16-frau-haelt-auf-radfurt-kreisel-eidinghausen-250x140.png 250w, https:\/\/www.andreas-edler.de\/blog\/wp-content\/uploads\/2020\/09\/2020-08-28-07.46.16-frau-haelt-auf-radfurt-kreisel-eidinghausen-768x430.png 768w, https:\/\/www.andreas-edler.de\/blog\/wp-content\/uploads\/2020\/09\/2020-08-28-07.46.16-frau-haelt-auf-radfurt-kreisel-eidinghausen-100x56.png 100w, https:\/\/www.andreas-edler.de\/blog\/wp-content\/uploads\/2020\/09\/2020-08-28-07.46.16-frau-haelt-auf-radfurt-kreisel-eidinghausen-150x84.png 150w, https:\/\/www.andreas-edler.de\/blog\/wp-content\/uploads\/2020\/09\/2020-08-28-07.46.16-frau-haelt-auf-radfurt-kreisel-eidinghausen-200x112.png 200w, https:\/\/www.andreas-edler.de\/blog\/wp-content\/uploads\/2020\/09\/2020-08-28-07.46.16-frau-haelt-auf-radfurt-kreisel-eidinghausen-300x168.png 300w, https:\/\/www.andreas-edler.de\/blog\/wp-content\/uploads\/2020\/09\/2020-08-28-07.46.16-frau-haelt-auf-radfurt-kreisel-eidinghausen-450x252.png 450w, https:\/\/www.andreas-edler.de\/blog\/wp-content\/uploads\/2020\/09\/2020-08-28-07.46.16-frau-haelt-auf-radfurt-kreisel-eidinghausen-600x336.png 600w, https:\/\/www.andreas-edler.de\/blog\/wp-content\/uploads\/2020\/09\/2020-08-28-07.46.16-frau-haelt-auf-radfurt-kreisel-eidinghausen-900x504.png 900w, https:\/\/www.andreas-edler.de\/blog\/wp-content\/uploads\/2020\/09\/2020-08-28-07.46.16-frau-haelt-auf-radfurt-kreisel-eidinghausen.png 983w\" sizes=\"auto, (max-width: 470px) 100vw, 470px\" \/><\/a><figcaption id=\"caption-attachment-166848\" class=\"wp-caption-text\">Warten auf der Radfahrerfurt<\/figcaption><\/figure> Im Kreisel hielt dann diese Dame mit ihrem KFZ auf der Radfahrerfurt des Kreisels in Eidinghausen. Und die stand da nicht nur 2 Sekunden, sondern h\u00e4tte gar nicht erst soweit vor fahren d\u00fcrfen, da der Junge auf dem Rad ganz offensichtlich die Furt nutzen wollte. Interessierte sie nicht.<br \/>\n<figure id=\"attachment_166849\" aria-describedby=\"caption-attachment-166849\" style=\"width: 470px\" class=\"wp-caption aligncenter\"><a href=\"https:\/\/www.andreas-edler.de\/blog\/wp-content\/uploads\/2020\/09\/2020-08-28-07.46.34-frau-ueberholt-extrem-dicht-kirchbreite.png\"><img loading=\"lazy\" decoding=\"async\" src=\"https:\/\/www.andreas-edler.de\/blog\/wp-content\/uploads\/2020\/09\/2020-08-28-07.46.34-frau-ueberholt-extrem-dicht-kirchbreite-470x264.png\" alt=\"\" width=\"470\" height=\"264\" class=\"size-large wp-image-166849\" srcset=\"https:\/\/www.andreas-edler.de\/blog\/wp-content\/uploads\/2020\/09\/2020-08-28-07.46.34-frau-ueberholt-extrem-dicht-kirchbreite-470x264.png 470w, https:\/\/www.andreas-edler.de\/blog\/wp-content\/uploads\/2020\/09\/2020-08-28-07.46.34-frau-ueberholt-extrem-dicht-kirchbreite-250x141.png 250w, https:\/\/www.andreas-edler.de\/blog\/wp-content\/uploads\/2020\/09\/2020-08-28-07.46.34-frau-ueberholt-extrem-dicht-kirchbreite-768x432.png 768w, https:\/\/www.andreas-edler.de\/blog\/wp-content\/uploads\/2020\/09\/2020-08-28-07.46.34-frau-ueberholt-extrem-dicht-kirchbreite-100x56.png 100w, https:\/\/www.andreas-edler.de\/blog\/wp-content\/uploads\/2020\/09\/2020-08-28-07.46.34-frau-ueberholt-extrem-dicht-kirchbreite-150x84.png 150w, https:\/\/www.andreas-edler.de\/blog\/wp-content\/uploads\/2020\/09\/2020-08-28-07.46.34-frau-ueberholt-extrem-dicht-kirchbreite-200x113.png 200w, https:\/\/www.andreas-edler.de\/blog\/wp-content\/uploads\/2020\/09\/2020-08-28-07.46.34-frau-ueberholt-extrem-dicht-kirchbreite-300x169.png 300w, https:\/\/www.andreas-edler.de\/blog\/wp-content\/uploads\/2020\/09\/2020-08-28-07.46.34-frau-ueberholt-extrem-dicht-kirchbreite-450x253.png 450w, https:\/\/www.andreas-edler.de\/blog\/wp-content\/uploads\/2020\/09\/2020-08-28-07.46.34-frau-ueberholt-extrem-dicht-kirchbreite-600x338.png 600w, https:\/\/www.andreas-edler.de\/blog\/wp-content\/uploads\/2020\/09\/2020-08-28-07.46.34-frau-ueberholt-extrem-dicht-kirchbreite-900x506.png 900w, https:\/\/www.andreas-edler.de\/blog\/wp-content\/uploads\/2020\/09\/2020-08-28-07.46.34-frau-ueberholt-extrem-dicht-kirchbreite.png 983w\" sizes=\"auto, (max-width: 470px) 100vw, 470px\" \/><\/a><figcaption id=\"caption-attachment-166849\" class=\"wp-caption-text\">Nach dem Blockieren der Furt wird dicht \u00fcberholt.<\/figcaption><\/figure> Keine 50 Meter weiter hat sie mir dann gezeigt, welche Regeln sie noch ignorieren kann. Ben f\u00e4hrt mit seinem Fahrrad auf dem sehr, sehr schmalen Gehweg der Kirchbreite &#8211; muss er ja! Ich fahre mit meinem Fahrrad daneben auf der Fahrbahn. Und ja, da ist morgens Verkehr. Und was macht diese depperte Frau? Sie f\u00e4hrt mich fast um. Die Polizei, welche an der Einm\u00fcndung der Rue de Fismes in die Kirchbreite postiert war, hat aber selbstverst\u00e4ndlich nicht die Autofahrer reglementiert, welche hier die Schulkinder und andere Fahrradfahrenden gef\u00e4hrden, sondern hielt ein M\u00e4dchen an, welches den Gehweg der anderen Stra\u00dfenseite in der &#8222;verkehrten&#8220; Richtung befuhr, um dann an der Querungshilfe zur Grundschule zu gelangen. NAT\u00dcRLICH, so wird es sicherer, liebe Polizei Minden-L\u00fcbbecke!<\/p>\n<p>Warum ich da nicht auf auf dem freigegebenen Gehweg mit dem Fahrrad gefahren bin? Nun<br \/>\n<figure id=\"attachment_166851\" aria-describedby=\"caption-attachment-166851\" style=\"width: 470px\" class=\"wp-caption aligncenter\"><a href=\"https:\/\/www.andreas-edler.de\/blog\/wp-content\/uploads\/2020\/09\/2020-08-27-07.43.38.png\"><img loading=\"lazy\" decoding=\"async\" src=\"https:\/\/www.andreas-edler.de\/blog\/wp-content\/uploads\/2020\/09\/2020-08-27-07.43.38-470x263.png\" alt=\"\" width=\"470\" height=\"263\" class=\"size-large wp-image-166851\" srcset=\"https:\/\/www.andreas-edler.de\/blog\/wp-content\/uploads\/2020\/09\/2020-08-27-07.43.38-470x263.png 470w, https:\/\/www.andreas-edler.de\/blog\/wp-content\/uploads\/2020\/09\/2020-08-27-07.43.38-250x140.png 250w, https:\/\/www.andreas-edler.de\/blog\/wp-content\/uploads\/2020\/09\/2020-08-27-07.43.38-100x56.png 100w, https:\/\/www.andreas-edler.de\/blog\/wp-content\/uploads\/2020\/09\/2020-08-27-07.43.38-150x84.png 150w, https:\/\/www.andreas-edler.de\/blog\/wp-content\/uploads\/2020\/09\/2020-08-27-07.43.38-200x112.png 200w, https:\/\/www.andreas-edler.de\/blog\/wp-content\/uploads\/2020\/09\/2020-08-27-07.43.38-300x168.png 300w, https:\/\/www.andreas-edler.de\/blog\/wp-content\/uploads\/2020\/09\/2020-08-27-07.43.38-450x252.png 450w, https:\/\/www.andreas-edler.de\/blog\/wp-content\/uploads\/2020\/09\/2020-08-27-07.43.38.png 483w\" sizes=\"auto, (max-width: 470px) 100vw, 470px\" \/><\/a><figcaption id=\"caption-attachment-166851\" class=\"wp-caption-text\">M\u00fclltonnenslalom<\/figcaption><\/figure> Weil das eher ein akrobatisches Kunstst\u00fcck ist! Und mein Rad ist etwas breiter, als so ein Kinderfahrrad. Wobei ich es trotzdem schon schrecklich finde, dass *das* ernsthaft als Infrastruktur f\u00fcr Radfahrende und als &#8222;Schulwegsicherung&#8220; angeboten wird.<br \/>\n<figure id=\"attachment_166853\" aria-describedby=\"caption-attachment-166853\" style=\"width: 470px\" class=\"wp-caption aligncenter\"><a href=\"https:\/\/www.andreas-edler.de\/blog\/wp-content\/uploads\/2020\/09\/2020-08-28-07.53.02-auto-ueberholt-dicht-eidinghausener.png\"><img loading=\"lazy\" decoding=\"async\" src=\"https:\/\/www.andreas-edler.de\/blog\/wp-content\/uploads\/2020\/09\/2020-08-28-07.53.02-auto-ueberholt-dicht-eidinghausener-470x262.png\" alt=\"\" width=\"470\" height=\"262\" class=\"size-large wp-image-166853\" srcset=\"https:\/\/www.andreas-edler.de\/blog\/wp-content\/uploads\/2020\/09\/2020-08-28-07.53.02-auto-ueberholt-dicht-eidinghausener-470x262.png 470w, https:\/\/www.andreas-edler.de\/blog\/wp-content\/uploads\/2020\/09\/2020-08-28-07.53.02-auto-ueberholt-dicht-eidinghausener-250x140.png 250w, https:\/\/www.andreas-edler.de\/blog\/wp-content\/uploads\/2020\/09\/2020-08-28-07.53.02-auto-ueberholt-dicht-eidinghausener-768x429.png 768w, https:\/\/www.andreas-edler.de\/blog\/wp-content\/uploads\/2020\/09\/2020-08-28-07.53.02-auto-ueberholt-dicht-eidinghausener-100x56.png 100w, https:\/\/www.andreas-edler.de\/blog\/wp-content\/uploads\/2020\/09\/2020-08-28-07.53.02-auto-ueberholt-dicht-eidinghausener-150x84.png 150w, https:\/\/www.andreas-edler.de\/blog\/wp-content\/uploads\/2020\/09\/2020-08-28-07.53.02-auto-ueberholt-dicht-eidinghausener-200x112.png 200w, https:\/\/www.andreas-edler.de\/blog\/wp-content\/uploads\/2020\/09\/2020-08-28-07.53.02-auto-ueberholt-dicht-eidinghausener-300x168.png 300w, https:\/\/www.andreas-edler.de\/blog\/wp-content\/uploads\/2020\/09\/2020-08-28-07.53.02-auto-ueberholt-dicht-eidinghausener-450x251.png 450w, https:\/\/www.andreas-edler.de\/blog\/wp-content\/uploads\/2020\/09\/2020-08-28-07.53.02-auto-ueberholt-dicht-eidinghausener-600x335.png 600w, https:\/\/www.andreas-edler.de\/blog\/wp-content\/uploads\/2020\/09\/2020-08-28-07.53.02-auto-ueberholt-dicht-eidinghausener-900x503.png 900w, https:\/\/www.andreas-edler.de\/blog\/wp-content\/uploads\/2020\/09\/2020-08-28-07.53.02-auto-ueberholt-dicht-eidinghausener.png 983w\" sizes=\"auto, (max-width: 470px) 100vw, 470px\" \/><\/a><figcaption id=\"caption-attachment-166853\" class=\"wp-caption-text\">Eng \u00fcberholt auf der Eidinghausener Stra\u00dfe<\/figcaption><\/figure> Als ich Ben dann an der Grundschule abgesetzt hatte, wurde es nat\u00fcrlich nicht besser. Erst durch den Autostau zur\u00fcck auf die Kirchbreite, dort im Stau bis zum Kreisel. Auf der Eidinghausener Stra\u00dfe wurde dann nat\u00fclich viel zu dicht \u00fcberholt. Und &#8222;nein&#8220;, an der Stelle gibt es keinen benutzungspflichtigen Radweg! Die Stadt traut sich wohl nicht, den Mist der dort noch vorhanden ist, benutzungspflichtig auszuschildern. Wurde ja auch seit Jahrzehnten nichts dran getan und auf Nachfrage kann man nicht einmal sagen, warum nicht.<br \/>\n<figure id=\"attachment_166854\" aria-describedby=\"caption-attachment-166854\" style=\"width: 470px\" class=\"wp-caption aligncenter\"><a href=\"https:\/\/www.andreas-edler.de\/blog\/wp-content\/uploads\/2020\/09\/2020-08-28-07.54.34-muelltonnen-eidinghausener.png\"><img loading=\"lazy\" decoding=\"async\" src=\"https:\/\/www.andreas-edler.de\/blog\/wp-content\/uploads\/2020\/09\/2020-08-28-07.54.34-muelltonnen-eidinghausener-470x263.png\" alt=\"\" width=\"470\" height=\"263\" class=\"size-large wp-image-166854\" srcset=\"https:\/\/www.andreas-edler.de\/blog\/wp-content\/uploads\/2020\/09\/2020-08-28-07.54.34-muelltonnen-eidinghausener-470x263.png 470w, https:\/\/www.andreas-edler.de\/blog\/wp-content\/uploads\/2020\/09\/2020-08-28-07.54.34-muelltonnen-eidinghausener-250x140.png 250w, https:\/\/www.andreas-edler.de\/blog\/wp-content\/uploads\/2020\/09\/2020-08-28-07.54.34-muelltonnen-eidinghausener-768x430.png 768w, https:\/\/www.andreas-edler.de\/blog\/wp-content\/uploads\/2020\/09\/2020-08-28-07.54.34-muelltonnen-eidinghausener-100x56.png 100w, https:\/\/www.andreas-edler.de\/blog\/wp-content\/uploads\/2020\/09\/2020-08-28-07.54.34-muelltonnen-eidinghausener-150x84.png 150w, https:\/\/www.andreas-edler.de\/blog\/wp-content\/uploads\/2020\/09\/2020-08-28-07.54.34-muelltonnen-eidinghausener-200x112.png 200w, https:\/\/www.andreas-edler.de\/blog\/wp-content\/uploads\/2020\/09\/2020-08-28-07.54.34-muelltonnen-eidinghausener-300x168.png 300w, https:\/\/www.andreas-edler.de\/blog\/wp-content\/uploads\/2020\/09\/2020-08-28-07.54.34-muelltonnen-eidinghausener-450x252.png 450w, https:\/\/www.andreas-edler.de\/blog\/wp-content\/uploads\/2020\/09\/2020-08-28-07.54.34-muelltonnen-eidinghausener-600x336.png 600w, https:\/\/www.andreas-edler.de\/blog\/wp-content\/uploads\/2020\/09\/2020-08-28-07.54.34-muelltonnen-eidinghausener-900x504.png 900w, https:\/\/www.andreas-edler.de\/blog\/wp-content\/uploads\/2020\/09\/2020-08-28-07.54.34-muelltonnen-eidinghausener.png 983w\" sizes=\"auto, (max-width: 470px) 100vw, 470px\" \/><\/a><figcaption id=\"caption-attachment-166854\" class=\"wp-caption-text\">M\u00fclltonnenslalom auf de Eidnghausener Stra\u00dfe<\/figcaption><\/figure> Ab der Einm\u00fcndung des D\u00f6rgen ist der Radweg dann wieder benutzungspflichtig. Darum ging dann auch f\u00fcr mich der M\u00fclltonnenslalom los.<\/p>\n<p>Echt, wir tun richtig was f\u00fcr einen sicheren Alltagsradverkehr in Bad Oeynhausen!<\/p>\n","protected":false},"excerpt":{"rendered":"<p>Seit dem Ende der Sommerferien ist Nachwuchs 2.0 nun kein &#8222;SchuKi&#8220; mehr, sondern richtiger Erstkl\u00e4ssler. Und er geht sogar in Eidinghausen noch in das alte Schulgeb\u00e4ude. Wird also &#8211; wenn der Bau in der geplanten Zeit fertiggestellt wird &#8211; sowohl &hellip;<\/p>\n<p class=\"read-more\"> <a class=\"more-link\" href=\"https:\/\/www.andreas-edler.de\/blog\/2020\/09\/mit-dem-rad-zur-grundschule\/\"> <span class=\"screen-reader-text\">Mit dem Rad zur Grundschule<\/span> Weiterlesen &raquo;<\/a><\/p>\n","protected":false},"author":1,"featured_media":0,"comment_status":"open","ping_status":"open","sticky":false,"template":"","format":"standard","meta":{"ngg_post_thumbnail":0,"activitypub_content_warning":"","activitypub_content_visibility":"","activitypub_max_image_attachments":2,"activitypub_interaction_policy_quote":"anyone","activitypub_status":"","footnotes":""},"categories":[14,15,45,13],"tags":[413,419,262,110,478,251,361,168,412,158,127,207,71,414,474,76,260],"class_list":["post-166846","post","type-post","status-publish","format-standard","hentry","category-bad-oeynhausen","category-fahrrad","category-politik","category-verkehr","tag-alter-postweg","tag-eidinghausen","tag-eidinghausener-strasse","tag-fahrradfreundliche-stadt","tag-grundschule","tag-infrastruktur","tag-kirchbreite","tag-klimafreundliche-mobilitaet","tag-mdrza","tag-mit-dem-rad-zur-arbeit","tag-polizei","tag-radweg","tag-regeln","tag-runter-vom-radweg","tag-schulweg","tag-sicherheit","tag-stvo"],"share_on_mastodon":{"url":"","error":""},"_links":{"self":[{"href":"https:\/\/www.andreas-edler.de\/blog\/wp-json\/wp\/v2\/posts\/166846","targetHints":{"allow":["GET"]}}],"collection":[{"href":"https:\/\/www.andreas-edler.de\/blog\/wp-json\/wp\/v2\/posts"}],"about":[{"href":"https:\/\/www.andreas-edler.de\/blog\/wp-json\/wp\/v2\/types\/post"}],"author":[{"embeddable":true,"href":"https:\/\/www.andreas-edler.de\/blog\/wp-json\/wp\/v2\/users\/1"}],"replies":[{"embeddable":true,"href":"https:\/\/www.andreas-edler.de\/blog\/wp-json\/wp\/v2\/comments?post=166846"}],"version-history":[{"count":0,"href":"https:\/\/www.andreas-edler.de\/blog\/wp-json\/wp\/v2\/posts\/166846\/revisions"}],"wp:attachment":[{"href":"https:\/\/www.andreas-edler.de\/blog\/wp-json\/wp\/v2\/media?parent=166846"}],"wp:term":[{"taxonomy":"category","embeddable":true,"href":"https:\/\/www.andreas-edler.de\/blog\/wp-json\/wp\/v2\/categories?post=166846"},{"taxonomy":"post_tag","embeddable":true,"href":"https:\/\/www.andreas-edler.de\/blog\/wp-json\/wp\/v2\/tags?post=166846"}],"curies":[{"name":"wp","href":"https:\/\/api.w.org\/{rel}","templated":true}]}}