{"id":166746,"date":"2020-07-24T09:31:36","date_gmt":"2020-07-24T07:31:36","guid":{"rendered":"https:\/\/www.andreas-edler.de\/blog\/?p=166746"},"modified":"2020-07-24T09:31:38","modified_gmt":"2020-07-24T07:31:38","slug":"fahrradfahrende-ignorieren-staendig-rote-ampeln","status":"publish","type":"post","link":"https:\/\/www.andreas-edler.de\/blog\/2020\/07\/fahrradfahrende-ignorieren-staendig-rote-ampeln\/","title":{"rendered":"Fahrradfahrende ignorieren st\u00e4ndig rote Ampeln"},"content":{"rendered":"<p>So t\u00f6nt es \u00fcberall, wenn man dar\u00fcber diskutieren m\u00f6chte, wie man den Radverkehr sicherer gestalten k\u00f6nnte und muss. Nie wird auf das angesprochene Fehlverhalten der Gef\u00e4hrder eingegangen, nie wird dann dar\u00fcber diskutiert, dass die Infrastruktur vielleicht wirklich mies ist. Immer &#8222;Aber die Radfahrer &#8230;&#8220;.<br \/>\n<figure id=\"attachment_166747\" aria-describedby=\"caption-attachment-166747\" style=\"width: 470px\" class=\"wp-caption aligncenter\"><a href=\"https:\/\/www.andreas-edler.de\/blog\/wp-content\/uploads\/2020\/07\/2020-07-24-07.55.23_mindener_fussgaenger_gruen_auto_faehrt.png\"><img loading=\"lazy\" decoding=\"async\" src=\"https:\/\/www.andreas-edler.de\/blog\/wp-content\/uploads\/2020\/07\/2020-07-24-07.55.23_mindener_fussgaenger_gruen_auto_faehrt-470x266.png\" alt=\"\" width=\"470\" height=\"266\" class=\"size-large wp-image-166747\" srcset=\"https:\/\/www.andreas-edler.de\/blog\/wp-content\/uploads\/2020\/07\/2020-07-24-07.55.23_mindener_fussgaenger_gruen_auto_faehrt-470x266.png 470w, https:\/\/www.andreas-edler.de\/blog\/wp-content\/uploads\/2020\/07\/2020-07-24-07.55.23_mindener_fussgaenger_gruen_auto_faehrt-250x141.png 250w, https:\/\/www.andreas-edler.de\/blog\/wp-content\/uploads\/2020\/07\/2020-07-24-07.55.23_mindener_fussgaenger_gruen_auto_faehrt-768x434.png 768w, https:\/\/www.andreas-edler.de\/blog\/wp-content\/uploads\/2020\/07\/2020-07-24-07.55.23_mindener_fussgaenger_gruen_auto_faehrt-100x57.png 100w, https:\/\/www.andreas-edler.de\/blog\/wp-content\/uploads\/2020\/07\/2020-07-24-07.55.23_mindener_fussgaenger_gruen_auto_faehrt-150x85.png 150w, https:\/\/www.andreas-edler.de\/blog\/wp-content\/uploads\/2020\/07\/2020-07-24-07.55.23_mindener_fussgaenger_gruen_auto_faehrt-200x113.png 200w, https:\/\/www.andreas-edler.de\/blog\/wp-content\/uploads\/2020\/07\/2020-07-24-07.55.23_mindener_fussgaenger_gruen_auto_faehrt-300x170.png 300w, https:\/\/www.andreas-edler.de\/blog\/wp-content\/uploads\/2020\/07\/2020-07-24-07.55.23_mindener_fussgaenger_gruen_auto_faehrt-450x254.png 450w, https:\/\/www.andreas-edler.de\/blog\/wp-content\/uploads\/2020\/07\/2020-07-24-07.55.23_mindener_fussgaenger_gruen_auto_faehrt-600x339.png 600w, https:\/\/www.andreas-edler.de\/blog\/wp-content\/uploads\/2020\/07\/2020-07-24-07.55.23_mindener_fussgaenger_gruen_auto_faehrt-900x509.png 900w, https:\/\/www.andreas-edler.de\/blog\/wp-content\/uploads\/2020\/07\/2020-07-24-07.55.23_mindener_fussgaenger_gruen_auto_faehrt.png 1138w\" sizes=\"auto, (max-width: 470px) 100vw, 470px\" \/><\/a><figcaption id=\"caption-attachment-166747\" class=\"wp-caption-text\">Die Fu\u00dfg\u00e4nger- und Radfahrerampel zeigt bereits gr\u00fcn.<\/figcaption><\/figure> <!--more--> Die Realit\u00e4t sieht so aus, wie in dem Bild. Ich habe in den letzten Jahren und in der kurzen Zeit in der ich dort auf dem Arbeitsweg jeweils stehe Dutzende von solchen Verst\u00f6\u00dfen des motorisierten Individulverkehrs gesehen. Exakt zweimal habe ich den letzten Jahren gesehen, wie Radfahrende bzw. Fu\u00dfg\u00e4nger die rote Ampel ignorierten.<\/p>\n<p>Wie dem auch sei. Selbst wenn jetzt jemand mit R\u00e4umzeiten etc. anf\u00e4ngt, &#8222;Orange&#8220; bedeutet bereits, dass man anhalten soll bzw. muss &#8211; sofern kein Unfall droht. Das Fahrzeug im Bild war das letzte, da kam niemand mehr und an der entsprechenden Ampel stand auch keiner mehr. Stumpf die Ampel ignoriert &#8211; lag vielleicht am Smartphone. Und warum wird das gef\u00fchlt immer mehr? Weil es keine Restriktionen und Konsequenzen gibt und der Autofahrende dadurch lernt, dass es v\u00f6llig OK ist &#8222;gerade noch durch zu huschen&#8220;.<\/p>\n","protected":false},"excerpt":{"rendered":"<p>So t\u00f6nt es \u00fcberall, wenn man dar\u00fcber diskutieren m\u00f6chte, wie man den Radverkehr sicherer gestalten k\u00f6nnte und muss. Nie wird auf das angesprochene Fehlverhalten der Gef\u00e4hrder eingegangen, nie wird dann dar\u00fcber diskutiert, dass die Infrastruktur vielleicht wirklich mies ist. Immer &hellip;<\/p>\n<p class=\"read-more\"> <a class=\"more-link\" href=\"https:\/\/www.andreas-edler.de\/blog\/2020\/07\/fahrradfahrende-ignorieren-staendig-rote-ampeln\/\"> <span class=\"screen-reader-text\">Fahrradfahrende ignorieren st\u00e4ndig rote Ampeln<\/span> Weiterlesen &raquo;<\/a><\/p>\n","protected":false},"author":1,"featured_media":0,"comment_status":"open","ping_status":"open","sticky":false,"template":"","format":"standard","meta":{"ngg_post_thumbnail":0,"activitypub_content_warning":"","activitypub_content_visibility":"","activitypub_max_image_attachments":2,"activitypub_interaction_policy_quote":"anyone","activitypub_status":"","footnotes":""},"categories":[14,15,18,13],"tags":[37,63,412,270,158,127,71,439,76,260],"class_list":["post-166746","post","type-post","status-publish","format-standard","hentry","category-bad-oeynhausen","category-fahrrad","category-fraglich","category-verkehr","tag-auto","tag-benehmen","tag-mdrza","tag-mindener-strasse","tag-mit-dem-rad-zur-arbeit","tag-polizei","tag-regeln","tag-rotlicht","tag-sicherheit","tag-stvo"],"share_on_mastodon":{"url":"","error":""},"_links":{"self":[{"href":"https:\/\/www.andreas-edler.de\/blog\/wp-json\/wp\/v2\/posts\/166746","targetHints":{"allow":["GET"]}}],"collection":[{"href":"https:\/\/www.andreas-edler.de\/blog\/wp-json\/wp\/v2\/posts"}],"about":[{"href":"https:\/\/www.andreas-edler.de\/blog\/wp-json\/wp\/v2\/types\/post"}],"author":[{"embeddable":true,"href":"https:\/\/www.andreas-edler.de\/blog\/wp-json\/wp\/v2\/users\/1"}],"replies":[{"embeddable":true,"href":"https:\/\/www.andreas-edler.de\/blog\/wp-json\/wp\/v2\/comments?post=166746"}],"version-history":[{"count":0,"href":"https:\/\/www.andreas-edler.de\/blog\/wp-json\/wp\/v2\/posts\/166746\/revisions"}],"wp:attachment":[{"href":"https:\/\/www.andreas-edler.de\/blog\/wp-json\/wp\/v2\/media?parent=166746"}],"wp:term":[{"taxonomy":"category","embeddable":true,"href":"https:\/\/www.andreas-edler.de\/blog\/wp-json\/wp\/v2\/categories?post=166746"},{"taxonomy":"post_tag","embeddable":true,"href":"https:\/\/www.andreas-edler.de\/blog\/wp-json\/wp\/v2\/tags?post=166746"}],"curies":[{"name":"wp","href":"https:\/\/api.w.org\/{rel}","templated":true}]}}