{"id":166734,"date":"2020-07-19T20:59:22","date_gmt":"2020-07-19T18:59:22","guid":{"rendered":"https:\/\/www.andreas-edler.de\/blog\/?p=166734"},"modified":"2020-07-19T20:59:22","modified_gmt":"2020-07-19T18:59:22","slug":"markise-fuer-den-dachzeltunterstand","status":"publish","type":"post","link":"https:\/\/www.andreas-edler.de\/blog\/2020\/07\/markise-fuer-den-dachzeltunterstand\/","title":{"rendered":"Markise f\u00fcr den Dachzeltunterstand"},"content":{"rendered":"<p>In <a href=\"https:\/\/www.andreas-edler.de\/blog\/urlaub\/kroatien-2020\/\" target=\"_new\" rel=\"noopener noreferrer\">diesem Sommerurlaub<\/a> haben wir nach zwei Jahren mit der Omnistore 1200 in drei Meter Breite festgestellt, dass diese doch ein wenig mehr Fl\u00e4che \u00fcberdecken d\u00fcrfte. Gerade wenn es leicht regnet und man dann trotzdem noch ein wenig drau\u00dfen sitzen m\u00f6chte, wird es bei drei Metern eng. Also kommt eine neue an den <a href=\"https:\/\/www.andreas-edler.de\/blog\/2020\/06\/der-wohnwagen-darf-weiter-auf-die-strasse\/\" target=\"_new\" rel=\"noopener noreferrer\">Eriba Nova 545<\/a>.<br \/>\n<figure id=\"attachment_166735\" aria-describedby=\"caption-attachment-166735\" style=\"width: 470px\" class=\"wp-caption aligncenter\"><a href=\"https:\/\/www.andreas-edler.de\/blog\/wp-content\/uploads\/2020\/07\/2020-07-19-12.39.44.jpg\"><img loading=\"lazy\" decoding=\"async\" src=\"https:\/\/www.andreas-edler.de\/blog\/wp-content\/uploads\/2020\/07\/2020-07-19-12.39.44-470x243.jpg\" alt=\"\" width=\"470\" height=\"243\" class=\"size-large wp-image-166735\" srcset=\"https:\/\/www.andreas-edler.de\/blog\/wp-content\/uploads\/2020\/07\/2020-07-19-12.39.44-470x243.jpg 470w, https:\/\/www.andreas-edler.de\/blog\/wp-content\/uploads\/2020\/07\/2020-07-19-12.39.44-250x129.jpg 250w, https:\/\/www.andreas-edler.de\/blog\/wp-content\/uploads\/2020\/07\/2020-07-19-12.39.44-768x397.jpg 768w, https:\/\/www.andreas-edler.de\/blog\/wp-content\/uploads\/2020\/07\/2020-07-19-12.39.44-100x52.jpg 100w, https:\/\/www.andreas-edler.de\/blog\/wp-content\/uploads\/2020\/07\/2020-07-19-12.39.44-150x77.jpg 150w, https:\/\/www.andreas-edler.de\/blog\/wp-content\/uploads\/2020\/07\/2020-07-19-12.39.44-200x103.jpg 200w, https:\/\/www.andreas-edler.de\/blog\/wp-content\/uploads\/2020\/07\/2020-07-19-12.39.44-300x155.jpg 300w, https:\/\/www.andreas-edler.de\/blog\/wp-content\/uploads\/2020\/07\/2020-07-19-12.39.44-450x232.jpg 450w, https:\/\/www.andreas-edler.de\/blog\/wp-content\/uploads\/2020\/07\/2020-07-19-12.39.44-600x310.jpg 600w, https:\/\/www.andreas-edler.de\/blog\/wp-content\/uploads\/2020\/07\/2020-07-19-12.39.44-900x465.jpg 900w, https:\/\/www.andreas-edler.de\/blog\/wp-content\/uploads\/2020\/07\/2020-07-19-12.39.44.jpg 1280w\" sizes=\"auto, (max-width: 470px) 100vw, 470px\" \/><\/a><figcaption id=\"caption-attachment-166735\" class=\"wp-caption-text\">Eriba Nova 545 fertig f\u00fcr den Winterschlaf<\/figcaption><\/figure> <!--more--> Die &#8222;alte&#8220; Markise haben wir zu Hause also schon mal abgenommen, bevor wir mit dem Caravan zu meiner Mutter gefahren sind, um ihn in sein Winterquartier zu stellen. Heute morgen wurde er dann noch mal an den Yeti geh\u00e4ngt und nach Oberbecksen gezogen. Im letzten Jahr haben wir auf eine Reinigung verzichtet und dementsprechend sah der Anh\u00e4nger oben drauf auch aus. Kurzerhand wurde mit dem K\u00e4rcher und der Rotorb\u00fcrste f\u00fcr Bodenbelag vorsichtig und mit einer Leiter auf dem Dach rumgeschrubbert. Na sowas, der ist ja wei\u00df! :-) Unter den Dachhauben war auch ganz sch\u00f6n viel Gr\u00fctze und von oben erstrahlen diese nun auch wieder im h\u00fcbschen beige-gelb, welches alter Kunststoff nunmal nach einigen Jahren lichteinfall annimmt. Aber die Hauben sind nicht defekt und darum bleiben sie auch drauf. Obwohl es ganz h\u00fcbsche aus rauchfarbenem Acryl gibt, die man nur austauschen muss.<br \/>\n<figure id=\"attachment_166736\" aria-describedby=\"caption-attachment-166736\" style=\"width: 470px\" class=\"wp-caption aligncenter\"><a href=\"https:\/\/www.andreas-edler.de\/blog\/wp-content\/uploads\/2020\/07\/2020-07-19-14.57.16.jpg\"><img loading=\"lazy\" decoding=\"async\" src=\"https:\/\/www.andreas-edler.de\/blog\/wp-content\/uploads\/2020\/07\/2020-07-19-14.57.16-470x169.jpg\" alt=\"\" width=\"470\" height=\"169\" class=\"size-large wp-image-166736\" srcset=\"https:\/\/www.andreas-edler.de\/blog\/wp-content\/uploads\/2020\/07\/2020-07-19-14.57.16-470x169.jpg 470w, https:\/\/www.andreas-edler.de\/blog\/wp-content\/uploads\/2020\/07\/2020-07-19-14.57.16-250x90.jpg 250w, https:\/\/www.andreas-edler.de\/blog\/wp-content\/uploads\/2020\/07\/2020-07-19-14.57.16-768x277.jpg 768w, https:\/\/www.andreas-edler.de\/blog\/wp-content\/uploads\/2020\/07\/2020-07-19-14.57.16-100x36.jpg 100w, https:\/\/www.andreas-edler.de\/blog\/wp-content\/uploads\/2020\/07\/2020-07-19-14.57.16-150x54.jpg 150w, https:\/\/www.andreas-edler.de\/blog\/wp-content\/uploads\/2020\/07\/2020-07-19-14.57.16-200x72.jpg 200w, https:\/\/www.andreas-edler.de\/blog\/wp-content\/uploads\/2020\/07\/2020-07-19-14.57.16-300x108.jpg 300w, https:\/\/www.andreas-edler.de\/blog\/wp-content\/uploads\/2020\/07\/2020-07-19-14.57.16-450x162.jpg 450w, https:\/\/www.andreas-edler.de\/blog\/wp-content\/uploads\/2020\/07\/2020-07-19-14.57.16-600x216.jpg 600w, https:\/\/www.andreas-edler.de\/blog\/wp-content\/uploads\/2020\/07\/2020-07-19-14.57.16-900x324.jpg 900w, https:\/\/www.andreas-edler.de\/blog\/wp-content\/uploads\/2020\/07\/2020-07-19-14.57.16.jpg 1280w\" sizes=\"auto, (max-width: 470px) 100vw, 470px\" \/><\/a><figcaption id=\"caption-attachment-166736\" class=\"wp-caption-text\">Neuer Platz f\u00fcr die alte Markise<\/figcaption><\/figure> Nicht ganz zuf\u00e4llig habe ich an die Front vom <a href=\"https:\/\/www.andreas-edler.de\/blog\/2018\/12\/wohin-mit-dem-dachzelt\/\" rel=\"noopener noreferrer\" target=\"_blank\">Dachzeltunterstand<\/a> bereits vor einiger Zeit eine Kederleiste angebracht, die zuf\u00e4lligerweise genau drei Meter lang ist. Quasi wie geschaffen f\u00fcr die Aufnahme der Omnistore 1200! Und wenn wir nun ein bisschen \u00fcberdachte Fl\u00e4che brauchen, weil vielleicht ein Nachwuchs Gebursttag feiert oder sonst jemand an einer Bierzeltgarnitur leicht gesch\u00fctzt sitzen m\u00f6chte, dann kann man das arrangieren. So war der Plan. Hat geklappt.<\/p>\n","protected":false},"excerpt":{"rendered":"<p>In diesem Sommerurlaub haben wir nach zwei Jahren mit der Omnistore 1200 in drei Meter Breite festgestellt, dass diese doch ein wenig mehr Fl\u00e4che \u00fcberdecken d\u00fcrfte. Gerade wenn es leicht regnet und man dann trotzdem noch ein wenig drau\u00dfen sitzen &hellip;<\/p>\n<p class=\"read-more\"> <a class=\"more-link\" href=\"https:\/\/www.andreas-edler.de\/blog\/2020\/07\/markise-fuer-den-dachzeltunterstand\/\"> <span class=\"screen-reader-text\">Markise f\u00fcr den Dachzeltunterstand<\/span> Weiterlesen &raquo;<\/a><\/p>\n","protected":false},"author":1,"featured_media":0,"comment_status":"open","ping_status":"open","sticky":false,"template":"","format":"standard","meta":{"ngg_post_thumbnail":0,"activitypub_content_warning":"","activitypub_content_visibility":"","activitypub_max_image_attachments":2,"activitypub_interaction_policy_quote":"anyone","activitypub_status":"","footnotes":""},"categories":[22],"tags":[386,69,254,385,255,21,31,38,64,150,102,253],"class_list":["post-166734","post","type-post","status-publish","format-standard","hentry","category-basteln","tag-airtop","tag-besuch","tag-camping","tag-dachzelt","tag-eriba-nova","tag-feier","tag-garten","tag-haus","tag-konsum","tag-nachwuchs","tag-urlaub","tag-wohnwagen"],"share_on_mastodon":{"url":"","error":""},"_links":{"self":[{"href":"https:\/\/www.andreas-edler.de\/blog\/wp-json\/wp\/v2\/posts\/166734","targetHints":{"allow":["GET"]}}],"collection":[{"href":"https:\/\/www.andreas-edler.de\/blog\/wp-json\/wp\/v2\/posts"}],"about":[{"href":"https:\/\/www.andreas-edler.de\/blog\/wp-json\/wp\/v2\/types\/post"}],"author":[{"embeddable":true,"href":"https:\/\/www.andreas-edler.de\/blog\/wp-json\/wp\/v2\/users\/1"}],"replies":[{"embeddable":true,"href":"https:\/\/www.andreas-edler.de\/blog\/wp-json\/wp\/v2\/comments?post=166734"}],"version-history":[{"count":0,"href":"https:\/\/www.andreas-edler.de\/blog\/wp-json\/wp\/v2\/posts\/166734\/revisions"}],"wp:attachment":[{"href":"https:\/\/www.andreas-edler.de\/blog\/wp-json\/wp\/v2\/media?parent=166734"}],"wp:term":[{"taxonomy":"category","embeddable":true,"href":"https:\/\/www.andreas-edler.de\/blog\/wp-json\/wp\/v2\/categories?post=166734"},{"taxonomy":"post_tag","embeddable":true,"href":"https:\/\/www.andreas-edler.de\/blog\/wp-json\/wp\/v2\/tags?post=166734"}],"curies":[{"name":"wp","href":"https:\/\/api.w.org\/{rel}","templated":true}]}}