{"id":166514,"date":"2020-06-14T10:29:35","date_gmt":"2020-06-14T08:29:35","guid":{"rendered":"https:\/\/www.andreas-edler.de\/blog\/?p=166514"},"modified":"2020-06-14T10:29:35","modified_gmt":"2020-06-14T08:29:35","slug":"heu-machen-2020","status":"publish","type":"post","link":"https:\/\/www.andreas-edler.de\/blog\/2020\/06\/heu-machen-2020\/","title":{"rendered":"Heu machen 2020"},"content":{"rendered":"<p>Jedes Jahr die gleiche Plackerei. Auch wenn es seit letztem (oder vorletztem?) Jahr etwas einfacher geworden ist. Da hat sich <a href=\"http:\/\/www.birgit-edler.de\/\">die Schwester<\/a> einen alten H\u00f6henf\u00f6rderer angeschafft, der das m\u00fchselige und kr\u00e4ftezehrende hoch werfen der Heuballen auf den Boden deutlich vereinfachte. Der April und Mai waren wunderbare Monate zum Heu machen, aber zum einen war das Gras noch gar nicht lang genug und zum anderen hatte Birgit auch keinen Urlaub. Dann eben wieder im Juni und mit einem Wetterbericht im Nacken, der erneut Stress versprach.<br \/>\n<figure id=\"attachment_166515\" aria-describedby=\"caption-attachment-166515\" style=\"width: 470px\" class=\"wp-caption aligncenter\"><a href=\"https:\/\/www.andreas-edler.de\/blog\/wp-content\/uploads\/2020\/06\/2020-06-13-11.31.49.jpg\"><img loading=\"lazy\" decoding=\"async\" src=\"https:\/\/www.andreas-edler.de\/blog\/wp-content\/uploads\/2020\/06\/2020-06-13-11.31.49-470x238.jpg\" alt=\"\" width=\"470\" height=\"238\" class=\"size-large wp-image-166515\" srcset=\"https:\/\/www.andreas-edler.de\/blog\/wp-content\/uploads\/2020\/06\/2020-06-13-11.31.49-470x238.jpg 470w, https:\/\/www.andreas-edler.de\/blog\/wp-content\/uploads\/2020\/06\/2020-06-13-11.31.49-250x127.jpg 250w, https:\/\/www.andreas-edler.de\/blog\/wp-content\/uploads\/2020\/06\/2020-06-13-11.31.49-768x389.jpg 768w, https:\/\/www.andreas-edler.de\/blog\/wp-content\/uploads\/2020\/06\/2020-06-13-11.31.49-100x51.jpg 100w, https:\/\/www.andreas-edler.de\/blog\/wp-content\/uploads\/2020\/06\/2020-06-13-11.31.49-150x76.jpg 150w, https:\/\/www.andreas-edler.de\/blog\/wp-content\/uploads\/2020\/06\/2020-06-13-11.31.49-200x101.jpg 200w, https:\/\/www.andreas-edler.de\/blog\/wp-content\/uploads\/2020\/06\/2020-06-13-11.31.49-300x152.jpg 300w, https:\/\/www.andreas-edler.de\/blog\/wp-content\/uploads\/2020\/06\/2020-06-13-11.31.49-450x228.jpg 450w, https:\/\/www.andreas-edler.de\/blog\/wp-content\/uploads\/2020\/06\/2020-06-13-11.31.49-600x304.jpg 600w, https:\/\/www.andreas-edler.de\/blog\/wp-content\/uploads\/2020\/06\/2020-06-13-11.31.49-900x456.jpg 900w, https:\/\/www.andreas-edler.de\/blog\/wp-content\/uploads\/2020\/06\/2020-06-13-11.31.49.jpg 1280w\" sizes=\"auto, (max-width: 470px) 100vw, 470px\" \/><\/a><figcaption id=\"caption-attachment-166515\" class=\"wp-caption-text\">Das sieht wider Erwarten ganz gut aus.<\/figcaption><\/figure> <!--more--><br \/>\nEine Woche lag das Gras auf der Wiese und nat\u00fcrlich hat es auch einmal richtig fiesen Starkregen abbekommen. Das war nicht so sch\u00f6n. Donnerstag war es zwar warm, aber auch bew\u00f6lkt, am Freitag hatte es gut abgetrocknet, war aber noch zu feucht zum Pressen. Will ja auch niemand, dass es sich auf dem Heuboden selbst entz\u00fcndet! Also Samstag &#8211; f\u00fcr den heftige Gewitter ab dem Mittag gemeldet wurden. Nur leider kann man so fr\u00fch nicht anfangen zu pressen, da erst noch die Nachtfeuchte verdunsten muss. Alles Mist. Ich bin dabei ein bisschen egoistischer geworden und mache mich nicht mehr ganz so verr\u00fcckt, habe auch andere Dinge im Kopf. Aber Birgit war sehr nerv\u00f6s.<br \/>\n<figure id=\"attachment_166517\" aria-describedby=\"caption-attachment-166517\" style=\"width: 470px\" class=\"wp-caption aligncenter\"><a href=\"https:\/\/www.andreas-edler.de\/blog\/wp-content\/uploads\/2020\/06\/2020-06-13-14.17.43-1.jpg\"><img loading=\"lazy\" decoding=\"async\" src=\"https:\/\/www.andreas-edler.de\/blog\/wp-content\/uploads\/2020\/06\/2020-06-13-14.17.43-1-470x238.jpg\" alt=\"\" width=\"470\" height=\"238\" class=\"size-large wp-image-166517\" srcset=\"https:\/\/www.andreas-edler.de\/blog\/wp-content\/uploads\/2020\/06\/2020-06-13-14.17.43-1-470x238.jpg 470w, https:\/\/www.andreas-edler.de\/blog\/wp-content\/uploads\/2020\/06\/2020-06-13-14.17.43-1-250x127.jpg 250w, https:\/\/www.andreas-edler.de\/blog\/wp-content\/uploads\/2020\/06\/2020-06-13-14.17.43-1-768x389.jpg 768w, https:\/\/www.andreas-edler.de\/blog\/wp-content\/uploads\/2020\/06\/2020-06-13-14.17.43-1-100x51.jpg 100w, https:\/\/www.andreas-edler.de\/blog\/wp-content\/uploads\/2020\/06\/2020-06-13-14.17.43-1-150x76.jpg 150w, https:\/\/www.andreas-edler.de\/blog\/wp-content\/uploads\/2020\/06\/2020-06-13-14.17.43-1-200x101.jpg 200w, https:\/\/www.andreas-edler.de\/blog\/wp-content\/uploads\/2020\/06\/2020-06-13-14.17.43-1-300x152.jpg 300w, https:\/\/www.andreas-edler.de\/blog\/wp-content\/uploads\/2020\/06\/2020-06-13-14.17.43-1-450x228.jpg 450w, https:\/\/www.andreas-edler.de\/blog\/wp-content\/uploads\/2020\/06\/2020-06-13-14.17.43-1-600x304.jpg 600w, https:\/\/www.andreas-edler.de\/blog\/wp-content\/uploads\/2020\/06\/2020-06-13-14.17.43-1-900x456.jpg 900w, https:\/\/www.andreas-edler.de\/blog\/wp-content\/uploads\/2020\/06\/2020-06-13-14.17.43-1.jpg 1280w\" sizes=\"auto, (max-width: 470px) 100vw, 470px\" \/><\/a><figcaption id=\"caption-attachment-166517\" class=\"wp-caption-text\">Das Aufladen haben wir uns auch geschenkt!<\/figcaption><\/figure><br \/>\nUm 11 Uhr sind wir an den S\u00fcdweg gefahren. Birgit hatte das Heu am Vorabend in Reihen gezogen. Ich h\u00e4tte es ja morgens noch mal ausgebreitet, damit es weiter abtrocknet und dann kurz vor dem Pressen erenut gereiht, musste jetzt dann aber so gehen. Der Nachbar hat netterweise die Presse hinter seinen Traktor geh\u00e4ngt und wir konnten auch die Fangwagen nutzen. Das erspart unglaublich viel Arbeit! Tim kann schon ordentlich mit anpacken, <a href=\"https:\/\/twitter.com\/bysnok\" rel=\"noopener noreferrer\" target=\"_blank\">einer seiner Freunde<\/a> war dankenswerterweise als tatkr\u00e4ftige Unterst\u00fctzung vor Ort und auch eine Freundin hat noch mitgeholfen. So ging das alles ziemlich fix von der Hand. Einen H\u00e4nger habe ich auf den H\u00f6henf\u00f6rderer gepackt und der Rest hat oben auf dem Dachboden weggestapelt. In der Zeit war auch der zweite H\u00e4nger schon voll, so dass wir direkt weiter machen konnten. Rangieren kann ich Zweiachsanh\u00e4nger immer noch nicht, aber da sie nur 90\u00b0 vom Hof neben den F\u00f6rderer gestellt werden mussten, klappte auch das. Und der Regen lie\u00df auf sich warten!<br \/>\n<figure id=\"attachment_166521\" aria-describedby=\"caption-attachment-166521\" style=\"width: 470px\" class=\"wp-caption aligncenter\"><a href=\"https:\/\/www.andreas-edler.de\/blog\/wp-content\/uploads\/2020\/06\/2020-06-13-14.56.16.jpg\"><img loading=\"lazy\" decoding=\"async\" src=\"https:\/\/www.andreas-edler.de\/blog\/wp-content\/uploads\/2020\/06\/2020-06-13-14.56.16-470x256.jpg\" alt=\"\" width=\"470\" height=\"256\" class=\"size-large wp-image-166521\" srcset=\"https:\/\/www.andreas-edler.de\/blog\/wp-content\/uploads\/2020\/06\/2020-06-13-14.56.16-470x256.jpg 470w, https:\/\/www.andreas-edler.de\/blog\/wp-content\/uploads\/2020\/06\/2020-06-13-14.56.16-250x136.jpg 250w, https:\/\/www.andreas-edler.de\/blog\/wp-content\/uploads\/2020\/06\/2020-06-13-14.56.16-768x418.jpg 768w, https:\/\/www.andreas-edler.de\/blog\/wp-content\/uploads\/2020\/06\/2020-06-13-14.56.16-100x54.jpg 100w, https:\/\/www.andreas-edler.de\/blog\/wp-content\/uploads\/2020\/06\/2020-06-13-14.56.16-150x82.jpg 150w, https:\/\/www.andreas-edler.de\/blog\/wp-content\/uploads\/2020\/06\/2020-06-13-14.56.16-200x109.jpg 200w, https:\/\/www.andreas-edler.de\/blog\/wp-content\/uploads\/2020\/06\/2020-06-13-14.56.16-300x163.jpg 300w, https:\/\/www.andreas-edler.de\/blog\/wp-content\/uploads\/2020\/06\/2020-06-13-14.56.16-450x245.jpg 450w, https:\/\/www.andreas-edler.de\/blog\/wp-content\/uploads\/2020\/06\/2020-06-13-14.56.16-600x326.jpg 600w, https:\/\/www.andreas-edler.de\/blog\/wp-content\/uploads\/2020\/06\/2020-06-13-14.56.16-900x489.jpg 900w, https:\/\/www.andreas-edler.de\/blog\/wp-content\/uploads\/2020\/06\/2020-06-13-14.56.16.jpg 1280w\" sizes=\"auto, (max-width: 470px) 100vw, 470px\" \/><\/a><figcaption id=\"caption-attachment-166521\" class=\"wp-caption-text\">Die letzten Bunde kommen in den H\u00e4nger.<\/figcaption><\/figure><br \/>\nDrei gro\u00dfe Anh\u00e4nger haben wir voll bekommen. Den letzten hat Tim auf das Band gelegt und ich bin in der Zeit mit dem Yeti auf die Wiese, um die letzen Bunde in den Pferdeanh\u00e4nger zu packen. Danach noch schnell den Anh\u00e4nger zu Ende abladen und &#8211; fertig! So schnell waren wir noch nie! Noch nicht einmal 15:30 Uhr und alles war trocken auf dem Dachboden. Hatte ich morgens noch etwas Sorge, weil sich das Heu nicht furztrocken anf\u00fchlte, so waren die Bunde trotz recht fester Pressung sehr sch\u00f6n leicht. Gl\u00fcck gehabt.<br \/>\n<figure id=\"attachment_166522\" aria-describedby=\"caption-attachment-166522\" style=\"width: 470px\" class=\"wp-caption aligncenter\"><a href=\"https:\/\/www.andreas-edler.de\/blog\/wp-content\/uploads\/2020\/06\/2020-06-13-15.52.23.jpg\"><img loading=\"lazy\" decoding=\"async\" src=\"https:\/\/www.andreas-edler.de\/blog\/wp-content\/uploads\/2020\/06\/2020-06-13-15.52.23-470x256.jpg\" alt=\"\" width=\"470\" height=\"256\" class=\"size-large wp-image-166522\" srcset=\"https:\/\/www.andreas-edler.de\/blog\/wp-content\/uploads\/2020\/06\/2020-06-13-15.52.23-470x256.jpg 470w, https:\/\/www.andreas-edler.de\/blog\/wp-content\/uploads\/2020\/06\/2020-06-13-15.52.23-250x136.jpg 250w, https:\/\/www.andreas-edler.de\/blog\/wp-content\/uploads\/2020\/06\/2020-06-13-15.52.23-768x418.jpg 768w, https:\/\/www.andreas-edler.de\/blog\/wp-content\/uploads\/2020\/06\/2020-06-13-15.52.23-100x54.jpg 100w, https:\/\/www.andreas-edler.de\/blog\/wp-content\/uploads\/2020\/06\/2020-06-13-15.52.23-150x82.jpg 150w, https:\/\/www.andreas-edler.de\/blog\/wp-content\/uploads\/2020\/06\/2020-06-13-15.52.23-200x109.jpg 200w, https:\/\/www.andreas-edler.de\/blog\/wp-content\/uploads\/2020\/06\/2020-06-13-15.52.23-300x163.jpg 300w, https:\/\/www.andreas-edler.de\/blog\/wp-content\/uploads\/2020\/06\/2020-06-13-15.52.23-450x245.jpg 450w, https:\/\/www.andreas-edler.de\/blog\/wp-content\/uploads\/2020\/06\/2020-06-13-15.52.23-600x326.jpg 600w, https:\/\/www.andreas-edler.de\/blog\/wp-content\/uploads\/2020\/06\/2020-06-13-15.52.23-900x489.jpg 900w, https:\/\/www.andreas-edler.de\/blog\/wp-content\/uploads\/2020\/06\/2020-06-13-15.52.23.jpg 1280w\" sizes=\"auto, (max-width: 470px) 100vw, 470px\" \/><\/a><figcaption id=\"caption-attachment-166522\" class=\"wp-caption-text\">St\u00e4rkung nach der Arbeit.<\/figcaption><\/figure><br \/>\nNachdem das Gr\u00f6bste wegger\u00e4umt worden war, kam Nudelsalat mit Hei\u00dfw\u00fcrstchen auf den Campingtisch. Mama hatte eine riesige Sch\u00fcssel voll gemacht und alle haben zugegriffen. Dann noch den Hof fegen, den leeren H\u00e4nger wegrangieren und zuletzt den H\u00f6henf\u00f6rderer tetris-m\u00e4\u00dfig in den Schuppen schieben. Der war f\u00fcr die ganzen Ger\u00e4te nicht geplant worden und so muss man auf den Zentimeter rangieren und stellen, damit alles untergebracht werden kann.<br \/>\n<figure id=\"attachment_166523\" aria-describedby=\"caption-attachment-166523\" style=\"width: 470px\" class=\"wp-caption aligncenter\"><a href=\"https:\/\/www.andreas-edler.de\/blog\/wp-content\/uploads\/2020\/06\/2020-06-13-17.15.57.jpg\"><img loading=\"lazy\" decoding=\"async\" src=\"https:\/\/www.andreas-edler.de\/blog\/wp-content\/uploads\/2020\/06\/2020-06-13-17.15.57-470x256.jpg\" alt=\"\" width=\"470\" height=\"256\" class=\"size-large wp-image-166523\" srcset=\"https:\/\/www.andreas-edler.de\/blog\/wp-content\/uploads\/2020\/06\/2020-06-13-17.15.57-470x256.jpg 470w, https:\/\/www.andreas-edler.de\/blog\/wp-content\/uploads\/2020\/06\/2020-06-13-17.15.57-250x136.jpg 250w, https:\/\/www.andreas-edler.de\/blog\/wp-content\/uploads\/2020\/06\/2020-06-13-17.15.57-768x418.jpg 768w, https:\/\/www.andreas-edler.de\/blog\/wp-content\/uploads\/2020\/06\/2020-06-13-17.15.57-100x54.jpg 100w, https:\/\/www.andreas-edler.de\/blog\/wp-content\/uploads\/2020\/06\/2020-06-13-17.15.57-150x82.jpg 150w, https:\/\/www.andreas-edler.de\/blog\/wp-content\/uploads\/2020\/06\/2020-06-13-17.15.57-200x109.jpg 200w, https:\/\/www.andreas-edler.de\/blog\/wp-content\/uploads\/2020\/06\/2020-06-13-17.15.57-300x163.jpg 300w, https:\/\/www.andreas-edler.de\/blog\/wp-content\/uploads\/2020\/06\/2020-06-13-17.15.57-450x245.jpg 450w, https:\/\/www.andreas-edler.de\/blog\/wp-content\/uploads\/2020\/06\/2020-06-13-17.15.57-600x326.jpg 600w, https:\/\/www.andreas-edler.de\/blog\/wp-content\/uploads\/2020\/06\/2020-06-13-17.15.57-900x489.jpg 900w, https:\/\/www.andreas-edler.de\/blog\/wp-content\/uploads\/2020\/06\/2020-06-13-17.15.57.jpg 1280w\" sizes=\"auto, (max-width: 470px) 100vw, 470px\" \/><\/a><figcaption id=\"caption-attachment-166523\" class=\"wp-caption-text\">Gleich geht es los!<\/figcaption><\/figure><br \/>\nUm kurz nach 17 Uhr sa\u00dfen wir im Auto und sind vom Hof gefahren. Da grummelte es \u00fcber Exter schon gewaltig und man konnte die Windr\u00e4der auf dem H\u00fcgel kaum noch sehen. Geregnet hat es dann aber doch erst zwei Stunden sp\u00e4ter und auch l\u00e4ngst nicht so dramatisch, wie die NINA-Warnapp prophezeit hat. Mir egal, das Heu ist drin.<\/p>\n","protected":false},"excerpt":{"rendered":"<p>Jedes Jahr die gleiche Plackerei. Auch wenn es seit letztem (oder vorletztem?) Jahr etwas einfacher geworden ist. Da hat sich die Schwester einen alten H\u00f6henf\u00f6rderer angeschafft, der das m\u00fchselige und kr\u00e4ftezehrende hoch werfen der Heuballen auf den Boden deutlich vereinfachte. &hellip;<\/p>\n<p class=\"read-more\"> <a class=\"more-link\" href=\"https:\/\/www.andreas-edler.de\/blog\/2020\/06\/heu-machen-2020\/\"> <span class=\"screen-reader-text\">Heu machen 2020<\/span> Weiterlesen &raquo;<\/a><\/p>\n","protected":false},"author":1,"featured_media":0,"comment_status":"open","ping_status":"open","sticky":false,"template":"","format":"standard","meta":{"ngg_post_thumbnail":0,"activitypub_content_warning":"","activitypub_content_visibility":"","activitypub_max_image_attachments":2,"activitypub_interaction_policy_quote":"anyone","activitypub_status":"","footnotes":""},"categories":[1],"tags":[48,50,187,120],"class_list":["post-166514","post","type-post","status-publish","format-standard","hentry","category-allgemein","tag-arbeit","tag-helfen","tag-heu","tag-landwirtschaft"],"share_on_mastodon":{"url":"","error":""},"_links":{"self":[{"href":"https:\/\/www.andreas-edler.de\/blog\/wp-json\/wp\/v2\/posts\/166514","targetHints":{"allow":["GET"]}}],"collection":[{"href":"https:\/\/www.andreas-edler.de\/blog\/wp-json\/wp\/v2\/posts"}],"about":[{"href":"https:\/\/www.andreas-edler.de\/blog\/wp-json\/wp\/v2\/types\/post"}],"author":[{"embeddable":true,"href":"https:\/\/www.andreas-edler.de\/blog\/wp-json\/wp\/v2\/users\/1"}],"replies":[{"embeddable":true,"href":"https:\/\/www.andreas-edler.de\/blog\/wp-json\/wp\/v2\/comments?post=166514"}],"version-history":[{"count":0,"href":"https:\/\/www.andreas-edler.de\/blog\/wp-json\/wp\/v2\/posts\/166514\/revisions"}],"wp:attachment":[{"href":"https:\/\/www.andreas-edler.de\/blog\/wp-json\/wp\/v2\/media?parent=166514"}],"wp:term":[{"taxonomy":"category","embeddable":true,"href":"https:\/\/www.andreas-edler.de\/blog\/wp-json\/wp\/v2\/categories?post=166514"},{"taxonomy":"post_tag","embeddable":true,"href":"https:\/\/www.andreas-edler.de\/blog\/wp-json\/wp\/v2\/tags?post=166514"}],"curies":[{"name":"wp","href":"https:\/\/api.w.org\/{rel}","templated":true}]}}