{"id":166485,"date":"2020-05-31T15:06:20","date_gmt":"2020-05-31T13:06:20","guid":{"rendered":"https:\/\/www.andreas-edler.de\/blog\/?p=166485"},"modified":"2020-05-31T15:06:20","modified_gmt":"2020-05-31T13:06:20","slug":"stadtradeln-2020-in-bad-oeynhausen","status":"publish","type":"post","link":"https:\/\/www.andreas-edler.de\/blog\/2020\/05\/stadtradeln-2020-in-bad-oeynhausen\/","title":{"rendered":"Stadtradeln 2020 in Bad Oeynhausen"},"content":{"rendered":"<p><figure id=\"attachment_166486\" aria-describedby=\"caption-attachment-166486\" style=\"width: 250px\" class=\"wp-caption alignright\"><a href=\"https:\/\/www.andreas-edler.de\/blog\/wp-content\/uploads\/2020\/05\/IMG-20200530-WA0003.jpg\"><img loading=\"lazy\" decoding=\"async\" src=\"https:\/\/www.andreas-edler.de\/blog\/wp-content\/uploads\/2020\/05\/IMG-20200530-WA0003-250x250.jpg\" alt=\"\" width=\"250\" height=\"250\" class=\"size-medium wp-image-166486\" srcset=\"https:\/\/www.andreas-edler.de\/blog\/wp-content\/uploads\/2020\/05\/IMG-20200530-WA0003-250x250.jpg 250w, https:\/\/www.andreas-edler.de\/blog\/wp-content\/uploads\/2020\/05\/IMG-20200530-WA0003-470x470.jpg 470w, https:\/\/www.andreas-edler.de\/blog\/wp-content\/uploads\/2020\/05\/IMG-20200530-WA0003-150x150.jpg 150w, https:\/\/www.andreas-edler.de\/blog\/wp-content\/uploads\/2020\/05\/IMG-20200530-WA0003-768x768.jpg 768w, https:\/\/www.andreas-edler.de\/blog\/wp-content\/uploads\/2020\/05\/IMG-20200530-WA0003-100x100.jpg 100w, https:\/\/www.andreas-edler.de\/blog\/wp-content\/uploads\/2020\/05\/IMG-20200530-WA0003-200x200.jpg 200w, https:\/\/www.andreas-edler.de\/blog\/wp-content\/uploads\/2020\/05\/IMG-20200530-WA0003-300x300.jpg 300w, https:\/\/www.andreas-edler.de\/blog\/wp-content\/uploads\/2020\/05\/IMG-20200530-WA0003-450x450.jpg 450w, https:\/\/www.andreas-edler.de\/blog\/wp-content\/uploads\/2020\/05\/IMG-20200530-WA0003-600x600.jpg 600w, https:\/\/www.andreas-edler.de\/blog\/wp-content\/uploads\/2020\/05\/IMG-20200530-WA0003-900x900.jpg 900w, https:\/\/www.andreas-edler.de\/blog\/wp-content\/uploads\/2020\/05\/IMG-20200530-WA0003.jpg 1024w\" sizes=\"auto, (max-width: 250px) 100vw, 250px\" \/><\/a><figcaption id=\"caption-attachment-166486\" class=\"wp-caption-text\">Einmal Bielefeld und zur\u00fcck<\/figcaption><\/figure> Gestern ist das Stadtradeln in Bad Oeynhausen gestartet. Coronabedingt ohne gro\u00dfe Er\u00f6ffnungsveranstaltung und Brimborium. Allerdings scheint es mir, als sei die Resonanz in diesem Jahr deutlich gr\u00f6\u00dfer als in der Vergangenheit. Es gibt (Stand 31.05.) 26 angemeldete Teams! Nicht schlecht. Und auch in unserem Team der Gr\u00fcnen in Bad Oeynhausen sind wir mit 14 Personen am Start. Das gef\u00e4llt mir gut &#8211; auch wenn ich <a href=\"https:\/\/www.andreas-edler.de\/blog\/2016\/06\/stadtradeln\/\" rel=\"noopener noreferrer\" target=\"_blank\">den nachhaltigen Effekt immer noch etwas anzweifle<\/a>. Wer bei uns mitfahren m\u00f6chte, darf sich \u00fcbrigens sehr gerne <a href=\"https:\/\/www.stadtradeln.de\/index.php?&#038;id=171&#038;team_preselect=412280\" rel=\"noopener noreferrer\" target=\"_blank\">\u00fcber diesen Link anmelden<\/a>! Da gestern das Wetter so sch\u00f6n war, bin ich auch gleich am ersten Tag mit dem Kilometerfressen angefangen. <!--more--><\/p>\n<p>Nachdem meine <a href=\"https:\/\/www.andreas-edler.de\/blog\/2020\/05\/einmal-steinhuder-meer-und-fast-zurueck\/\" rel=\"noopener noreferrer\" target=\"_blank\">letzte Tour nicht so ber\u00fchmt zu Ende gegangen<\/a> ist, hatte ich mir eine nicht so gewaltige Aufgabe vorgenommen. Ein Freund in Heepen hatte Geburtstag und da bin ich dann kurzentschlossen hingefahren. Bis nach Bielefeld war alle in Ordnung &#8211; auch wenn ich in Herford jedesmal an der direkten Durchfahrt scheitere und jedesmal Google-Maps konsultieren muss. Nach ein wenig Aufenthalt mit St\u00e4rkung hat der Gegenwind die R\u00fcckfahrt nicht ganz so entspannt gemacht. Da musste ich etwas k\u00e4mpfen. Und auch in Bad Salzuflen bin ich nicht so ortskundig, als dass ich den Weg nach W\u00fcsten ohne Blick auf die Karte gefunden h\u00e4tte. <a href=\"https:\/\/www.strava.com\/activities\/3537112234\" rel=\"noopener noreferrer\" target=\"_blank\">War trotzdem eine sch\u00f6ne Runde!<\/a><\/p>\n<p><figure id=\"attachment_166489\" aria-describedby=\"caption-attachment-166489\" style=\"width: 250px\" class=\"wp-caption alignright\"><a href=\"https:\/\/www.andreas-edler.de\/blog\/wp-content\/uploads\/2020\/05\/GarminConnect_20200531-121236.jpg\"><img loading=\"lazy\" decoding=\"async\" src=\"https:\/\/www.andreas-edler.de\/blog\/wp-content\/uploads\/2020\/05\/GarminConnect_20200531-121236-250x250.jpg\" alt=\"\" width=\"250\" height=\"250\" class=\"size-medium wp-image-166489\" srcset=\"https:\/\/www.andreas-edler.de\/blog\/wp-content\/uploads\/2020\/05\/GarminConnect_20200531-121236-250x250.jpg 250w, https:\/\/www.andreas-edler.de\/blog\/wp-content\/uploads\/2020\/05\/GarminConnect_20200531-121236-470x470.jpg 470w, https:\/\/www.andreas-edler.de\/blog\/wp-content\/uploads\/2020\/05\/GarminConnect_20200531-121236-150x150.jpg 150w, https:\/\/www.andreas-edler.de\/blog\/wp-content\/uploads\/2020\/05\/GarminConnect_20200531-121236-768x768.jpg 768w, https:\/\/www.andreas-edler.de\/blog\/wp-content\/uploads\/2020\/05\/GarminConnect_20200531-121236-100x100.jpg 100w, https:\/\/www.andreas-edler.de\/blog\/wp-content\/uploads\/2020\/05\/GarminConnect_20200531-121236-200x200.jpg 200w, https:\/\/www.andreas-edler.de\/blog\/wp-content\/uploads\/2020\/05\/GarminConnect_20200531-121236-300x300.jpg 300w, https:\/\/www.andreas-edler.de\/blog\/wp-content\/uploads\/2020\/05\/GarminConnect_20200531-121236-450x450.jpg 450w, https:\/\/www.andreas-edler.de\/blog\/wp-content\/uploads\/2020\/05\/GarminConnect_20200531-121236-600x600.jpg 600w, https:\/\/www.andreas-edler.de\/blog\/wp-content\/uploads\/2020\/05\/GarminConnect_20200531-121236-900x900.jpg 900w, https:\/\/www.andreas-edler.de\/blog\/wp-content\/uploads\/2020\/05\/GarminConnect_20200531-121236.jpg 1024w\" sizes=\"auto, (max-width: 250px) 100vw, 250px\" \/><\/a><figcaption id=\"caption-attachment-166489\" class=\"wp-caption-text\">Zum Sender in Herford und zur\u00fcck<\/figcaption><\/figure> Eigentlich hatte das Garmin mir empfohlen nach der Runde eine Pause von 53 Stunden einzulegen. Darauf habe ich heute morgen nat\u00fcrlich nicht geh\u00f6rt und mich vor unserem traditionell sehr sp\u00e4ten Fr\u00fchst\u00fcck in den Sattel gesetzt. Unter anderem auch, weil die Frau an unserem Hochzeitstag ebenfalls erstmal eine Runde zur Krausen Buche gestrampelt ist. Da hoch wollte ich nicht und habe die entgegengesetzte Richtung gew\u00e4hlt. Die Detmolder Stra\u00dfe rauf bis zum Portablick. Da habe ich buchst\u00e4blich erstmal ein wenig zur Porta geblickt und mich dann entschieden, dass der Sender von da oben aus gar nicht so weit entfernt aussieht. Und ich war auch schon lange nicht mehr dort. Dann mal los. Der Weg ist einfach zu finden &#8230; immer gerade aus. Von oben auf der Lohe gehts auch erstmal nur runter, das muss aber auch alles wieder hoch gefahren werden.<\/p>\n<p>Da waren meine Beine doch ganz sch\u00f6n schwer. Hat aber doch alles geklappt. Und oben auf dem H\u00fcgel freue ich mich dann immer sehr, dass ich es geschafft habe :-) Zur\u00fcck habe ich die gesperrte B61 genommen, um mir die Baustelle anzusehen. War mit dem Rad auch kein Problem. Der Radwegteil ist fast komplett fertig und nur eine ganz kleine Ecke ist nicht asphaltiert. Da sind den Spuren nach zu urteilen an dem Wochenende aber auch schon mehrere Dutzend Fahrr\u00e4der lang gerauscht :-) So habe ich nun die ersten 100 Kilometer im Stadtradeln-Tagebuch aufgeschrieben. L\u00e4uft.<\/p>\n","protected":false},"excerpt":{"rendered":"<p>Gestern ist das Stadtradeln in Bad Oeynhausen gestartet. Coronabedingt ohne gro\u00dfe Er\u00f6ffnungsveranstaltung und Brimborium. Allerdings scheint es mir, als sei die Resonanz in diesem Jahr deutlich gr\u00f6\u00dfer als in der Vergangenheit. Es gibt (Stand 31.05.) 26 angemeldete Teams! Nicht schlecht. &hellip;<\/p>\n<p class=\"read-more\"> <a class=\"more-link\" href=\"https:\/\/www.andreas-edler.de\/blog\/2020\/05\/stadtradeln-2020-in-bad-oeynhausen\/\"> <span class=\"screen-reader-text\">Stadtradeln 2020 in Bad Oeynhausen<\/span> Weiterlesen &raquo;<\/a><\/p>\n","protected":false},"author":1,"featured_media":0,"comment_status":"open","ping_status":"open","sticky":false,"template":"","format":"standard","meta":{"ngg_post_thumbnail":0,"activitypub_content_warning":"","activitypub_content_visibility":"","activitypub_max_image_attachments":2,"activitypub_interaction_policy_quote":"anyone","activitypub_status":"","footnotes":""},"categories":[14,15],"tags":[75,352,168,412,158,132,30,252],"class_list":["post-166485","post","type-post","status-publish","format-standard","hentry","category-bad-oeynhausen","category-fahrrad","tag-grun","tag-gruene","tag-klimafreundliche-mobilitaet","tag-mdrza","tag-mit-dem-rad-zur-arbeit","tag-radtour","tag-spielen","tag-stadtradeln"],"share_on_mastodon":{"url":"","error":""},"_links":{"self":[{"href":"https:\/\/www.andreas-edler.de\/blog\/wp-json\/wp\/v2\/posts\/166485","targetHints":{"allow":["GET"]}}],"collection":[{"href":"https:\/\/www.andreas-edler.de\/blog\/wp-json\/wp\/v2\/posts"}],"about":[{"href":"https:\/\/www.andreas-edler.de\/blog\/wp-json\/wp\/v2\/types\/post"}],"author":[{"embeddable":true,"href":"https:\/\/www.andreas-edler.de\/blog\/wp-json\/wp\/v2\/users\/1"}],"replies":[{"embeddable":true,"href":"https:\/\/www.andreas-edler.de\/blog\/wp-json\/wp\/v2\/comments?post=166485"}],"version-history":[{"count":0,"href":"https:\/\/www.andreas-edler.de\/blog\/wp-json\/wp\/v2\/posts\/166485\/revisions"}],"wp:attachment":[{"href":"https:\/\/www.andreas-edler.de\/blog\/wp-json\/wp\/v2\/media?parent=166485"}],"wp:term":[{"taxonomy":"category","embeddable":true,"href":"https:\/\/www.andreas-edler.de\/blog\/wp-json\/wp\/v2\/categories?post=166485"},{"taxonomy":"post_tag","embeddable":true,"href":"https:\/\/www.andreas-edler.de\/blog\/wp-json\/wp\/v2\/tags?post=166485"}],"curies":[{"name":"wp","href":"https:\/\/api.w.org\/{rel}","templated":true}]}}