{"id":166442,"date":"2020-05-05T19:33:23","date_gmt":"2020-05-05T17:33:23","guid":{"rendered":"https:\/\/www.andreas-edler.de\/blog\/?p=166442"},"modified":"2020-05-05T19:33:23","modified_gmt":"2020-05-05T17:33:23","slug":"kurzes-statement-zum-weggang-der-fahrradbeauftragten","status":"publish","type":"post","link":"https:\/\/www.andreas-edler.de\/blog\/2020\/05\/kurzes-statement-zum-weggang-der-fahrradbeauftragten\/","title":{"rendered":"Kurzes Statement zum Weggang der Fahrradbeauftragten"},"content":{"rendered":"<div class=\"bild\" style=\"font-size: smaller;\"><img decoding=\"async\" src=\"https:\/\/www.andreas-edler.de\/grafik\/logo_rad.png\" alt=\"Logo: Fahrrad\" title=\"Logo: Fahrrad\" width=\"250\" border=\"0\"><\/div>\n<p> Die Lokalpresse fragte mich heute nach einem kurzen Statement f\u00fcr <a href=\"https:\/\/www.gruene-badoeynhausen.de\" rel=\"noopener noreferrer\" target=\"_blank\">die Gr\u00fcnen<\/a> und den <a href=\"https:\/\/www.adfc-nrw.de\/kreisverbaende\/kv-minden\/wer-wir-sind\/aktive-bad-oeynhausen.html\" rel=\"noopener noreferrer\" target=\"_blank\">ADFC<\/a> zum <a href=\"https:\/\/www.andreas-edler.de\/blog\/2020\/04\/bad-oeynhausen-hat-wieder-keine-radverkehrsbeauftrage-mehr\/\" rel=\"noopener noreferrer\" target=\"_blank\">Weggang unserer Fahrradbeauftragten<\/a>. Habe versucht mich so kurz wie m\u00f6glich zu fassen ;-) <!--more--><\/p>\n<p><cite>In elf Jahren haben sich drei Fahrradbeauftragte in Teilzeit um den Radverkehr gek\u00fcmmert, zwei Jahre war die Stelle in dem Zeitraum unbesetzt. Leider ist es f\u00fcr die Umsetzung beschlossener Konzepte \u00e4u\u00dferst ungl\u00fccklich, wenn keine l\u00e4ngerfristige Besch\u00e4ftigung mit dem Thema m\u00f6glich ist und immer wieder &#8222;von vorn&#8220; begonnen wird. So pr\u00e4sentiert sich denn leider auch der Alltagsradverkehr in Bad Oeynhausen. Marode benutzungspflichtige Radwege, buntes Pflaster anstelle vern\u00fcnftiger Infrastruktur, immer noch kein durchg\u00e4ngiges Radverkehrsnetz und mangelhafte Kommunikation in der \u00d6ffentlichkeit. Es ist viel zu tun und ich vermisse echte Verbesserungen.<\/cite><\/p>\n","protected":false},"excerpt":{"rendered":"<p>Die Lokalpresse fragte mich heute nach einem kurzen Statement f\u00fcr die Gr\u00fcnen und den ADFC zum Weggang unserer Fahrradbeauftragten. Habe versucht mich so kurz wie m\u00f6glich zu fassen ;-)<\/p>\n","protected":false},"author":1,"featured_media":0,"comment_status":"open","ping_status":"open","sticky":false,"template":"","format":"standard","meta":{"ngg_post_thumbnail":0,"activitypub_content_warning":"","activitypub_content_visibility":"","activitypub_max_image_attachments":2,"activitypub_interaction_policy_quote":"anyone","activitypub_status":"","footnotes":""},"categories":[14,15,45,13],"tags":[109,237,110,352,251,168,34,59,378,77,380,72],"class_list":["post-166442","post","type-post","status-publish","format-standard","hentry","category-bad-oeynhausen","category-fahrrad","category-politik","category-verkehr","tag-adfc","tag-ausschuss-fuer-stadtentwicklung","tag-fahrradfreundliche-stadt","tag-gruene","tag-infrastruktur","tag-klimafreundliche-mobilitaet","tag-kommunikation","tag-presse","tag-runder-tisch","tag-stadtrat","tag-umweltschutz","tag-verwaltung"],"share_on_mastodon":{"url":"","error":""},"_links":{"self":[{"href":"https:\/\/www.andreas-edler.de\/blog\/wp-json\/wp\/v2\/posts\/166442","targetHints":{"allow":["GET"]}}],"collection":[{"href":"https:\/\/www.andreas-edler.de\/blog\/wp-json\/wp\/v2\/posts"}],"about":[{"href":"https:\/\/www.andreas-edler.de\/blog\/wp-json\/wp\/v2\/types\/post"}],"author":[{"embeddable":true,"href":"https:\/\/www.andreas-edler.de\/blog\/wp-json\/wp\/v2\/users\/1"}],"replies":[{"embeddable":true,"href":"https:\/\/www.andreas-edler.de\/blog\/wp-json\/wp\/v2\/comments?post=166442"}],"version-history":[{"count":0,"href":"https:\/\/www.andreas-edler.de\/blog\/wp-json\/wp\/v2\/posts\/166442\/revisions"}],"wp:attachment":[{"href":"https:\/\/www.andreas-edler.de\/blog\/wp-json\/wp\/v2\/media?parent=166442"}],"wp:term":[{"taxonomy":"category","embeddable":true,"href":"https:\/\/www.andreas-edler.de\/blog\/wp-json\/wp\/v2\/categories?post=166442"},{"taxonomy":"post_tag","embeddable":true,"href":"https:\/\/www.andreas-edler.de\/blog\/wp-json\/wp\/v2\/tags?post=166442"}],"curies":[{"name":"wp","href":"https:\/\/api.w.org\/{rel}","templated":true}]}}