{"id":166414,"date":"2020-05-03T12:58:20","date_gmt":"2020-05-03T10:58:20","guid":{"rendered":"https:\/\/www.andreas-edler.de\/blog\/?p=166414"},"modified":"2020-05-03T12:58:20","modified_gmt":"2020-05-03T10:58:20","slug":"verkehrsmittel-und-wetterlage-im-april-2020","status":"publish","type":"post","link":"https:\/\/www.andreas-edler.de\/blog\/2020\/05\/verkehrsmittel-und-wetterlage-im-april-2020\/","title":{"rendered":"Verkehrsmittel und Wetterlage im April 2020"},"content":{"rendered":"<p><figure id=\"attachment_166415\" aria-describedby=\"caption-attachment-166415\" style=\"width: 250px\" class=\"wp-caption alignright\"><a href=\"https:\/\/www.andreas-edler.de\/blog\/wp-content\/uploads\/2020\/05\/2020-04-30-statistik.png\"><img loading=\"lazy\" decoding=\"async\" src=\"https:\/\/www.andreas-edler.de\/blog\/wp-content\/uploads\/2020\/05\/2020-04-30-statistik-250x83.png\" alt=\"\" width=\"250\" height=\"83\" class=\"size-medium wp-image-166415\" srcset=\"https:\/\/www.andreas-edler.de\/blog\/wp-content\/uploads\/2020\/05\/2020-04-30-statistik-250x83.png 250w, https:\/\/www.andreas-edler.de\/blog\/wp-content\/uploads\/2020\/05\/2020-04-30-statistik-470x156.png 470w, https:\/\/www.andreas-edler.de\/blog\/wp-content\/uploads\/2020\/05\/2020-04-30-statistik-768x256.png 768w, https:\/\/www.andreas-edler.de\/blog\/wp-content\/uploads\/2020\/05\/2020-04-30-statistik-100x33.png 100w, https:\/\/www.andreas-edler.de\/blog\/wp-content\/uploads\/2020\/05\/2020-04-30-statistik-150x50.png 150w, https:\/\/www.andreas-edler.de\/blog\/wp-content\/uploads\/2020\/05\/2020-04-30-statistik-200x67.png 200w, https:\/\/www.andreas-edler.de\/blog\/wp-content\/uploads\/2020\/05\/2020-04-30-statistik-300x100.png 300w, https:\/\/www.andreas-edler.de\/blog\/wp-content\/uploads\/2020\/05\/2020-04-30-statistik-450x150.png 450w, https:\/\/www.andreas-edler.de\/blog\/wp-content\/uploads\/2020\/05\/2020-04-30-statistik-600x200.png 600w, https:\/\/www.andreas-edler.de\/blog\/wp-content\/uploads\/2020\/05\/2020-04-30-statistik.png 829w\" sizes=\"auto, (max-width: 250px) 100vw, 250px\" \/><\/a><figcaption id=\"caption-attachment-166415\" class=\"wp-caption-text\">Die Zahlen von Januar bis April 2020<\/figcaption><\/figure> Im April bin ich gl\u00fccklicherweise auch weiterhin zur Arbeit gefahren. Keine Krankheit, keine sonstigen Ereignisse, die es erfordert h\u00e4tten zu Hause zu bleiben. Trotz Corona hatten wir immer noch reichlich zu tun. Erst gegen Ende des Monats wurde es etwas angenehmer. Die Wetterlage war wie in den vergangenen Jahren ideal zum Fahrradfahren und weniger gut f\u00fcr die Landwirtschaft bzw. die Umwelt im Allgemeinen. Viel zu trocken! <!--more--><\/p>\n<p><figure id=\"attachment_166416\" aria-describedby=\"caption-attachment-166416\" style=\"width: 470px\" class=\"wp-caption aligncenter\"><a href=\"https:\/\/www.andreas-edler.de\/blog\/wp-content\/uploads\/2020\/05\/2020-04-30-wetterlage.png\"><img loading=\"lazy\" decoding=\"async\" src=\"https:\/\/www.andreas-edler.de\/blog\/wp-content\/uploads\/2020\/05\/2020-04-30-wetterlage-470x227.png\" alt=\"\" width=\"470\" height=\"227\" class=\"size-large wp-image-166416\" srcset=\"https:\/\/www.andreas-edler.de\/blog\/wp-content\/uploads\/2020\/05\/2020-04-30-wetterlage-470x227.png 470w, https:\/\/www.andreas-edler.de\/blog\/wp-content\/uploads\/2020\/05\/2020-04-30-wetterlage-250x121.png 250w, https:\/\/www.andreas-edler.de\/blog\/wp-content\/uploads\/2020\/05\/2020-04-30-wetterlage-100x48.png 100w, https:\/\/www.andreas-edler.de\/blog\/wp-content\/uploads\/2020\/05\/2020-04-30-wetterlage-150x72.png 150w, https:\/\/www.andreas-edler.de\/blog\/wp-content\/uploads\/2020\/05\/2020-04-30-wetterlage-200x97.png 200w, https:\/\/www.andreas-edler.de\/blog\/wp-content\/uploads\/2020\/05\/2020-04-30-wetterlage-300x145.png 300w, https:\/\/www.andreas-edler.de\/blog\/wp-content\/uploads\/2020\/05\/2020-04-30-wetterlage-450x217.png 450w, https:\/\/www.andreas-edler.de\/blog\/wp-content\/uploads\/2020\/05\/2020-04-30-wetterlage-600x290.png 600w, https:\/\/www.andreas-edler.de\/blog\/wp-content\/uploads\/2020\/05\/2020-04-30-wetterlage.png 605w\" sizes=\"auto, (max-width: 470px) 100vw, 470px\" \/><\/a><figcaption id=\"caption-attachment-166416\" class=\"wp-caption-text\">Das Wetter von Januar bis April 2020<\/figcaption><\/figure> An einem Tag in der vergangenen Woche hat es morgens leicht genieselt. So leicht, dass ich \u00fcberlegt habe, ob ich diesen etwas dickeren Nebel \u00fcberhaupt erw\u00e4hnen sollte. Nachdem ich aber in der Tiefgarage feststellte, dass statt der sonst um die 20 Fahrr\u00e4dern neben meinen nur ein weiteres pedalgetriebenes Fahrzeug vor Ort war, habe ich das dann doch mal als &#8222;Niesel&#8220; gewertet. F\u00fcr manch anderen war diese Feuchtigkeit wom\u00f6glich sogar Regen.<br \/>\n<figure id=\"attachment_166418\" aria-describedby=\"caption-attachment-166418\" style=\"width: 470px\" class=\"wp-caption aligncenter\"><a href=\"https:\/\/www.andreas-edler.de\/blog\/wp-content\/uploads\/2020\/05\/2020-04-30-verkehrsmittel.png\"><img loading=\"lazy\" decoding=\"async\" src=\"https:\/\/www.andreas-edler.de\/blog\/wp-content\/uploads\/2020\/05\/2020-04-30-verkehrsmittel-470x304.png\" alt=\"\" width=\"470\" height=\"304\" class=\"size-large wp-image-166418\" srcset=\"https:\/\/www.andreas-edler.de\/blog\/wp-content\/uploads\/2020\/05\/2020-04-30-verkehrsmittel-470x304.png 470w, https:\/\/www.andreas-edler.de\/blog\/wp-content\/uploads\/2020\/05\/2020-04-30-verkehrsmittel-250x162.png 250w, https:\/\/www.andreas-edler.de\/blog\/wp-content\/uploads\/2020\/05\/2020-04-30-verkehrsmittel-100x65.png 100w, https:\/\/www.andreas-edler.de\/blog\/wp-content\/uploads\/2020\/05\/2020-04-30-verkehrsmittel-150x97.png 150w, https:\/\/www.andreas-edler.de\/blog\/wp-content\/uploads\/2020\/05\/2020-04-30-verkehrsmittel-200x129.png 200w, https:\/\/www.andreas-edler.de\/blog\/wp-content\/uploads\/2020\/05\/2020-04-30-verkehrsmittel-300x194.png 300w, https:\/\/www.andreas-edler.de\/blog\/wp-content\/uploads\/2020\/05\/2020-04-30-verkehrsmittel-450x291.png 450w, https:\/\/www.andreas-edler.de\/blog\/wp-content\/uploads\/2020\/05\/2020-04-30-verkehrsmittel-600x388.png 600w, https:\/\/www.andreas-edler.de\/blog\/wp-content\/uploads\/2020\/05\/2020-04-30-verkehrsmittel.png 605w\" sizes=\"auto, (max-width: 470px) 100vw, 470px\" \/><\/a><figcaption id=\"caption-attachment-166418\" class=\"wp-caption-text\">Genutzte Verkehrsmittel von Januar bis April 2020<\/figcaption><\/figure> Es ist auch dabei geblieben, dass bisher von mir nur einmal das Auto f\u00fcr den Weg ins B\u00fcro genutzt wurde. Ende April musste ich dann doch mal tanken, weil der Benzinpreis unter 1,10 \u20ac je Liter gesunken ist und die Tanknadel kurz vor Reserve war. Fast vier Monate ohne Nachf\u00fcllen.<br \/>\n<figure id=\"attachment_166417\" aria-describedby=\"caption-attachment-166417\" style=\"width: 470px\" class=\"wp-caption aligncenter\"><a href=\"https:\/\/www.andreas-edler.de\/blog\/wp-content\/uploads\/2020\/05\/2020-04-30-kilometer.png\"><img loading=\"lazy\" decoding=\"async\" src=\"https:\/\/www.andreas-edler.de\/blog\/wp-content\/uploads\/2020\/05\/2020-04-30-kilometer-470x300.png\" alt=\"\" width=\"470\" height=\"300\" class=\"size-large wp-image-166417\" srcset=\"https:\/\/www.andreas-edler.de\/blog\/wp-content\/uploads\/2020\/05\/2020-04-30-kilometer-470x300.png 470w, https:\/\/www.andreas-edler.de\/blog\/wp-content\/uploads\/2020\/05\/2020-04-30-kilometer-250x160.png 250w, https:\/\/www.andreas-edler.de\/blog\/wp-content\/uploads\/2020\/05\/2020-04-30-kilometer-100x64.png 100w, https:\/\/www.andreas-edler.de\/blog\/wp-content\/uploads\/2020\/05\/2020-04-30-kilometer-150x96.png 150w, https:\/\/www.andreas-edler.de\/blog\/wp-content\/uploads\/2020\/05\/2020-04-30-kilometer-200x128.png 200w, https:\/\/www.andreas-edler.de\/blog\/wp-content\/uploads\/2020\/05\/2020-04-30-kilometer-300x192.png 300w, https:\/\/www.andreas-edler.de\/blog\/wp-content\/uploads\/2020\/05\/2020-04-30-kilometer-450x287.png 450w, https:\/\/www.andreas-edler.de\/blog\/wp-content\/uploads\/2020\/05\/2020-04-30-kilometer-600x383.png 600w, https:\/\/www.andreas-edler.de\/blog\/wp-content\/uploads\/2020\/05\/2020-04-30-kilometer.png 606w\" sizes=\"auto, (max-width: 470px) 100vw, 470px\" \/><\/a><figcaption id=\"caption-attachment-166417\" class=\"wp-caption-text\">Zur\u00fcckgelegte Kilometer von Januar bis April 2020<\/figcaption><\/figure> Entsprechend sieht auch die Torte bei den gefahrenen Kilometern aus. Mit dem KFZ nur 5,5 Km Arbeitsweg in 2020 gegen\u00fcber 464,5 Kilometern im Fahrradsattel. Der April hat nicht ganz 80 Kilometer auf die Uhr gebracht, weil ich eine Woche Urlaub hatte.<\/p>\n","protected":false},"excerpt":{"rendered":"<p>Im April bin ich gl\u00fccklicherweise auch weiterhin zur Arbeit gefahren. Keine Krankheit, keine sonstigen Ereignisse, die es erfordert h\u00e4tten zu Hause zu bleiben. Trotz Corona hatten wir immer noch reichlich zu tun. Erst gegen Ende des Monats wurde es etwas &hellip;<\/p>\n<p class=\"read-more\"> <a class=\"more-link\" href=\"https:\/\/www.andreas-edler.de\/blog\/2020\/05\/verkehrsmittel-und-wetterlage-im-april-2020\/\"> <span class=\"screen-reader-text\">Verkehrsmittel und Wetterlage im April 2020<\/span> Weiterlesen &raquo;<\/a><\/p>\n","protected":false},"author":1,"featured_media":0,"comment_status":"open","ping_status":"open","sticky":false,"template":"","format":"standard","meta":{"ngg_post_thumbnail":0,"activitypub_content_warning":"","activitypub_content_visibility":"","activitypub_max_image_attachments":2,"activitypub_interaction_policy_quote":"anyone","activitypub_status":"","footnotes":""},"categories":[15],"tags":[37,412,158,244,53],"class_list":["post-166414","post","type-post","status-publish","format-standard","hentry","category-fahrrad","tag-auto","tag-mdrza","tag-mit-dem-rad-zur-arbeit","tag-verkehrsmittel-und-wetterlage","tag-wetter"],"share_on_mastodon":{"url":"","error":""},"_links":{"self":[{"href":"https:\/\/www.andreas-edler.de\/blog\/wp-json\/wp\/v2\/posts\/166414","targetHints":{"allow":["GET"]}}],"collection":[{"href":"https:\/\/www.andreas-edler.de\/blog\/wp-json\/wp\/v2\/posts"}],"about":[{"href":"https:\/\/www.andreas-edler.de\/blog\/wp-json\/wp\/v2\/types\/post"}],"author":[{"embeddable":true,"href":"https:\/\/www.andreas-edler.de\/blog\/wp-json\/wp\/v2\/users\/1"}],"replies":[{"embeddable":true,"href":"https:\/\/www.andreas-edler.de\/blog\/wp-json\/wp\/v2\/comments?post=166414"}],"version-history":[{"count":0,"href":"https:\/\/www.andreas-edler.de\/blog\/wp-json\/wp\/v2\/posts\/166414\/revisions"}],"wp:attachment":[{"href":"https:\/\/www.andreas-edler.de\/blog\/wp-json\/wp\/v2\/media?parent=166414"}],"wp:term":[{"taxonomy":"category","embeddable":true,"href":"https:\/\/www.andreas-edler.de\/blog\/wp-json\/wp\/v2\/categories?post=166414"},{"taxonomy":"post_tag","embeddable":true,"href":"https:\/\/www.andreas-edler.de\/blog\/wp-json\/wp\/v2\/tags?post=166414"}],"curies":[{"name":"wp","href":"https:\/\/api.w.org\/{rel}","templated":true}]}}