{"id":166216,"date":"2020-02-29T11:42:26","date_gmt":"2020-02-29T10:42:26","guid":{"rendered":"https:\/\/www.andreas-edler.de\/blog\/?p=166216"},"modified":"2020-02-29T11:42:26","modified_gmt":"2020-02-29T10:42:26","slug":"wisch-wasch-wasser-zum-reinigen-von-radfahrern","status":"publish","type":"post","link":"https:\/\/www.andreas-edler.de\/blog\/2020\/02\/wisch-wasch-wasser-zum-reinigen-von-radfahrern\/","title":{"rendered":"Wisch-Wasch-Wasser zum Reinigen von Radfahrern"},"content":{"rendered":"<p>Ich bin mir nat\u00fcrllich nicht sicher, ob das immer mit Absicht gemacht wird, aber es ist mir nun schon des\u00f6fteren passiert, dass Autofahrende beim \u00dcberholen und Vorbeifahren die Wisch-Wasch-Anlage f\u00fcr die Scheiben bzw. Scheinwerfer benutzt haben. In einigen F\u00e4llen ist es ganz offensichtlich Absicht gewesen, hier mag es &#8222;einfach so&#8220; passiert sein.<br \/>\n<figure id=\"attachment_166217\" aria-describedby=\"caption-attachment-166217\" style=\"width: 470px\" class=\"wp-caption aligncenter\"><a href=\"https:\/\/www.andreas-edler.de\/blog\/wp-content\/uploads\/2020\/02\/20200228_wischwaschanlage_steinstrasse.png\"><img loading=\"lazy\" decoding=\"async\" src=\"https:\/\/www.andreas-edler.de\/blog\/wp-content\/uploads\/2020\/02\/20200228_wischwaschanlage_steinstrasse-470x262.png\" alt=\"\" width=\"470\" height=\"262\" class=\"size-large wp-image-166217\" srcset=\"https:\/\/www.andreas-edler.de\/blog\/wp-content\/uploads\/2020\/02\/20200228_wischwaschanlage_steinstrasse-470x262.png 470w, https:\/\/www.andreas-edler.de\/blog\/wp-content\/uploads\/2020\/02\/20200228_wischwaschanlage_steinstrasse-250x139.png 250w, https:\/\/www.andreas-edler.de\/blog\/wp-content\/uploads\/2020\/02\/20200228_wischwaschanlage_steinstrasse-768x428.png 768w, https:\/\/www.andreas-edler.de\/blog\/wp-content\/uploads\/2020\/02\/20200228_wischwaschanlage_steinstrasse-100x56.png 100w, https:\/\/www.andreas-edler.de\/blog\/wp-content\/uploads\/2020\/02\/20200228_wischwaschanlage_steinstrasse-150x84.png 150w, https:\/\/www.andreas-edler.de\/blog\/wp-content\/uploads\/2020\/02\/20200228_wischwaschanlage_steinstrasse-200x112.png 200w, https:\/\/www.andreas-edler.de\/blog\/wp-content\/uploads\/2020\/02\/20200228_wischwaschanlage_steinstrasse-300x167.png 300w, https:\/\/www.andreas-edler.de\/blog\/wp-content\/uploads\/2020\/02\/20200228_wischwaschanlage_steinstrasse-450x251.png 450w, https:\/\/www.andreas-edler.de\/blog\/wp-content\/uploads\/2020\/02\/20200228_wischwaschanlage_steinstrasse-600x335.png 600w, https:\/\/www.andreas-edler.de\/blog\/wp-content\/uploads\/2020\/02\/20200228_wischwaschanlage_steinstrasse-900x502.png 900w, https:\/\/www.andreas-edler.de\/blog\/wp-content\/uploads\/2020\/02\/20200228_wischwaschanlage_steinstrasse.png 1142w\" sizes=\"auto, (max-width: 470px) 100vw, 470px\" \/><\/a><figcaption id=\"caption-attachment-166217\" class=\"wp-caption-text\">Bet\u00e4tigung der Wisch-Wasch-Anlage beim Vorbeifahren<\/figcaption><\/figure> <!--more--> Selbst wenn es Gedankenlosigkeit war, habe ich den Schwall abbekommen. Bei den Spezialisten die das aus erzieherischen Gr\u00fcnden machen, weil ich z.B. auf der Eidinghausener Stra\u00dfe nicht auf dem Gehweg fahre, ist das zum Kotzen. Aus Versehen allerdings mindestens noch \u00e4rgerlich, l\u00e4sst es doch R\u00fcckschl\u00fcsse auf die Aufmerksamkeit der motorisierten Fahrer zu.<br \/>\n<figure id=\"attachment_166223\" aria-describedby=\"caption-attachment-166223\" style=\"width: 470px\" class=\"wp-caption aligncenter\"><a href=\"https:\/\/www.andreas-edler.de\/blog\/wp-content\/uploads\/2020\/02\/20200226_werredamm_auto_vorfahrt-1.png\"><img loading=\"lazy\" decoding=\"async\" src=\"https:\/\/www.andreas-edler.de\/blog\/wp-content\/uploads\/2020\/02\/20200226_werredamm_auto_vorfahrt-1-470x263.png\" alt=\"\" width=\"470\" height=\"263\" class=\"size-large wp-image-166223\" srcset=\"https:\/\/www.andreas-edler.de\/blog\/wp-content\/uploads\/2020\/02\/20200226_werredamm_auto_vorfahrt-1-470x263.png 470w, https:\/\/www.andreas-edler.de\/blog\/wp-content\/uploads\/2020\/02\/20200226_werredamm_auto_vorfahrt-1-250x140.png 250w, https:\/\/www.andreas-edler.de\/blog\/wp-content\/uploads\/2020\/02\/20200226_werredamm_auto_vorfahrt-1-768x430.png 768w, https:\/\/www.andreas-edler.de\/blog\/wp-content\/uploads\/2020\/02\/20200226_werredamm_auto_vorfahrt-1-100x56.png 100w, https:\/\/www.andreas-edler.de\/blog\/wp-content\/uploads\/2020\/02\/20200226_werredamm_auto_vorfahrt-1-150x84.png 150w, https:\/\/www.andreas-edler.de\/blog\/wp-content\/uploads\/2020\/02\/20200226_werredamm_auto_vorfahrt-1-200x112.png 200w, https:\/\/www.andreas-edler.de\/blog\/wp-content\/uploads\/2020\/02\/20200226_werredamm_auto_vorfahrt-1-300x168.png 300w, https:\/\/www.andreas-edler.de\/blog\/wp-content\/uploads\/2020\/02\/20200226_werredamm_auto_vorfahrt-1-450x252.png 450w, https:\/\/www.andreas-edler.de\/blog\/wp-content\/uploads\/2020\/02\/20200226_werredamm_auto_vorfahrt-1-600x336.png 600w, https:\/\/www.andreas-edler.de\/blog\/wp-content\/uploads\/2020\/02\/20200226_werredamm_auto_vorfahrt-1-900x504.png 900w, https:\/\/www.andreas-edler.de\/blog\/wp-content\/uploads\/2020\/02\/20200226_werredamm_auto_vorfahrt-1.png 982w\" sizes=\"auto, (max-width: 470px) 100vw, 470px\" \/><\/a><figcaption id=\"caption-attachment-166223\" class=\"wp-caption-text\">Vorfahr genomen am Werredamm<\/figcaption><\/figure> Vielfach ist es sicher auch Gedankenlosigkeit, wenn die Vorfaahrt genommen wird, indem man quer auf dem benutzungspflichtigen Radweg steht. Das genervte Gesicht, wenn dann r\u00fcckw\u00e4rts rangiert wird, spricht B\u00e4nde \u00fcber den Stellenwert den andere Menschen dem Radverkehr zumessen.<br \/>\n<figure id=\"attachment_166219\" aria-describedby=\"caption-attachment-166219\" style=\"width: 470px\" class=\"wp-caption aligncenter\"><a href=\"https:\/\/www.andreas-edler.de\/blog\/wp-content\/uploads\/2020\/02\/20200220_auto_rot_bloebaum-kreuzung.png\"><img loading=\"lazy\" decoding=\"async\" src=\"https:\/\/www.andreas-edler.de\/blog\/wp-content\/uploads\/2020\/02\/20200220_auto_rot_bloebaum-kreuzung-470x265.png\" alt=\"\" width=\"470\" height=\"265\" class=\"size-large wp-image-166219\" srcset=\"https:\/\/www.andreas-edler.de\/blog\/wp-content\/uploads\/2020\/02\/20200220_auto_rot_bloebaum-kreuzung-470x265.png 470w, https:\/\/www.andreas-edler.de\/blog\/wp-content\/uploads\/2020\/02\/20200220_auto_rot_bloebaum-kreuzung-250x141.png 250w, https:\/\/www.andreas-edler.de\/blog\/wp-content\/uploads\/2020\/02\/20200220_auto_rot_bloebaum-kreuzung-768x433.png 768w, https:\/\/www.andreas-edler.de\/blog\/wp-content\/uploads\/2020\/02\/20200220_auto_rot_bloebaum-kreuzung-100x56.png 100w, https:\/\/www.andreas-edler.de\/blog\/wp-content\/uploads\/2020\/02\/20200220_auto_rot_bloebaum-kreuzung-150x84.png 150w, https:\/\/www.andreas-edler.de\/blog\/wp-content\/uploads\/2020\/02\/20200220_auto_rot_bloebaum-kreuzung-200x113.png 200w, https:\/\/www.andreas-edler.de\/blog\/wp-content\/uploads\/2020\/02\/20200220_auto_rot_bloebaum-kreuzung-300x169.png 300w, https:\/\/www.andreas-edler.de\/blog\/wp-content\/uploads\/2020\/02\/20200220_auto_rot_bloebaum-kreuzung-450x253.png 450w, https:\/\/www.andreas-edler.de\/blog\/wp-content\/uploads\/2020\/02\/20200220_auto_rot_bloebaum-kreuzung-600x338.png 600w, https:\/\/www.andreas-edler.de\/blog\/wp-content\/uploads\/2020\/02\/20200220_auto_rot_bloebaum-kreuzung-900x507.png 900w, https:\/\/www.andreas-edler.de\/blog\/wp-content\/uploads\/2020\/02\/20200220_auto_rot_bloebaum-kreuzung.png 1140w\" sizes=\"auto, (max-width: 470px) 100vw, 470px\" \/><\/a><figcaption id=\"caption-attachment-166219\" class=\"wp-caption-text\">Auto bei rot \u00fcber die Bl\u00f6baum-Kreuzung<\/figcaption><\/figure> Und nat\u00fcrlich ist dann immer der <a href=\"https:\/\/twitter.com\/search?q=scheissradfahrer\" rel=\"noopener noreferrer\" target=\"_blank\">#Scheissradfahrer<\/a> Schuld. Die fahren alle in Tarnklamotten, ohne Licht bei rot \u00fcber Ampeln. Autofahrende machen sowas nie.<br \/>\n<figure id=\"attachment_166220\" aria-describedby=\"caption-attachment-166220\" style=\"width: 470px\" class=\"wp-caption aligncenter\"><a href=\"https:\/\/www.andreas-edler.de\/blog\/wp-content\/uploads\/2020\/02\/20200217_aut_rot_mindener_strasse_00.png\"><img loading=\"lazy\" decoding=\"async\" src=\"https:\/\/www.andreas-edler.de\/blog\/wp-content\/uploads\/2020\/02\/20200217_aut_rot_mindener_strasse_00-470x261.png\" alt=\"\" width=\"470\" height=\"261\" class=\"size-large wp-image-166220\" srcset=\"https:\/\/www.andreas-edler.de\/blog\/wp-content\/uploads\/2020\/02\/20200217_aut_rot_mindener_strasse_00-470x261.png 470w, https:\/\/www.andreas-edler.de\/blog\/wp-content\/uploads\/2020\/02\/20200217_aut_rot_mindener_strasse_00-250x139.png 250w, https:\/\/www.andreas-edler.de\/blog\/wp-content\/uploads\/2020\/02\/20200217_aut_rot_mindener_strasse_00-768x426.png 768w, https:\/\/www.andreas-edler.de\/blog\/wp-content\/uploads\/2020\/02\/20200217_aut_rot_mindener_strasse_00-100x56.png 100w, https:\/\/www.andreas-edler.de\/blog\/wp-content\/uploads\/2020\/02\/20200217_aut_rot_mindener_strasse_00-150x83.png 150w, https:\/\/www.andreas-edler.de\/blog\/wp-content\/uploads\/2020\/02\/20200217_aut_rot_mindener_strasse_00-200x111.png 200w, https:\/\/www.andreas-edler.de\/blog\/wp-content\/uploads\/2020\/02\/20200217_aut_rot_mindener_strasse_00-300x167.png 300w, https:\/\/www.andreas-edler.de\/blog\/wp-content\/uploads\/2020\/02\/20200217_aut_rot_mindener_strasse_00-450x250.png 450w, https:\/\/www.andreas-edler.de\/blog\/wp-content\/uploads\/2020\/02\/20200217_aut_rot_mindener_strasse_00-600x333.png 600w, https:\/\/www.andreas-edler.de\/blog\/wp-content\/uploads\/2020\/02\/20200217_aut_rot_mindener_strasse_00-900x500.png 900w, https:\/\/www.andreas-edler.de\/blog\/wp-content\/uploads\/2020\/02\/20200217_aut_rot_mindener_strasse_00.png 1140w\" sizes=\"auto, (max-width: 470px) 100vw, 470px\" \/><\/a><figcaption id=\"caption-attachment-166220\" class=\"wp-caption-text\">Querung der Mindener Stra\u00dfe &#8211; Auto bei rot<\/figcaption><\/figure> Der Unterschied zwischen solchen Radafahrenden &#8211; die es zweifelsohne gibt &#8211; und Menschen hinter dem Steuer eines KFZ ist das Gef\u00e4hrdungspotential. Mit dem Rad gef\u00e4hrde ich in erster Linie mich, im Auto t\u00f6te ich andere.<br \/>\n<figure id=\"attachment_166221\" aria-describedby=\"caption-attachment-166221\" style=\"width: 470px\" class=\"wp-caption aligncenter\"><a href=\"https:\/\/www.andreas-edler.de\/blog\/wp-content\/uploads\/2020\/02\/20200217_aut_rot_mindener_strasse.png\"><img loading=\"lazy\" decoding=\"async\" src=\"https:\/\/www.andreas-edler.de\/blog\/wp-content\/uploads\/2020\/02\/20200217_aut_rot_mindener_strasse-470x264.png\" alt=\"\" width=\"470\" height=\"264\" class=\"size-large wp-image-166221\" srcset=\"https:\/\/www.andreas-edler.de\/blog\/wp-content\/uploads\/2020\/02\/20200217_aut_rot_mindener_strasse-470x264.png 470w, https:\/\/www.andreas-edler.de\/blog\/wp-content\/uploads\/2020\/02\/20200217_aut_rot_mindener_strasse-250x140.png 250w, https:\/\/www.andreas-edler.de\/blog\/wp-content\/uploads\/2020\/02\/20200217_aut_rot_mindener_strasse-768x431.png 768w, https:\/\/www.andreas-edler.de\/blog\/wp-content\/uploads\/2020\/02\/20200217_aut_rot_mindener_strasse-100x56.png 100w, https:\/\/www.andreas-edler.de\/blog\/wp-content\/uploads\/2020\/02\/20200217_aut_rot_mindener_strasse-150x84.png 150w, https:\/\/www.andreas-edler.de\/blog\/wp-content\/uploads\/2020\/02\/20200217_aut_rot_mindener_strasse-200x112.png 200w, https:\/\/www.andreas-edler.de\/blog\/wp-content\/uploads\/2020\/02\/20200217_aut_rot_mindener_strasse-300x168.png 300w, https:\/\/www.andreas-edler.de\/blog\/wp-content\/uploads\/2020\/02\/20200217_aut_rot_mindener_strasse-450x253.png 450w, https:\/\/www.andreas-edler.de\/blog\/wp-content\/uploads\/2020\/02\/20200217_aut_rot_mindener_strasse-600x337.png 600w, https:\/\/www.andreas-edler.de\/blog\/wp-content\/uploads\/2020\/02\/20200217_aut_rot_mindener_strasse-900x505.png 900w, https:\/\/www.andreas-edler.de\/blog\/wp-content\/uploads\/2020\/02\/20200217_aut_rot_mindener_strasse.png 1140w\" sizes=\"auto, (max-width: 470px) 100vw, 470px\" \/><\/a><figcaption id=\"caption-attachment-166221\" class=\"wp-caption-text\">&#8230; und hinterher kommt sogar noch jemand!<\/figcaption><\/figure> Das ist f\u00fcr Autofahrende alles v\u00f6llig normal. Zu schnell unterwegs &#8211; mit 40 in der 30-Zone ist man hinter dem Steuer bereits ein Heiliger! &#8211; und Ampeln sind Empfehlungen. Aber wehe ein Radfahrender f\u00e4hrt bei gr\u00fcn \u00fcber die erste H\u00e4lfte der Mindener und h\u00e4lt dann nicht in der Mitte an, wenn die Ampel w\u00e4hrenddessen auf rot springt &#8230; das gibt ein Hupkonzert!<br \/>\n<figure id=\"attachment_166225\" aria-describedby=\"caption-attachment-166225\" style=\"width: 470px\" class=\"wp-caption aligncenter\"><a href=\"https:\/\/www.andreas-edler.de\/blog\/wp-content\/uploads\/2020\/02\/20200224_bus_dicht_radweg_steinstrasse.png\"><img loading=\"lazy\" decoding=\"async\" src=\"https:\/\/www.andreas-edler.de\/blog\/wp-content\/uploads\/2020\/02\/20200224_bus_dicht_radweg_steinstrasse-470x263.png\" alt=\"\" width=\"470\" height=\"263\" class=\"size-large wp-image-166225\" srcset=\"https:\/\/www.andreas-edler.de\/blog\/wp-content\/uploads\/2020\/02\/20200224_bus_dicht_radweg_steinstrasse-470x263.png 470w, https:\/\/www.andreas-edler.de\/blog\/wp-content\/uploads\/2020\/02\/20200224_bus_dicht_radweg_steinstrasse-250x140.png 250w, https:\/\/www.andreas-edler.de\/blog\/wp-content\/uploads\/2020\/02\/20200224_bus_dicht_radweg_steinstrasse-768x430.png 768w, https:\/\/www.andreas-edler.de\/blog\/wp-content\/uploads\/2020\/02\/20200224_bus_dicht_radweg_steinstrasse-100x56.png 100w, https:\/\/www.andreas-edler.de\/blog\/wp-content\/uploads\/2020\/02\/20200224_bus_dicht_radweg_steinstrasse-150x84.png 150w, https:\/\/www.andreas-edler.de\/blog\/wp-content\/uploads\/2020\/02\/20200224_bus_dicht_radweg_steinstrasse-200x112.png 200w, https:\/\/www.andreas-edler.de\/blog\/wp-content\/uploads\/2020\/02\/20200224_bus_dicht_radweg_steinstrasse-300x168.png 300w, https:\/\/www.andreas-edler.de\/blog\/wp-content\/uploads\/2020\/02\/20200224_bus_dicht_radweg_steinstrasse-450x252.png 450w, https:\/\/www.andreas-edler.de\/blog\/wp-content\/uploads\/2020\/02\/20200224_bus_dicht_radweg_steinstrasse-600x336.png 600w, https:\/\/www.andreas-edler.de\/blog\/wp-content\/uploads\/2020\/02\/20200224_bus_dicht_radweg_steinstrasse.png 827w\" sizes=\"auto, (max-width: 470px) 100vw, 470px\" \/><\/a><figcaption id=\"caption-attachment-166225\" class=\"wp-caption-text\">Abstand beim Befahren von Hochbordradwegen<\/figcaption><\/figure> Wie man sich als Radfahrender auch auf der vermeintlich sicheren Infrastruktur f\u00fchlt, kann man an diesem Bild sch\u00f6n sehen. Das ist genauso knapp, wie es aussieht. Andere sehen das \u00fcbrigens genauso. Einfach mal mrorgens an der Stell schauen, wo die mit dem Rad zur Schule fahrenden Sch\u00fcler unterwegs sind. Alle ganz rechts auf dem Gehwegteil. Missmut vorprammiert und von den Verwaltungen so gewollt. Wirkliche L\u00f6sungen sind seit Jahrzehnten nicht in Sicht &#8211; weil es im Rat und der Verwaltung auch die Allerwenigsten interessiert. Wir machen lieber das mit den Westen.<\/p>\n","protected":false},"excerpt":{"rendered":"<p>Ich bin mir nat\u00fcrllich nicht sicher, ob das immer mit Absicht gemacht wird, aber es ist mir nun schon des\u00f6fteren passiert, dass Autofahrende beim \u00dcberholen und Vorbeifahren die Wisch-Wasch-Anlage f\u00fcr die Scheiben bzw. Scheinwerfer benutzt haben. In einigen F\u00e4llen ist &hellip;<\/p>\n<p class=\"read-more\"> <a class=\"more-link\" href=\"https:\/\/www.andreas-edler.de\/blog\/2020\/02\/wisch-wasch-wasser-zum-reinigen-von-radfahrern\/\"> <span class=\"screen-reader-text\">Wisch-Wasch-Wasser zum Reinigen von Radfahrern<\/span> Weiterlesen &raquo;<\/a><\/p>\n","protected":false},"author":1,"featured_media":0,"comment_status":"open","ping_status":"open","sticky":false,"template":"","format":"standard","meta":{"ngg_post_thumbnail":0,"activitypub_content_warning":"","activitypub_content_visibility":"","activitypub_max_image_attachments":2,"activitypub_interaction_policy_quote":"anyone","activitypub_status":"","footnotes":""},"categories":[14,15,13],"tags":[463,237,37,63,262,110,251,168,412,270,158,341,260,72],"class_list":["post-166216","post","type-post","status-publish","format-standard","hentry","category-bad-oeynhausen","category-fahrrad","category-verkehr","tag-am-werredamm","tag-ausschuss-fuer-stadtentwicklung","tag-auto","tag-benehmen","tag-eidinghausener-strasse","tag-fahrradfreundliche-stadt","tag-infrastruktur","tag-klimafreundliche-mobilitaet","tag-mdrza","tag-mindener-strasse","tag-mit-dem-rad-zur-arbeit","tag-steinstrasse","tag-stvo","tag-verwaltung"],"share_on_mastodon":{"url":"","error":""},"_links":{"self":[{"href":"https:\/\/www.andreas-edler.de\/blog\/wp-json\/wp\/v2\/posts\/166216","targetHints":{"allow":["GET"]}}],"collection":[{"href":"https:\/\/www.andreas-edler.de\/blog\/wp-json\/wp\/v2\/posts"}],"about":[{"href":"https:\/\/www.andreas-edler.de\/blog\/wp-json\/wp\/v2\/types\/post"}],"author":[{"embeddable":true,"href":"https:\/\/www.andreas-edler.de\/blog\/wp-json\/wp\/v2\/users\/1"}],"replies":[{"embeddable":true,"href":"https:\/\/www.andreas-edler.de\/blog\/wp-json\/wp\/v2\/comments?post=166216"}],"version-history":[{"count":0,"href":"https:\/\/www.andreas-edler.de\/blog\/wp-json\/wp\/v2\/posts\/166216\/revisions"}],"wp:attachment":[{"href":"https:\/\/www.andreas-edler.de\/blog\/wp-json\/wp\/v2\/media?parent=166216"}],"wp:term":[{"taxonomy":"category","embeddable":true,"href":"https:\/\/www.andreas-edler.de\/blog\/wp-json\/wp\/v2\/categories?post=166216"},{"taxonomy":"post_tag","embeddable":true,"href":"https:\/\/www.andreas-edler.de\/blog\/wp-json\/wp\/v2\/tags?post=166216"}],"curies":[{"name":"wp","href":"https:\/\/api.w.org\/{rel}","templated":true}]}}