{"id":166078,"date":"2019-12-31T13:19:16","date_gmt":"2019-12-31T12:19:16","guid":{"rendered":"https:\/\/www.andreas-edler.de\/blog\/?p=166078"},"modified":"2019-12-31T13:24:48","modified_gmt":"2019-12-31T12:24:48","slug":"aber-die-radfahrer","status":"publish","type":"post","link":"https:\/\/www.andreas-edler.de\/blog\/2019\/12\/aber-die-radfahrer\/","title":{"rendered":"Aber die Radfahrer &#8230;"},"content":{"rendered":"<p>Seit Anfang Oktober habe ich mehr oder weniger regelm\u00e4\u00dfig eine Kamera am Fahrradlenker und filme den Weg zum B\u00fcro und wieder nach Hause. Nahezu t\u00e4glich sehe ich dabei KFZ-F\u00fchrende, die orange komplett ignorieren und viel zu oft eben auch noch bei rot r\u00fcber fahren. Einige Videos dazu habe ich ja auch hier online gestellt. Neulich hatte ich beim Fr\u00fchst\u00fcck dar\u00fcber wieder eine Diskussion die mit &#8222;Aber die Radfahrer &#8230;&#8220; v\u00f6llig standesgem\u00e4\u00df abdriftete. Und weil ich auch Radfahrende anspreche, wenn sie Bockmist machen, hier der einzige Radfahrer, den ich seit Anfang Oktober filmen konnte, wie er eine rote Ampel ignoriert!<\/p>\n<p><iframe loading=\"lazy\" width=\"560\" height=\"315\" src=\"https:\/\/www.youtube-nocookie.com\/embed\/u-9mRQkByQ4\" frameborder=\"0\" allow=\"accelerometer; autoplay; encrypted-media; gyroscope; picture-in-picture\" allowfullscreen><\/iframe> <!--more--><\/p>\n<p>Ja, es gibt solche Menschen und ich finde das richtig Schei\u00dfe. Es kommt &#8211; zumindest hier bei uns in der Pampa &#8211; allerdings so gut wie gar nicht vor. Wenn man dann mit &#8222;Aber die Radfahrer &#8230;&#8220; ankommt, disqualifiziert man sich f\u00fcr mich von vornherein f\u00fcr eine ernsthafte Diskussion. Weil eben &#8222;die Radfahrer&#8220; in der \u00fcberw\u00e4ltigen Mehrheit <b>nicht<\/b> f\u00fcr Unf\u00e4lle verantwortlich sind, bei denen sie schwer verletzt oder get\u00f6tet werden. Und diese gut drei Viertel aller Unfallverursacher kommen mir dann mit &#8222;Aber die Radfahrer &#8230;&#8220; &#8211; Ja, die halten sich auch mal nicht an Regeln. Allerdings ist das deutlich weniger gef\u00e4hrlich, als wenn man es mit 1.500 Kg Stahl um sich herum tut. Und letzteres ist gesellschaftlich sogar noch akzeptiert. Ist doch nichts passiert!<\/p>\n<p>Und wenn ich \u00fcber diese gesellschaftliche Akzeptanz von KFZ-Fehlverhalten rede, meine pers\u00f6nliche Gef\u00e4hrdung an konkreten Beispielen erl\u00e4utere und L\u00f6sungen diskutieren m\u00f6chte, dann ist &#8222;Aber die Radfahrer &#8230;&#8220; nur eins: dumm.<\/p>\n","protected":false},"excerpt":{"rendered":"<p>Seit Anfang Oktober habe ich mehr oder weniger regelm\u00e4\u00dfig eine Kamera am Fahrradlenker und filme den Weg zum B\u00fcro und wieder nach Hause. Nahezu t\u00e4glich sehe ich dabei KFZ-F\u00fchrende, die orange komplett ignorieren und viel zu oft eben auch noch &hellip;<\/p>\n<p class=\"read-more\"> <a class=\"more-link\" href=\"https:\/\/www.andreas-edler.de\/blog\/2019\/12\/aber-die-radfahrer\/\"> <span class=\"screen-reader-text\">Aber die Radfahrer &#8230;<\/span> Weiterlesen &raquo;<\/a><\/p>\n","protected":false},"author":1,"featured_media":0,"comment_status":"open","ping_status":"open","sticky":false,"template":"","format":"standard","meta":{"ngg_post_thumbnail":0,"activitypub_content_warning":"","activitypub_content_visibility":"","activitypub_max_image_attachments":2,"activitypub_interaction_policy_quote":"anyone","activitypub_status":"","footnotes":""},"categories":[15,13],"tags":[37,63,71,439,260,199],"class_list":["post-166078","post","type-post","status-publish","format-standard","hentry","category-fahrrad","category-verkehr","tag-auto","tag-benehmen","tag-regeln","tag-rotlicht","tag-stvo","tag-unfall"],"share_on_mastodon":{"url":"","error":""},"_links":{"self":[{"href":"https:\/\/www.andreas-edler.de\/blog\/wp-json\/wp\/v2\/posts\/166078","targetHints":{"allow":["GET"]}}],"collection":[{"href":"https:\/\/www.andreas-edler.de\/blog\/wp-json\/wp\/v2\/posts"}],"about":[{"href":"https:\/\/www.andreas-edler.de\/blog\/wp-json\/wp\/v2\/types\/post"}],"author":[{"embeddable":true,"href":"https:\/\/www.andreas-edler.de\/blog\/wp-json\/wp\/v2\/users\/1"}],"replies":[{"embeddable":true,"href":"https:\/\/www.andreas-edler.de\/blog\/wp-json\/wp\/v2\/comments?post=166078"}],"version-history":[{"count":0,"href":"https:\/\/www.andreas-edler.de\/blog\/wp-json\/wp\/v2\/posts\/166078\/revisions"}],"wp:attachment":[{"href":"https:\/\/www.andreas-edler.de\/blog\/wp-json\/wp\/v2\/media?parent=166078"}],"wp:term":[{"taxonomy":"category","embeddable":true,"href":"https:\/\/www.andreas-edler.de\/blog\/wp-json\/wp\/v2\/categories?post=166078"},{"taxonomy":"post_tag","embeddable":true,"href":"https:\/\/www.andreas-edler.de\/blog\/wp-json\/wp\/v2\/tags?post=166078"}],"curies":[{"name":"wp","href":"https:\/\/api.w.org\/{rel}","templated":true}]}}