{"id":166069,"date":"2019-12-28T11:19:41","date_gmt":"2019-12-28T10:19:41","guid":{"rendered":"https:\/\/www.andreas-edler.de\/blog\/?p=166069"},"modified":"2019-12-28T11:19:41","modified_gmt":"2019-12-28T10:19:41","slug":"autofahrer-missachtet-vorfahrt-und-verletzt-e-bikefahrerin","status":"publish","type":"post","link":"https:\/\/www.andreas-edler.de\/blog\/2019\/12\/autofahrer-missachtet-vorfahrt-und-verletzt-e-bikefahrerin\/","title":{"rendered":"Autofahrer missachtet Vorfahrt und verletzt E-Bikefahrerin"},"content":{"rendered":"<p>So k\u00f6nnte man das schreiben, macht die Polizei allerdings nicht &#8211; obwohl es nunmal eindeutig so ist.<br \/>\n<cite>Polizei Minden-L\u00fcbbecke: <b><a href=\"https:\/\/www.presseportal.de\/blaulicht\/pm\/43553\/4478398\">Eine Schwerverletzte nach Unfall<\/a><\/b><br \/>\n&#8230; Dessen Fahrer (52) aus Vlotho hatte ersten Erkenntnissen zufolge die Detmolder Stra\u00dfe aus Richtung der Valdorfer Stra\u00dfe kommend befahren und wollte an der Kreuzung der Loher Stra\u00dfe \/ Kappenberger Stra\u00dfe nach links in die Loher Stra\u00dfe abbiegen. Dabei kam es im Kreuzungsbereich zum Zusammensto\u00df mit der E-Bike-Fahrerin, die auf der Detmolder Stra\u00dfe in entgegengesetzer Richtung unterwegs gewesen war. Hierbei st\u00fcrzte die Frau zu Boden und verletzte sich schwer. Rettungskr\u00e4fte brachten sie ins Krankenhaus Bad Oeynhausen. <\/cite> <!--more--><br \/>\nDie Frau fuhr mit ihrem Fahrzeug geradeaus und der PKW-Fahrer wollte links abbiegen. Die Polizei schreibt nichts davon, dass der PKW-Fahrer in der Situation wartepflichtig ist. Nein, es kam unvermeidlich zur Kollision. Kein Wort davon, dass Autofahrende vielleicht mal die Augen \u00f6ffnen sollten, dass sie auf den Verkehr achten &#8211; auch abseits von zweispurigen Fahrzeugen.<\/p>\n<p>Und nat\u00fcrlich verletzte sich die Frau  auch wieder einmal selbst. Auch hier: nein, sie wurde verletzt &#8211; und zwar durch den PKW-Fahrer. Auch in dieser Meldung &#8222;<a href=\"https:\/\/www.presseportal.de\/blaulicht\/pm\/43553\/4476486\" rel=\"noopener noreferrer\" target=\"_blank\">14-j\u00e4hriger Radfahrer bei Unfall leicht verletzt<\/a>&#8220; wurde einem 14j\u00e4hrigen Radfahrer augenscheinlich die Vorfahrt genommen. Kein Wort der Polizei dazu. Und hat man in einem Kreisel nicht Vorfahrt? &#8222;<a href=\"https:\/\/www.presseportal.de\/blaulicht\/pm\/43553\/4473088\" rel=\"noopener noreferrer\" target=\"_blank\">PKW erfasst E-Bike-Fahrer<\/a>&#8220; Die Frau hat den E-Bikefahrer bei der Einfahrt in den Kreisel gerammt. Kann man ruhig so schreiben, denn es spiegelt die Realit\u00e4t wieder. <\/p>\n<p>Bisher habe ich allerdings noch kein &#8222;\u00dcbersehen&#8220; beim Durchschauen der Polizeimeldungen der letzten Tage gelesen. Wohl aber frage ich mich, wie man auf der total \u00fcbersichtlichen Veltheimer Stra\u00dfe im hellen Scheinwerferlicht einen Fu\u00dfg\u00e4nger von hinten rammen kann? &#8222;<a href=\"https:\/\/www.presseportal.de\/blaulicht\/pm\/43553\/4469147\" rel=\"noopener noreferrer\" target=\"_blank\">Fu\u00dfg\u00e4nger lebensgef\u00e4hrlich verletzt<\/a>&#8220; Hier ist es der Polizei \u00fcbrigens problemlos m\u00f6glich zu erz\u00e4hlen, dass die Fu\u00dfg\u00e4nger auf der falschen Stra\u00dfenseite unterwegs waren. Warum geht das bei Fu\u00dfg\u00e4ngern, aber nicht bei Autofahrenden? Noch dazu \u00a725 StVO sogar noch sagt, man muss au\u00dferorts als Fu\u00dfg\u00e4nger die linke Seite benutzen, &#8222;wenn das zumutbar ist&#8220; &#8230; an der Stelle beginnt ein paar Meter weiter der Gehweg auf der rechten Seite. Nunja, liebe Polizei.<\/p>\n<p><cite><b><a href=\"https:\/\/www.presseportal.de\/blaulicht\/pm\/43553\/4466471\">Unfallflucht auf der Eidinghausener Stra\u00dfe<\/a><\/b><br \/>\n&#8230; Kurz vor der Einm\u00fcndung zum Prinzenwinkel kam ihr ein PKW entgegen und bog nach links in den Prinzenwinkel ein. Um den Zusammensto\u00df zu vermeiden bremste die Radlerin ab, kam dabei zu Sturz und rutschte in Richtung des PKWs, welcher offenbar bis zum Stillstand abgebremst hatte &#8230;<\/cite><br \/>\nAuch hier wird nicht erw\u00e4hnt, dass der PKW-F\u00fchrer die Vorfahrt genommen hat. An der Stelle \u00fcbrigens t\u00e4gliches Erleben. Der benutzungspflichtige Radweg ist wirklich gemeingef\u00e4hrlich und die Verwaltung tut seit Jahrzehnten nichts, um die Situation zu verbessern. Im Gegenteil, der Weg wird immer gef\u00e4hrlicher. Wenigstens die Fahrerflucht wird von der Polizei benannt.<\/p>\n<p><cite><b><a href=\"https:\/\/www.presseportal.de\/blaulicht\/pm\/43553\/4456989\">Fahrradfahrerin kommt nach Kollision zu Sturz<\/a><\/b><br \/>\nGegen 11.40 Uhr befuhr ein Bielefelder (24) mit einem Mercedes Sprinter die K\u00f6nigstra\u00dfe aus Richtung des ZOBs kommend und \u00fcberquerte dabei den Kreuzungsbereich der Steinstra\u00dfe. Als der Mann kurz darauf abbremste und um auf ein Grundst\u00fcck zu fahren mit dem Fahrzeug zur\u00fccksetzte, kam es zum Zusammensto\u00df mit der 27-j\u00e4hrigen Radlerin, die nach ersten Erkenntnissen in selber Fahrtrichtung auf dem Radweg unterwegs gewesen war. Dadurch st\u00fcrzte die Frau aus Bad Oeynhausen zu Boden &#8230;<\/cite><br \/>\nAn der Stelle ist gar kein Radweg, aber ein f\u00fcr Fahrr\u00e4der freigegebener Gehweg. Und der wird regelm\u00e4\u00dfig von Kunden oder Anlieferern des dort ans\u00e4ssigen Autohandels als Parkplatz oder Rangierfl\u00e4che genutzt. Da bleibt dann kein Platz mehr. Da die Einfahrt quasi direkt in der Einm\u00fcndung liegt, kann man es auch schlecht einsehen, wenn man von der Steinstra\u00dfe kommend in die K\u00f6nigstra\u00dfe f\u00e4hrt. Auch das interessiert offensichtlich niemanden und ich habe die Polizei schon oft an dort gef\u00e4hrlich parkenden KFZ vorbei fahren sehen. <\/p>\n<p>In den ganzen Meldungen der letzten vier Wochen gab es genau zwei, in denen sich Fu\u00dfg\u00e4nger &#8222;falsch&#8220; verhalten haben. Einmal die oben erw\u00e4hnten jungen M\u00e4nner und eine Frau die &#8222;<a href=\"https:\/\/www.presseportal.de\/blaulicht\/pm\/43553\/4462824\" rel=\"noopener noreferrer\" target=\"_blank\">unvermittelt und dunkel gekleidet<\/a>&#8220; auf die Fahrbahn getreten ist. Sobald die Polizei nur den Hauch eines Fehlverhaltens bei Fu\u00dfg\u00e4ngern oder Fahrradfahrenden erahnt, dann wird das erw\u00e4hnt. Grobe Regelverst\u00f6\u00dfe von Autofahrenden werden nur dann genannt, falls die beiden Beteiligten beides Autofahrende sind. Das ist nicht ausgedacht oder Paranoia, das sind schlicht die Meldungen der letzten vier Wochen. Gerne nachlesen. Leider befeuert das die Arglosigkeit, mit welcher Autofahrende unterwegs sind und die Selbstverst\u00e4ndlichkeit, mit welcher Fu\u00dfg\u00e4nger und Radfahrer gef\u00e4hrdet werden.<\/p>\n<p>\u00c4ndert das, liebe Polizei. Nein, Wahnwesten und Helme sind kein Hilfsmittel daf\u00fcr. <\/p>\n","protected":false},"excerpt":{"rendered":"<p>So k\u00f6nnte man das schreiben, macht die Polizei allerdings nicht &#8211; obwohl es nunmal eindeutig so ist. Polizei Minden-L\u00fcbbecke: Eine Schwerverletzte nach Unfall &#8230; Dessen Fahrer (52) aus Vlotho hatte ersten Erkenntnissen zufolge die Detmolder Stra\u00dfe aus Richtung der Valdorfer &hellip;<\/p>\n<p class=\"read-more\"> <a class=\"more-link\" href=\"https:\/\/www.andreas-edler.de\/blog\/2019\/12\/autofahrer-missachtet-vorfahrt-und-verletzt-e-bikefahrerin\/\"> <span class=\"screen-reader-text\">Autofahrer missachtet Vorfahrt und verletzt E-Bikefahrerin<\/span> Weiterlesen &raquo;<\/a><\/p>\n","protected":false},"author":1,"featured_media":0,"comment_status":"open","ping_status":"open","sticky":false,"template":"","format":"standard","meta":{"ngg_post_thumbnail":0,"activitypub_content_warning":"","activitypub_content_visibility":"","activitypub_max_image_attachments":2,"activitypub_interaction_policy_quote":"anyone","activitypub_status":"","footnotes":""},"categories":[14,15,13],"tags":[37,63,262,34,460,127,59,71,414,341,260,72],"class_list":["post-166069","post","type-post","status-publish","format-standard","hentry","category-bad-oeynhausen","category-fahrrad","category-verkehr","tag-auto","tag-benehmen","tag-eidinghausener-strasse","tag-kommunikation","tag-koenigstrasse","tag-polizei","tag-presse","tag-regeln","tag-runter-vom-radweg","tag-steinstrasse","tag-stvo","tag-verwaltung"],"share_on_mastodon":{"url":"","error":""},"_links":{"self":[{"href":"https:\/\/www.andreas-edler.de\/blog\/wp-json\/wp\/v2\/posts\/166069","targetHints":{"allow":["GET"]}}],"collection":[{"href":"https:\/\/www.andreas-edler.de\/blog\/wp-json\/wp\/v2\/posts"}],"about":[{"href":"https:\/\/www.andreas-edler.de\/blog\/wp-json\/wp\/v2\/types\/post"}],"author":[{"embeddable":true,"href":"https:\/\/www.andreas-edler.de\/blog\/wp-json\/wp\/v2\/users\/1"}],"replies":[{"embeddable":true,"href":"https:\/\/www.andreas-edler.de\/blog\/wp-json\/wp\/v2\/comments?post=166069"}],"version-history":[{"count":0,"href":"https:\/\/www.andreas-edler.de\/blog\/wp-json\/wp\/v2\/posts\/166069\/revisions"}],"wp:attachment":[{"href":"https:\/\/www.andreas-edler.de\/blog\/wp-json\/wp\/v2\/media?parent=166069"}],"wp:term":[{"taxonomy":"category","embeddable":true,"href":"https:\/\/www.andreas-edler.de\/blog\/wp-json\/wp\/v2\/categories?post=166069"},{"taxonomy":"post_tag","embeddable":true,"href":"https:\/\/www.andreas-edler.de\/blog\/wp-json\/wp\/v2\/tags?post=166069"}],"curies":[{"name":"wp","href":"https:\/\/api.w.org\/{rel}","templated":true}]}}